{"id":95036,"date":"2020-04-09T10:53:02","date_gmt":"2020-04-09T08:53:02","guid":{"rendered":"https:\/\/www.omsag.de\/?p=95036"},"modified":"2020-04-09T11:46:53","modified_gmt":"2020-04-09T09:46:53","slug":"corona-krise-die-chancen-der-digitalisierung-nutzen","status":"publish","type":"post","link":"https:\/\/www.omsag.de\/proxy\/online-marketing-blog\/digitalisierung\/corona-krise-die-chancen-der-digitalisierung-nutzen\/","title":{"rendered":"Corona-Krise: Die Chancen der Digitalisierung nutzen"},"content":{"rendered":"<p>In bisher ungekanntem Ma\u00dfe erleben wir zurzeit, wie das \u00f6ffentliche Leben auf der ganzen Welt reduziert wird sowie physische Kontakte im privaten und beruflichen Leben massiv eingeschr\u00e4nkt werden. Gleichzeitig bietet die stark zunehmende <strong>digitale Aktivit\u00e4t der Menschen jetzt auch Chancen f\u00fcr Unternehmen, neue digitale Vertriebswege zu erschlie\u00dfen oder bestehende auszubauen<\/strong> \u2013 bei gleichzeitig hoher Akzeptanz der Verbraucher. In dieser Situation die eigene Digitalisierung voranzutreiben, kann nicht nur helfen die Corona-Krise wirtschaftlich besser zu \u00fcberstehen, sondern auch <strong>zuk\u00fcnftig flexibler und smarter<\/strong> aufgestellt zu sein.<\/p>\n<h2>Improvisation ist gefragt: Das Beste aus den Umst\u00e4nden machen<\/h2>\n<p><strong>Flexibilit\u00e4t ist mehr denn je gefordert. Pl\u00f6tzlich m\u00fcssen neue Wege eingeschlagen werden, die vorher f\u00fcr viele noch undenkbar waren<\/strong>. So werden Kundenbestellungen per WhatsApp entgegengenommen werden oder wichtige Meetings per Skype, Zoom oder Microsoft Teams abgehalten. Wichtig ist, dass man nicht nur die internen Ver\u00e4nderungen &#8211; wie die neue Homeoffice-Situation &#8211; im Blick hat, sondern auch in <strong>Bezug auf Kunden digital denkt und mit ihnen in Kontakt bleibt.<\/strong> Zudem lohnt es sich, das eigene Marketing voranzutreiben, indem beispielsweise die Unternehmenswebsite \u00fcberarbeitet wird oder die Social-Media-Kan\u00e4le aktualisiert werden.<\/p>\n<p>Einige Beispiele f\u00fcr digitale L\u00f6sungen, die Unternehmen derzeit helfen ihre Umsatzeinbu\u00dfen zu reduzieren, stellen wir Ihnen nachfolgend vor.<\/p>\n<h3>Verkauf \u00fcber neue virtuelle Marktpl\u00e4tze<\/h3>\n<p>Der virtuelle Marktplatz <a href=\"https:\/\/www.einzelheld.de\/\">\u201eEinzelheld\u201c<\/a> wurde ins Leben gerufen, um Unternehmen einen Lieferservice f\u00fcr die Corona-Krisen Phase aufzubauen. <strong>Regionale Einzelh\u00e4ndler haben nach der Registrierung die M\u00f6glichkeit, ein Onlinegesch\u00e4ft zu betreiben, ohne einen eigenen Onlineshop<\/strong> einrichten zu m\u00fcssen. Der Kunde kann \u00fcber die Plattform seine Produkte bestellen und bezahlen \u2013 und der Gewerbetreibende liefert sie aus.<\/p>\n<p><img decoding=\"async\" class=\"blog-img-full\" src=\"https:\/\/www.omsag.de\/proxy\/wp-content\/uploads\/2020\/04\/screenshot_2020-04-09-lokalen-einzelhandel-untersttzen-einzelheld-de.png\" alt=\"Screenshot Website Einzelheld.de\" \/> Abbildung 1: Screenshot Einzelheld.de<\/p>\n<p>\u00c4hnliche Konzepte sind auch beim #WirVersusVirus-Hackathon der Bundesregierung entstanden. \u00dcber 40.000 Teilnehmende arbeiteten \u00fcber mehrere Tage an digitalen Projekten, um den durch die Corona-Krise entstandenen Herausforderungen entgegenzuwirken. So kamen in kurzer Zeit viele <strong>kreative Projektideen zum Vorschein. <\/strong>Aus einer dieser Ideen wird gerade die Shopping-App \u201eWir von hier\u201c entwickelt. Lokale Einzelh\u00e4ndler sollen die M\u00f6glichkeit erhalten, ihre <strong>Produkte zu pr\u00e4sentieren, pers\u00f6nlich zu beraten und den Verkauf der Waren individuell mit der Kundschaft zu vereinbaren<\/strong>. Aktuelle Informationen \u00fcber die App und das Start-Datum sind hier zu finden: <a href=\"https:\/\/wirvonhier.net\/\">https:\/\/wirvonhier.net\/<\/a><\/p>\n<p><img loading=\"lazy\" decoding=\"async\" class=\"size-large wp-image-95050\" src=\"https:\/\/www.omsag.de\/proxy\/wp-content\/uploads\/2020\/04\/screenshot_2020-04-09-startseite-wir-von-hier-1024x508.png\" alt=\"Chancen der Digitalisierung - Website wirvonhier.net\" width=\"1024\" height=\"508\" srcset=\"https:\/\/www.omsag.de\/proxy\/wp-content\/uploads\/2020\/04\/screenshot_2020-04-09-startseite-wir-von-hier-1024x508.png 1024w, https:\/\/www.omsag.de\/proxy\/wp-content\/uploads\/2020\/04\/screenshot_2020-04-09-startseite-wir-von-hier-300x149.png 300w, https:\/\/www.omsag.de\/proxy\/wp-content\/uploads\/2020\/04\/screenshot_2020-04-09-startseite-wir-von-hier-768x381.png 768w, https:\/\/www.omsag.de\/proxy\/wp-content\/uploads\/2020\/04\/screenshot_2020-04-09-startseite-wir-von-hier.png 1903w\" sizes=\"(max-width: 1024px) 100vw, 1024px\" \/> Abbildung 2: Screenshot wirvonhier.net<\/p>\n<h3>Ein eigener Onlineshop als zweites Standbein<\/h3>\n<p>Viele Unternehmer \u00fcberlegen derzeit, wie sie ihre E-Commerce-Aktivit\u00e4ten ausbauen k\u00f6nnen, um von der steigenden Nachfrage im Onlinehandel zu profitieren beziehungsweise Umsatzverluste im station\u00e4ren Handel besser abzufedern. <strong>Mithilfe von cloudbasierten Shopl\u00f6sungen, wie z. B. Jimdo oder Shopify,<\/strong> ist die Erstellung und Einrichtung eines eigenen Onlineshops kein Hexenwerk mehr. Trotzdem m\u00fcssen vorab noch <strong>einige rechtliche Fragen und Logistik-Prozesse gekl\u00e4rt werden<\/strong>. F\u00fcr die Shop-Software stehen zahlreiche Anbieter zur Auswahl, die quasi \u201eschl\u00fcsselfertig\u201c die Erstellung eines Onlineshops in wenigen Stunden erm\u00f6glichen. (Lesen Sie dazu auch: <a href=\"https:\/\/www.omsag.de\/online-marketing-blog\/technik-und-entwicklung\/onlineshops-im-vergleich\/\">Onlineshops im Vergleich \u2013 Wann lohnt sich welche Shop-Software?<\/a>)<\/p>\n<h3>Verkauf \u00fcber etablierte Online-Marktpl\u00e4tze wie eBay, Amazon und Co<\/h3>\n<p>Wer noch keine Erfahrung im Online-Handel hat, kann zun\u00e4chst auch die M\u00f6glichkeiten der bereits <strong>etablierten Online-Marktpl\u00e4tze<\/strong> nutzen. Das Einrichten eines H\u00e4ndlerkontos \u00fcber Plattformen wie eBay oder Amazon dauert nur wenige Minuten und auch das Listen der Produkte ins System ist intuitiv und selbsterkl\u00e4rend. Die M\u00f6glichkeiten dieser Plattformen sind ausgereift, das Vertrauen der Nutzer ist gro\u00df und auch die Auswahl aller g\u00e4ngigen Zahlungsmethoden ist gegeben.<\/p>\n<p>Ebay hat als unterst\u00fctzende Ma\u00dfnahme ein Soforthilfeprogramm ins Leben gerufen. <strong>Bis zum 30 Juni k\u00f6nnen station\u00e4re H\u00e4ndler ihre Artikel online stellen, ohne daf\u00fcr Verkaufsprovisionen zahlen zu m\u00fcssen.<\/strong> Unternehmen, die neu in den Handel einsteigen, k\u00f6nnen sechs Monate kostenfrei den \u201ePremium-Shop\u201c nutzen.<\/p>\n<h3>Verkauf \u00fcber Live-Videos oder Livestreaming<\/h3>\n<p>Auch die Buchbranche versucht neue digitale Wege zu gehen. Einige inhabergef\u00fchrte Buchhandlungen haben die M\u00f6glichkeit ergriffen, Online-Bestellungen mit einem telefonischen Beratungsangebot f\u00fcr Kunden zu verkn\u00fcpfen und bauen ihren Lieferservice aus. Dar\u00fcber hinaus nutzen sie ihre Beratungskompetenz per Live-Video beziehungsweise Livestreaming auf Social Media. So bietet das Unternehmen Hugendubel beispielsweise Lesungen live \u00fcber Instagram an. Durch den direkten und engen Online-Kontakt zu der Kundschaft versucht Hugendubel das laufende Gesch\u00e4ft aufrechtzuerhalten. Eine klare <strong>Kommunikation \u00fcber die sozialen Netzwerke und andere digitale Tools<\/strong> kann f\u00fcr viele Unternehmen ein Weg sein, die schwierige Zeit der Krise zu \u00fcberstehen \u2013 getreu dem <strong>Motto \u201esich zeigen statt verstecken\u201c.<\/strong><\/p>\n<h3>Virtuelle Messen und virtuelle Showrooms<\/h3>\n<p>Da aktuell Veranstaltungen abgesagt werden m\u00fcssen, k\u00f6nnen <strong>virtuelle Messen und Showrooms f\u00fcr Ausstellende eine gute Alternative<\/strong> darstellen. Beispielsweise kann der eigene Messestand physisch am Unternehmenssitz aufgebaut werden, wo er dann mit 3D Scans und 360\u00b0 Kameras aufgenommen wird &#8211; oder es wird ein virtueller Rundgang auf Basis der Planungsdaten erstellt. So wurde auch die abgesagte Reisemesse ITB auf schnellem Wege zu einem virtuellen Kongress. Das Messeprogram wurde kurzerhand via Live-Streaming zur Verf\u00fcgung gestellt.<\/p>\n<p>Dem <strong>realen Vor-Ort-Besuch kommen virtuelle Showrooms <\/strong>am n\u00e4chsten. Mithilfe digitaler Technologien wie Web3D und WebAR werden die Produkte zug\u00e4nglich gemacht. Obendrein k\u00f6nnen Hintergrundinformationen zum Produkt hinzugeschaltet und mit einer Bestellfunktion verkn\u00fcpft werden.<\/p>\n<h3><span lang=\"EN-US\">Fazit: <\/span><\/h3>\n<p>Fachleute prognostizieren, dass die Corona-Pandemie unseren beruflichen und privaten Alltag noch f\u00fcr mehrere Monate auf die Probe stellen wird. Doch was kommt danach? <strong>Fallen wir schnell wieder zur\u00fcck in alte Verhaltensweisen, oder katapultiert uns die Corona-Krise m\u00f6glicherweise in ein neues digitales Zeitalter?<\/strong><\/p>\n<p>Ein Grundsatz, der sich bislang in allen Krisenzeiten bew\u00e4hrt hat, lautet: Wer bei neuen Gegebenheiten anpassungsf\u00e4hig ist und sich proaktiv auf die beeinflussbaren Themen konzentriert, wird gest\u00e4rkt aus der Krise hervorgehen.<\/p>\n<p><strong>Deshalb lautet unsere Empfehlung: Nutzen Sie die aktuell schwierige Lage als Chance f\u00fcr Ihren eigenen Digitalisierungsfortschritt!<\/strong><\/p>\n","protected":false},"excerpt":{"rendered":"<p>In bisher ungekanntem Ma\u00dfe erleben wir zurzeit, wie das \u00f6ffentliche Leben auf der ganzen Welt reduziert wird sowie physische Kontakte im privaten und beruflichen Leben massiv eingeschr\u00e4nkt werden.<\/p>\n","protected":false},"author":4,"featured_media":95046,"comment_status":"closed","ping_status":"closed","sticky":false,"template":"","format":"standard","meta":{"content-type":"","footnotes":""},"categories":[155,362,56],"tags":[186,305,286],"yoast_head":"<!-- This site is optimized with the Yoast SEO plugin v22.8 - https:\/\/yoast.com\/wordpress\/plugins\/seo\/ -->\n<title>Corona-Krise: Jetzt die Chancen der Digitalisierung nutzen<\/title>\n<meta name=\"description\" content=\"Welche neue Chancen die Digitalisierung in der Corona-Krise bietet und wie Unternehmen sie nutzen k\u00f6nnen, k\u00f6nnen Sie hier nachlesen.\" \/>\n<meta name=\"robots\" content=\"index, follow, max-snippet:-1, max-image-preview:large, max-video-preview:-1\" \/>\n<link rel=\"canonical\" href=\"https:\/\/www.omsag.de\/proxy\/online-marketing-blog\/digitalisierung\/corona-krise-die-chancen-der-digitalisierung-nutzen\/\" \/>\n<meta property=\"og:locale\" content=\"de_DE\" \/>\n<meta property=\"og:type\" content=\"article\" \/>\n<meta property=\"og:title\" content=\"Corona-Krise: Jetzt die Chancen der Digitalisierung nutzen\" \/>\n<meta property=\"og:description\" content=\"Welche neue Chancen die Digitalisierung in der Corona-Krise bietet und wie Unternehmen sie nutzen k\u00f6nnen, k\u00f6nnen Sie hier nachlesen.\" \/>\n<meta property=\"og:url\" content=\"https:\/\/www.omsag.de\/proxy\/online-marketing-blog\/digitalisierung\/corona-krise-die-chancen-der-digitalisierung-nutzen\/\" \/>\n<meta property=\"og:site_name\" content=\"Online Marketing &amp; Suchmaschinenmarketing Agentur OMSAG\" \/>\n<meta property=\"article:publisher\" content=\"https:\/\/www.facebook.com\/Online.Marketing.Solutions.AG\" \/>\n<meta property=\"article:published_time\" content=\"2020-04-09T08:53:02+00:00\" \/>\n<meta property=\"article:modified_time\" content=\"2020-04-09T09:46:53+00:00\" \/>\n<meta property=\"og:image\" content=\"https:\/\/www.omsag.de\/proxy\/wp-content\/uploads\/2020\/04\/omsag-corona-hochauflsend.jpg\" \/>\n\t<meta property=\"og:image:width\" content=\"792\" \/>\n\t<meta property=\"og:image:height\" content=\"370\" \/>\n\t<meta property=\"og:image:type\" content=\"image\/jpeg\" \/>\n<meta name=\"author\" content=\"Blogredaktion\" \/>\n<meta name=\"twitter:card\" content=\"summary_large_image\" \/>\n<meta name=\"twitter:label1\" content=\"Verfasst von\" \/>\n\t<meta name=\"twitter:data1\" content=\"Blogredaktion\" \/>\n\t<meta name=\"twitter:label2\" content=\"Gesch\u00e4tzte Lesezeit\" \/>\n\t<meta name=\"twitter:data2\" content=\"5\u00a0Minuten\" \/>\n<script type=\"application\/ld+json\" class=\"yoast-schema-graph\">{\"@context\":\"https:\/\/schema.org\",\"@graph\":[{\"@type\":\"Article\",\"@id\":\"https:\/\/www.omsag.de\/proxy\/online-marketing-blog\/digitalisierung\/corona-krise-die-chancen-der-digitalisierung-nutzen\/#article\",\"isPartOf\":{\"@id\":\"https:\/\/www.omsag.de\/proxy\/online-marketing-blog\/digitalisierung\/corona-krise-die-chancen-der-digitalisierung-nutzen\/\"},\"author\":{\"name\":\"Blogredaktion\",\"@id\":\"https:\/\/www.omsag.de\/proxy\/#\/schema\/person\/8dcdf1052bc5e4a5e82b494f96fba999\"},\"headline\":\"Corona-Krise: Die Chancen der Digitalisierung nutzen\",\"datePublished\":\"2020-04-09T08:53:02+00:00\",\"dateModified\":\"2020-04-09T09:46:53+00:00\",\"mainEntityOfPage\":{\"@id\":\"https:\/\/www.omsag.de\/proxy\/online-marketing-blog\/digitalisierung\/corona-krise-die-chancen-der-digitalisierung-nutzen\/\"},\"wordCount\":942,\"publisher\":{\"@id\":\"https:\/\/www.omsag.de\/proxy\/#organization\"},\"image\":{\"@id\":\"https:\/\/www.omsag.de\/proxy\/online-marketing-blog\/digitalisierung\/corona-krise-die-chancen-der-digitalisierung-nutzen\/#primaryimage\"},\"thumbnailUrl\":\"https:\/\/www.omsag.de\/proxy\/wp-content\/uploads\/2020\/04\/omsag-corona-hochauflsend.jpg\",\"keywords\":[\"digitale medien\",\"digitalisierung\",\"online handel\"],\"articleSection\":[\"Digi-Trends\",\"Digitalisierung\",\"E-Commerce\"],\"inLanguage\":\"de\"},{\"@type\":\"WebPage\",\"@id\":\"https:\/\/www.omsag.de\/proxy\/online-marketing-blog\/digitalisierung\/corona-krise-die-chancen-der-digitalisierung-nutzen\/\",\"url\":\"https:\/\/www.omsag.de\/proxy\/online-marketing-blog\/digitalisierung\/corona-krise-die-chancen-der-digitalisierung-nutzen\/\",\"name\":\"Corona-Krise: Jetzt die Chancen der Digitalisierung nutzen\",\"isPartOf\":{\"@id\":\"https:\/\/www.omsag.de\/proxy\/#website\"},\"primaryImageOfPage\":{\"@id\":\"https:\/\/www.omsag.de\/proxy\/online-marketing-blog\/digitalisierung\/corona-krise-die-chancen-der-digitalisierung-nutzen\/#primaryimage\"},\"image\":{\"@id\":\"https:\/\/www.omsag.de\/proxy\/online-marketing-blog\/digitalisierung\/corona-krise-die-chancen-der-digitalisierung-nutzen\/#primaryimage\"},\"thumbnailUrl\":\"https:\/\/www.omsag.de\/proxy\/wp-content\/uploads\/2020\/04\/omsag-corona-hochauflsend.jpg\",\"datePublished\":\"2020-04-09T08:53:02+00:00\",\"dateModified\":\"2020-04-09T09:46:53+00:00\",\"description\":\"Welche neue Chancen die Digitalisierung in der Corona-Krise bietet und wie Unternehmen sie nutzen k\u00f6nnen, k\u00f6nnen Sie hier nachlesen.\",\"breadcrumb\":{\"@id\":\"https:\/\/www.omsag.de\/proxy\/online-marketing-blog\/digitalisierung\/corona-krise-die-chancen-der-digitalisierung-nutzen\/#breadcrumb\"},\"inLanguage\":\"de\",\"potentialAction\":[{\"@type\":\"ReadAction\",\"target\":[\"https:\/\/www.omsag.de\/proxy\/online-marketing-blog\/digitalisierung\/corona-krise-die-chancen-der-digitalisierung-nutzen\/\"]}]},{\"@type\":\"ImageObject\",\"inLanguage\":\"de\",\"@id\":\"https:\/\/www.omsag.de\/proxy\/online-marketing-blog\/digitalisierung\/corona-krise-die-chancen-der-digitalisierung-nutzen\/#primaryimage\",\"url\":\"https:\/\/www.omsag.de\/proxy\/wp-content\/uploads\/2020\/04\/omsag-corona-hochauflsend.jpg\",\"contentUrl\":\"https:\/\/www.omsag.de\/proxy\/wp-content\/uploads\/2020\/04\/omsag-corona-hochauflsend.jpg\",\"width\":792,\"height\":370},{\"@type\":\"BreadcrumbList\",\"@id\":\"https:\/\/www.omsag.de\/proxy\/online-marketing-blog\/digitalisierung\/corona-krise-die-chancen-der-digitalisierung-nutzen\/#breadcrumb\",\"itemListElement\":[{\"@type\":\"ListItem\",\"position\":1,\"name\":\"Startseite\",\"item\":\"https:\/\/www.omsag.de\/proxy\/\"},{\"@type\":\"ListItem\",\"position\":2,\"name\":\"Digitalisierung\",\"item\":\"https:\/\/www.omsag.de\/proxy\/online-marketing-blog\/digitalisierung\/\"},{\"@type\":\"ListItem\",\"position\":3,\"name\":\"Corona-Krise: Die Chancen der Digitalisierung nutzen\"}]},{\"@type\":\"WebSite\",\"@id\":\"https:\/\/www.omsag.de\/proxy\/#website\",\"url\":\"https:\/\/www.omsag.de\/proxy\/\",\"name\":\"Online Marketing & Suchmaschinenmarketing Agentur OMSAG\",\"description\":\"\",\"publisher\":{\"@id\":\"https:\/\/www.omsag.de\/proxy\/#organization\"},\"potentialAction\":[{\"@type\":\"SearchAction\",\"target\":{\"@type\":\"EntryPoint\",\"urlTemplate\":\"https:\/\/www.omsag.de\/proxy\/?s={search_term_string}\"},\"query-input\":\"required name=search_term_string\"}],\"inLanguage\":\"de\"},{\"@type\":\"Organization\",\"@id\":\"https:\/\/www.omsag.de\/proxy\/#organization\",\"name\":\"OMSAG\",\"url\":\"https:\/\/www.omsag.de\/proxy\/\",\"logo\":{\"@type\":\"ImageObject\",\"inLanguage\":\"de\",\"@id\":\"https:\/\/www.omsag.de\/proxy\/#\/schema\/logo\/image\/\",\"url\":\"https:\/\/www.omsag.de\/proxy\/wp-content\/uploads\/2020\/08\/oms-logo-1.jpg\",\"contentUrl\":\"https:\/\/www.omsag.de\/proxy\/wp-content\/uploads\/2020\/08\/oms-logo-1.jpg\",\"width\":500,\"height\":148,\"caption\":\"OMSAG\"},\"image\":{\"@id\":\"https:\/\/www.omsag.de\/proxy\/#\/schema\/logo\/image\/\"},\"sameAs\":[\"https:\/\/www.facebook.com\/Online.Marketing.Solutions.AG\",\"https:\/\/www.instagram.com\/omsag\/\",\"https:\/\/de.linkedin.com\/company\/online-marketing-solutions-ag\"]},{\"@type\":\"Person\",\"@id\":\"https:\/\/www.omsag.de\/proxy\/#\/schema\/person\/8dcdf1052bc5e4a5e82b494f96fba999\",\"name\":\"Blogredaktion\",\"description\":\"Unter \u201eBlogredaktion\u201c werden Fachbeitr\u00e4ge verschiedener Experten aus dem Unternehmen ohne Autorenkennzeichnung publiziert. Ihr habt Fragen oder Anregungen zu einem speziellen Beitrag? Kein Problem, die Blogredaktion steht euch daf\u00fcr gerne hier zur Verf\u00fcgung.\",\"sameAs\":[\"https:\/\/www.omsag.de\"],\"url\":\"https:\/\/www.omsag.de\/proxy\/online-marketing-blog\/author\/blogredaktion\/\"}]}<\/script>\n<!-- \/ Yoast SEO plugin. -->","yoast_head_json":{"title":"Corona-Krise: Jetzt die Chancen der Digitalisierung nutzen","description":"Welche neue Chancen die Digitalisierung in der Corona-Krise bietet und wie Unternehmen sie nutzen k\u00f6nnen, k\u00f6nnen Sie hier nachlesen.","robots":{"index":"index","follow":"follow","max-snippet":"max-snippet:-1","max-image-preview":"max-image-preview:large","max-video-preview":"max-video-preview:-1"},"canonical":"https:\/\/www.omsag.de\/proxy\/online-marketing-blog\/digitalisierung\/corona-krise-die-chancen-der-digitalisierung-nutzen\/","og_locale":"de_DE","og_type":"article","og_title":"Corona-Krise: Jetzt die Chancen der Digitalisierung nutzen","og_description":"Welche neue Chancen die Digitalisierung in der Corona-Krise bietet und wie Unternehmen sie nutzen k\u00f6nnen, k\u00f6nnen Sie hier nachlesen.","og_url":"https:\/\/www.omsag.de\/proxy\/online-marketing-blog\/digitalisierung\/corona-krise-die-chancen-der-digitalisierung-nutzen\/","og_site_name":"Online Marketing &amp; Suchmaschinenmarketing Agentur OMSAG","article_publisher":"https:\/\/www.facebook.com\/Online.Marketing.Solutions.AG","article_published_time":"2020-04-09T08:53:02+00:00","article_modified_time":"2020-04-09T09:46:53+00:00","og_image":[{"width":792,"height":370,"url":"https:\/\/www.omsag.de\/proxy\/wp-content\/uploads\/2020\/04\/omsag-corona-hochauflsend.jpg","type":"image\/jpeg"}],"author":"Blogredaktion","twitter_card":"summary_large_image","twitter_misc":{"Verfasst von":"Blogredaktion","Gesch\u00e4tzte Lesezeit":"5\u00a0Minuten"},"schema":{"@context":"https:\/\/schema.org","@graph":[{"@type":"Article","@id":"https:\/\/www.omsag.de\/proxy\/online-marketing-blog\/digitalisierung\/corona-krise-die-chancen-der-digitalisierung-nutzen\/#article","isPartOf":{"@id":"https:\/\/www.omsag.de\/proxy\/online-marketing-blog\/digitalisierung\/corona-krise-die-chancen-der-digitalisierung-nutzen\/"},"author":{"name":"Blogredaktion","@id":"https:\/\/www.omsag.de\/proxy\/#\/schema\/person\/8dcdf1052bc5e4a5e82b494f96fba999"},"headline":"Corona-Krise: Die Chancen der Digitalisierung nutzen","datePublished":"2020-04-09T08:53:02+00:00","dateModified":"2020-04-09T09:46:53+00:00","mainEntityOfPage":{"@id":"https:\/\/www.omsag.de\/proxy\/online-marketing-blog\/digitalisierung\/corona-krise-die-chancen-der-digitalisierung-nutzen\/"},"wordCount":942,"publisher":{"@id":"https:\/\/www.omsag.de\/proxy\/#organization"},"image":{"@id":"https:\/\/www.omsag.de\/proxy\/online-marketing-blog\/digitalisierung\/corona-krise-die-chancen-der-digitalisierung-nutzen\/#primaryimage"},"thumbnailUrl":"https:\/\/www.omsag.de\/proxy\/wp-content\/uploads\/2020\/04\/omsag-corona-hochauflsend.jpg","keywords":["digitale medien","digitalisierung","online handel"],"articleSection":["Digi-Trends","Digitalisierung","E-Commerce"],"inLanguage":"de"},{"@type":"WebPage","@id":"https:\/\/www.omsag.de\/proxy\/online-marketing-blog\/digitalisierung\/corona-krise-die-chancen-der-digitalisierung-nutzen\/","url":"https:\/\/www.omsag.de\/proxy\/online-marketing-blog\/digitalisierung\/corona-krise-die-chancen-der-digitalisierung-nutzen\/","name":"Corona-Krise: Jetzt die Chancen der Digitalisierung nutzen","isPartOf":{"@id":"https:\/\/www.omsag.de\/proxy\/#website"},"primaryImageOfPage":{"@id":"https:\/\/www.omsag.de\/proxy\/online-marketing-blog\/digitalisierung\/corona-krise-die-chancen-der-digitalisierung-nutzen\/#primaryimage"},"image":{"@id":"https:\/\/www.omsag.de\/proxy\/online-marketing-blog\/digitalisierung\/corona-krise-die-chancen-der-digitalisierung-nutzen\/#primaryimage"},"thumbnailUrl":"https:\/\/www.omsag.de\/proxy\/wp-content\/uploads\/2020\/04\/omsag-corona-hochauflsend.jpg","datePublished":"2020-04-09T08:53:02+00:00","dateModified":"2020-04-09T09:46:53+00:00","description":"Welche neue Chancen die Digitalisierung in der Corona-Krise bietet und wie Unternehmen sie nutzen k\u00f6nnen, k\u00f6nnen Sie hier nachlesen.","breadcrumb":{"@id":"https:\/\/www.omsag.de\/proxy\/online-marketing-blog\/digitalisierung\/corona-krise-die-chancen-der-digitalisierung-nutzen\/#breadcrumb"},"inLanguage":"de","potentialAction":[{"@type":"ReadAction","target":["https:\/\/www.omsag.de\/proxy\/online-marketing-blog\/digitalisierung\/corona-krise-die-chancen-der-digitalisierung-nutzen\/"]}]},{"@type":"ImageObject","inLanguage":"de","@id":"https:\/\/www.omsag.de\/proxy\/online-marketing-blog\/digitalisierung\/corona-krise-die-chancen-der-digitalisierung-nutzen\/#primaryimage","url":"https:\/\/www.omsag.de\/proxy\/wp-content\/uploads\/2020\/04\/omsag-corona-hochauflsend.jpg","contentUrl":"https:\/\/www.omsag.de\/proxy\/wp-content\/uploads\/2020\/04\/omsag-corona-hochauflsend.jpg","width":792,"height":370},{"@type":"BreadcrumbList","@id":"https:\/\/www.omsag.de\/proxy\/online-marketing-blog\/digitalisierung\/corona-krise-die-chancen-der-digitalisierung-nutzen\/#breadcrumb","itemListElement":[{"@type":"ListItem","position":1,"name":"Startseite","item":"https:\/\/www.omsag.de\/proxy\/"},{"@type":"ListItem","position":2,"name":"Digitalisierung","item":"https:\/\/www.omsag.de\/proxy\/online-marketing-blog\/digitalisierung\/"},{"@type":"ListItem","position":3,"name":"Corona-Krise: Die Chancen der Digitalisierung nutzen"}]},{"@type":"WebSite","@id":"https:\/\/www.omsag.de\/proxy\/#website","url":"https:\/\/www.omsag.de\/proxy\/","name":"Online Marketing & Suchmaschinenmarketing Agentur OMSAG","description":"","publisher":{"@id":"https:\/\/www.omsag.de\/proxy\/#organization"},"potentialAction":[{"@type":"SearchAction","target":{"@type":"EntryPoint","urlTemplate":"https:\/\/www.omsag.de\/proxy\/?s={search_term_string}"},"query-input":"required name=search_term_string"}],"inLanguage":"de"},{"@type":"Organization","@id":"https:\/\/www.omsag.de\/proxy\/#organization","name":"OMSAG","url":"https:\/\/www.omsag.de\/proxy\/","logo":{"@type":"ImageObject","inLanguage":"de","@id":"https:\/\/www.omsag.de\/proxy\/#\/schema\/logo\/image\/","url":"https:\/\/www.omsag.de\/proxy\/wp-content\/uploads\/2020\/08\/oms-logo-1.jpg","contentUrl":"https:\/\/www.omsag.de\/proxy\/wp-content\/uploads\/2020\/08\/oms-logo-1.jpg","width":500,"height":148,"caption":"OMSAG"},"image":{"@id":"https:\/\/www.omsag.de\/proxy\/#\/schema\/logo\/image\/"},"sameAs":["https:\/\/www.facebook.com\/Online.Marketing.Solutions.AG","https:\/\/www.instagram.com\/omsag\/","https:\/\/de.linkedin.com\/company\/online-marketing-solutions-ag"]},{"@type":"Person","@id":"https:\/\/www.omsag.de\/proxy\/#\/schema\/person\/8dcdf1052bc5e4a5e82b494f96fba999","name":"Blogredaktion","description":"Unter \u201eBlogredaktion\u201c werden Fachbeitr\u00e4ge verschiedener Experten aus dem Unternehmen ohne Autorenkennzeichnung publiziert. Ihr habt Fragen oder Anregungen zu einem speziellen Beitrag? Kein Problem, die Blogredaktion steht euch daf\u00fcr gerne hier zur Verf\u00fcgung.","sameAs":["https:\/\/www.omsag.de"],"url":"https:\/\/www.omsag.de\/proxy\/online-marketing-blog\/author\/blogredaktion\/"}]}},"_links":{"self":[{"href":"https:\/\/www.omsag.de\/proxy\/wp-json\/wp\/v2\/posts\/95036"}],"collection":[{"href":"https:\/\/www.omsag.de\/proxy\/wp-json\/wp\/v2\/posts"}],"about":[{"href":"https:\/\/www.omsag.de\/proxy\/wp-json\/wp\/v2\/types\/post"}],"author":[{"embeddable":true,"href":"https:\/\/www.omsag.de\/proxy\/wp-json\/wp\/v2\/users\/4"}],"replies":[{"embeddable":true,"href":"https:\/\/www.omsag.de\/proxy\/wp-json\/wp\/v2\/comments?post=95036"}],"version-history":[{"count":0,"href":"https:\/\/www.omsag.de\/proxy\/wp-json\/wp\/v2\/posts\/95036\/revisions"}],"wp:featuredmedia":[{"embeddable":true,"href":"https:\/\/www.omsag.de\/proxy\/wp-json\/wp\/v2\/media\/95046"}],"wp:attachment":[{"href":"https:\/\/www.omsag.de\/proxy\/wp-json\/wp\/v2\/media?parent=95036"}],"wp:term":[{"taxonomy":"category","embeddable":true,"href":"https:\/\/www.omsag.de\/proxy\/wp-json\/wp\/v2\/categories?post=95036"},{"taxonomy":"post_tag","embeddable":true,"href":"https:\/\/www.omsag.de\/proxy\/wp-json\/wp\/v2\/tags?post=95036"}],"curies":[{"name":"wp","href":"https:\/\/api.w.org\/{rel}","templated":true}]}}