{"id":8746,"date":"2015-04-13T17:23:39","date_gmt":"2015-04-13T15:23:39","guid":{"rendered":"https:\/\/www.omsag.de\/?p=8746"},"modified":"2018-11-20T12:54:39","modified_gmt":"2018-11-20T11:54:39","slug":"positive-erfahrung-fuer-omsag-auf-itmedia-best-practice-vortrag-und-spannende-beruehrungspunkte","status":"publish","type":"post","link":"https:\/\/www.omsag.de\/proxy\/online-marketing-blog\/unternehmensnachrichten\/positive-erfahrung-fuer-omsag-auf-itmedia-best-practice-vortrag-und-spannende-beruehrungspunkte\/","title":{"rendered":"Positive Erfahrung f\u00fcr OMSAG auf IT&#038;Media: Best Practice-Vortrag und spannende Ber\u00fchrungspunkte"},"content":{"rendered":"<p style=\"text-align: justify;\">Offene und neugierige Besucher, viele lokale Unternehmer, interessante Gespr\u00e4che, jede Menge Spa\u00df und zahlreiche spannende Ber\u00fchrungspunkte zwischen den Bereichen IT-Management und Online-Marketing: So lautet unser <strong>Kurzfazit<\/strong> als Aussteller auf der IT&amp;Media, die im Februar in Darmstadt stattfand.<\/p>\n<p style=\"text-align: justify;\">Ein Grund f\u00fcr die positive Resonanz am Ausstellerstand der Online Marketing Solutions AG (OMSAG) war der <strong>Best Practice-Vortrag<\/strong> von Sascha, Teamleiter SEO Key Account im Unternehmen. Hier im Beitrag haben wir den Vortrag f\u00fcr euch in voller L\u00e4nge auf Video. Au\u00dferdem geben wir euch einen <strong>Einblick<\/strong>, wie wir die Messe erlebt haben, ob sich unsere Erwartungen und Ziele erf\u00fcllt haben und welche Learnings wir daraus f\u00fcr k\u00fcnftige Veranstaltungen ziehen. Denn in einem Zweizeiler lassen sich all unsere Erfahrungen bzw. unser Fazit zur Messe nat\u00fcrlich nicht vollst\u00e4ndig verpacken.<!--more--><\/p>\n<h2 style=\"text-align: justify;\">Erwartungen und Ziele: regionale Kompetenz f\u00fcr Online-Marketing pr\u00e4sentieren<\/h2>\n<p style=\"text-align: justify;\">Ein Messeauftritt hat nur dann gute Erfolgsaussichten, wenn sich alle Beteiligten im Vorfeld \u00fcber die <strong>genauen Ziele im Klaren<\/strong> sind und daf\u00fcr gemeinsam an einem Strang ziehen. Mit welchen Erwartungen gingen wir also zur IT&amp;Media?<\/p>\n<p style=\"text-align: justify;\">Uns war bewusst, dass wir auf einer IT-Management-Fachveranstaltung wie der IT&amp;Media auch auf ein Publikum treffen w\u00fcrden, dass teilweise <strong>nur wenig bis noch keinen Bezug zu Online-Marketing<\/strong> haben w\u00fcrde. Mit diesem Wissen im Hinterkopf stand daher klar dieses Ziel im Mittelpunkt:<\/p>\n<p style=\"text-align: justify;\"><span style=\"color: #78b054;\"><strong>die OMSAG als Experten f\u00fcr Online-Marketing mit Schwerpunkt Suchmaschinenoptimierung f\u00fcr kleine und mittelst\u00e4ndische Unternehmen (KMU) in der Region vorstellen.<\/strong><\/span><\/p>\n<h3 style=\"text-align: justify;\"><\/h3>\n<h3 style=\"text-align: justify;\">Messestart am fr\u00fchen Morgen<\/h3>\n<p style=\"text-align: justify;\"><strong>Donnerstag, 19. Februar, 7:30 Uhr in Darmstadt:<\/strong> Messestart. Der gro\u00dfe Besucherandrang auf der Messe lie\u00df entsprechend am fr\u00fchen Morgen zun\u00e4chst noch etwas auf sich warten. Das \u00e4nderte sich aber bald.<\/p>\n<div id=\"attachment_8799\" style=\"width: 475px\" class=\"wp-caption aligncenter\"><img loading=\"lazy\" decoding=\"async\" aria-describedby=\"caption-attachment-8799\" class=\"wp-image-8799\" src=\"https:\/\/www.omsag.de\/proxy\/wp-content\/uploads\/2015\/04\/omsag-blog_-ITMedia_Gruppenbild.png\" alt=\"Team der Online Marketing Solutions AG auf der IT&amp;amp;Media\" width=\"465\" height=\"322\" \/><p id=\"caption-attachment-8799\" class=\"wp-caption-text\">Gute Laune beim Team der Online Marketing Solutions AG am Unternehmensstand auf der IT&amp;Media.<\/p><\/div>\n<p style=\"text-align: justify;\">Kurze Zeit sp\u00e4ter f\u00fcllte sich der Veranstaltungsort, das Darmst\u00e4dter <em>darmstadtium<\/em>, wie durch ein pl\u00f6tzlich geweitetes Nadel\u00f6hr schlagartig mit zahlreichen Besuchern. Viele fanden dabei auch den Weg zu uns.<\/p>\n<h2 style=\"text-align: justify;\">Vortrag zum Thema Suchmaschinenmarketing: super Resonanz und Erfahrung<\/h2>\n<p style=\"text-align: justify;\">Insbesondere das <strong>positive Feedback <\/strong>nach Saschas Best Practice-Vortrag beim FUTUREcongress zog viele Interessenten anschlie\u00dfend zu unserem Messestand. Der FUTUREcongress fand im Rahmen der IT&amp;Media ebenfalls direkt im <em>darmstadium<\/em> statt. Sascha, unser Teamleiter SEO Key Account, referierte zum Thema <strong>\u201eUmsatzzahlen heben ab: rundflug-deutschland.com. Eine OMSAG-Erfolgsgeschichte\u201c.<\/strong><\/p>\n<div id=\"attachment_8807\" style=\"width: 284px\" class=\"wp-caption aligncenter\"><img loading=\"lazy\" decoding=\"async\" aria-describedby=\"caption-attachment-8807\" class=\"wp-image-8807\" src=\"https:\/\/www.omsag.de\/proxy\/wp-content\/uploads\/2015\/04\/omsag-blog_ITMedia_Best-Practice-Vortrag-Sascha.jpg\" alt=\"Sascha Teamleitung SEO Key Account\" width=\"274\" height=\"373\" \/><p id=\"caption-attachment-8807\" class=\"wp-caption-text\">Sascha, Teamleiter SEO Key Account, w\u00e4hrend seines Vortrags.<\/p><\/div>\n<p style=\"text-align: justify;\">Sascha meisterte den Vortrag souver\u00e4n. Das kam auch bei den Zuschauern bzw. Zuh\u00f6rern an: Viele suchten im Anschluss das Gespr\u00e4ch mit Sascha, tauschten Visitenkarten aus und lie\u00dfen sich sp\u00e4ter an unserem Stand von weiteren OMSAG-Fachexperten zu unserem umfassenden Leistungsportfolio f\u00fcr Online-Marketing <strong>beraten<\/strong>.<\/p>\n<p style=\"text-align: justify;\"><span style=\"color: #78b054;\"><strong>Hier gibt\u2018s Saschas Vortrag auf Video f\u00fcr alle, die nicht live dabei sein konnten oder den Vortrag einfach gern nochmal in Ruhe anschauen wollen:<\/strong><\/span><\/p>\n<div class=\"brlbs-cmpnt-container brlbs-cmpnt-content-blocker\" data-borlabs-cookie-content-blocker-id=\"default\" data-borlabs-cookie-content=\"PGlmcmFtZSB3aWR0aD0iMTE0MCIgaGVpZ2h0PSI2NDEiIHNyYz0iaHR0cHM6Ly93d3cueW91dHViZS5jb20vZW1iZWQvaV85ZnFpenBDRGc\/ZmVhdHVyZT1vZW1iZWQiIGZyYW1lYm9yZGVyPSIwIiBhbGxvdz0iYWNjZWxlcm9tZXRlcjsgYXV0b3BsYXk7IGVuY3J5cHRlZC1tZWRpYTsgZ3lyb3Njb3BlOyBwaWN0dXJlLWluLXBpY3R1cmUiIGFsbG93ZnVsbHNjcmVlbj48L2lmcmFtZT4=\" >\n<div class=\"brlbs-cmpnt-cb-preset-a\">\n<p class=\"brlbs-cmpnt-cb-description\">Sie sehen gerade einen Platzhalterinhalt von <strong>Standard<\/strong>. Um auf den eigentlichen Inhalt zuzugreifen, klicken Sie auf den Button unten. Bitte beachten Sie, dass dabei Daten an Drittanbieter weitergegeben werden.<\/p>\n<div class=\"brlbs-cmpnt-cb-buttons\"> <a class=\"brlbs-cmpnt-cb-btn\" href=\"#\" data-borlabs-cookie-unblock role=\"button\">Inhalt entsperren<\/a> <a class=\"brlbs-cmpnt-cb-btn\" href=\"#\" data-borlabs-cookie-accept-service role=\"button\" style=\"display: none\">Erforderlichen Service akzeptieren und Inhalte entsperren<\/a> <\/div>\n<p> <a class=\"brlbs-cmpnt-cb-provider-toggle\" href=\"#\" data-borlabs-cookie-show-provider-information role=\"button\">Weitere Informationen<\/a> <\/div>\n<\/div>\n<p style=\"text-align: justify;\"><span style=\"color: #78b054;\"><strong>Hier auf unserer <\/strong><span style=\"text-decoration: underline;\"><a style=\"color: #78b054; text-decoration: underline;\" href=\"https:\/\/www.facebook.com\/media\/set\/?set=a.10152746731371234.1073741842.105960406233&amp;type=3\" target=\"_blank\" rel=\"noopener\"><strong>Facebook-Seite<\/strong><\/a><\/span><strong> findet ihr au\u00dferdem einige Bilder von der Messe und Statements von OMSAG-Mitarbeitern, die mit vor Ort waren.<\/strong><\/span><\/p>\n<h2 style=\"text-align: justify;\">Bewusstsein f\u00fcr Online-Marketing-Potenzial von KMU w\u00e4chst<\/h2>\n<p style=\"text-align: justify;\">In vielen interessanten Gespr\u00e4chen mit Besuchern gewannen wir den Eindruck, dass das Bewusstsein von KMU-Unternehmen w\u00e4chst, sich <strong>vor den Big Playern im Konkurrenzumfeld nicht scheuen zu m\u00fcssen<\/strong>, wenn die Strategie stimmt. Genau daf\u00fcr waren zahlreiche unserer <strong>Teamleiter als pers\u00f6nliche Ansprechpartner vor Ort.<\/strong><\/p>\n<p style=\"text-align: justify;\">Online-Marketing ist eben nicht nur ein wichtiges Thema bei den gro\u00dfen Unternehmen. <strong>Im Gegenteil:<\/strong> Lokale und regionale Firmen bilden ihr ganz eigenes profitables Anbieterumfeld im Internet. Denn im Vergleich zu gro\u00dfen, internationalen Unternehmen sind sie enger mit ihrer Region verbunden, sind n\u00e4her am Kunden und k\u00f6nnen so besondere Bed\u00fcrfnisse ihrer Region z. T. einfacher und schneller bedienen.<\/p>\n<p style=\"text-align: justify;\">Die baukastenartig kombinierbaren Produktpakete der OMSAG, auf verschiedene Bed\u00fcrfnisse und Budgets von KMU abgestimmt, waren darum eines der wichtigen Themen am Stand. Mit der Einf\u00fchrung unserer <strong>neuen KMU-Premium-Pakete f\u00fcr Google AdWords<\/strong> z. B. (Werbeanzeigen in den Suchergebnissen bzw. im Werbenetzwerk von Google) haben wir unsere Online-Marketing-Leistungen Anfang des Jahres noch flexibler gestalten k\u00f6nnen.<\/p>\n<h2 style=\"text-align: justify;\">Neues Kundencenter mit optimierten Features<\/h2>\n<p>Au\u00dferdem pr\u00e4sentierten wir am Stand unser <strong>neues Kundenmen\u00fc unter der Bezeichnung \u201eKundencenter\u201c<\/strong> mit ver\u00e4nderter Benutzeroberfl\u00e4che live am Bildschirm. Im Kundencenter k\u00f6nnen Kunden der OMSAG all ihre Vertrags- bzw. Leistungsdetails sowie Ergebnisentwicklungen einsehen.<\/p>\n<p><img loading=\"lazy\" decoding=\"async\" class=\"aligncenter wp-image-8816\" src=\"https:\/\/www.omsag.de\/proxy\/wp-content\/uploads\/2015\/04\/20150413_omsag-blog_ITMedia_Neues-Kundencenter.jpg\" alt=\"Screen OMSAG Kundencenter\" width=\"321\" height=\"270\" \/><\/p>\n<p style=\"text-align: justify;\">Per <strong>Upgrade<\/strong> gibt es nun auch die Option f\u00fcr alle Kunden mit einem SEO- oder SEA-Paket, die komplett \u00fcberarbeiteten bzw. erg\u00e4nzten Features zu nutzen, wie z. B. auf das Kundenpaket zugeschnittene, \u00fcbersichtliche Statistiken zur Ergebnis- und Besucherentwicklung.<\/p>\n<h2 style=\"text-align: justify;\">Learnings f\u00fcr die Zukunft<\/h2>\n<p style=\"text-align: justify;\">Ein guter Messerstand lebt \u2013 neben guter Vorbereitung \u2013 zu einem gro\u00dfen Teil von den Mitarbeiterinnen und Mitarbeitern vor Ort. Die zahlreich verf\u00fcgbaren Teamleiter als Fachexperten kamen bei den Messebesuchern gut an und wurden darum viel in Anspruch genommen. Insbesondere Sascha konnte sich nach seinem Vortrag zeitweise vor Interessenten kaum retten, und g\u00f6nnte sich zur St\u00e4rkung nur eine kurze Pause. Aber alle Beteiligten haben sich in Zeug gelegt und damit f\u00fcr einen runden Messeauftritt gesorgt.<\/p>\n<p style=\"text-align: justify;\">Auf der IT&amp;Media konnten wir hohe Aufmerksamkeit und <strong>viele Ber\u00fchrungspunkte<\/strong> bei Interessenten bzw. potenziellen Kunden aus unterschiedlichen Branchen f\u00fcr unser Fachgebiet schaffen. Unser Fazit: Auch fachverwandte Veranstaltungen, die nicht zwangsl\u00e4ufig auf Online-Marketing oder unser Kerngebiet Suchmaschinenoptimierung fokussiert sind, sind f\u00fcr uns <strong>erfolgsversprechend<\/strong>.<\/p>\n<p style=\"text-align: justify;\"><strong>Alles in allem:<\/strong> eine super Basis f\u00fcr zuk\u00fcnftige Kooperationen, die Lust auf weitere Messeauftritte macht. Und mit dem Gef\u00fchl war ich nicht allein, so mein Eindruck nach der Messe. Unsere Erfahrung auf der IT-Fachmesse wird uns bei der Planung und Durchf\u00fchrung weiterer Messen in der Zukunft sicher von Vorteil sein.<\/p>\n","protected":false},"excerpt":{"rendered":"<p>Offene und neugierige Besucher, viele lokale Unternehmer, interessante Gespr\u00e4che, jede Menge Spa\u00df und zahlreiche spannende Ber\u00fchrungspunkte zwischen den Bereichen IT-Management und Online-Marketing: So lautet unser Kurzfazit als Aussteller auf der IT&amp;Media, die im Februar in Darmstadt stattfand. Ein Grund f\u00fcr die positive Resonanz am Ausstellerstand der Online Marketing Solutions AG (OMSAG) war der Best Practice-Vortrag [&hellip;]<\/p>\n","protected":false},"author":4,"featured_media":13895,"comment_status":"open","ping_status":"closed","sticky":false,"template":"","format":"standard","meta":{"content-type":"","footnotes":""},"categories":[39],"tags":[182,224,145],"yoast_head":"<!-- This site is optimized with the Yoast SEO plugin v22.8 - https:\/\/yoast.com\/wordpress\/plugins\/seo\/ -->\n<title>OMSAG auf der IT&amp;MEDIA: Spannende Vortr\u00e4ge &amp; Best-Practices<\/title>\n<meta name=\"description\" content=\"Wir waren auf der IT&amp;Media unterwegs und berichten euch \u00fcber unsere Eindr\u00fccke und neueste Trends frisch von der Messe.\" \/>\n<meta name=\"robots\" content=\"index, follow, max-snippet:-1, max-image-preview:large, max-video-preview:-1\" \/>\n<link rel=\"canonical\" href=\"https:\/\/www.omsag.de\/proxy\/online-marketing-blog\/unternehmensnachrichten\/positive-erfahrung-fuer-omsag-auf-itmedia-best-practice-vortrag-und-spannende-beruehrungspunkte\/\" \/>\n<meta property=\"og:locale\" content=\"de_DE\" \/>\n<meta property=\"og:type\" content=\"article\" \/>\n<meta property=\"og:title\" content=\"OMSAG auf der IT&amp;MEDIA: Spannende Vortr\u00e4ge &amp; Best-Practices\" \/>\n<meta property=\"og:description\" content=\"Wir waren auf der IT&amp;Media unterwegs und berichten euch \u00fcber unsere Eindr\u00fccke und neueste Trends frisch von der Messe.\" \/>\n<meta property=\"og:url\" content=\"https:\/\/www.omsag.de\/proxy\/online-marketing-blog\/unternehmensnachrichten\/positive-erfahrung-fuer-omsag-auf-itmedia-best-practice-vortrag-und-spannende-beruehrungspunkte\/\" \/>\n<meta property=\"og:site_name\" content=\"Online Marketing &amp; Suchmaschinenmarketing Agentur OMSAG\" \/>\n<meta property=\"article:publisher\" content=\"https:\/\/www.facebook.com\/Online.Marketing.Solutions.AG\" \/>\n<meta property=\"article:published_time\" content=\"2015-04-13T15:23:39+00:00\" \/>\n<meta property=\"article:modified_time\" content=\"2018-11-20T11:54:39+00:00\" \/>\n<meta property=\"og:image\" content=\"https:\/\/www.omsag.de\/proxy\/wp-content\/uploads\/2016\/07\/omsag.de_bb_OMSAG-Messen-und-Events_Bild-3.png\" \/>\n\t<meta property=\"og:image:width\" content=\"1010\" \/>\n\t<meta property=\"og:image:height\" content=\"500\" \/>\n\t<meta property=\"og:image:type\" content=\"image\/png\" \/>\n<meta name=\"author\" content=\"Blogredaktion\" \/>\n<meta name=\"twitter:card\" content=\"summary_large_image\" \/>\n<meta name=\"twitter:label1\" content=\"Verfasst von\" \/>\n\t<meta name=\"twitter:data1\" content=\"Blogredaktion\" \/>\n\t<meta name=\"twitter:label2\" content=\"Gesch\u00e4tzte Lesezeit\" \/>\n\t<meta name=\"twitter:data2\" content=\"5\u00a0Minuten\" \/>\n<script type=\"application\/ld+json\" class=\"yoast-schema-graph\">{\"@context\":\"https:\/\/schema.org\",\"@graph\":[{\"@type\":\"Article\",\"@id\":\"https:\/\/www.omsag.de\/proxy\/online-marketing-blog\/unternehmensnachrichten\/positive-erfahrung-fuer-omsag-auf-itmedia-best-practice-vortrag-und-spannende-beruehrungspunkte\/#article\",\"isPartOf\":{\"@id\":\"https:\/\/www.omsag.de\/proxy\/online-marketing-blog\/unternehmensnachrichten\/positive-erfahrung-fuer-omsag-auf-itmedia-best-practice-vortrag-und-spannende-beruehrungspunkte\/\"},\"author\":{\"name\":\"Blogredaktion\",\"@id\":\"https:\/\/www.omsag.de\/proxy\/#\/schema\/person\/8dcdf1052bc5e4a5e82b494f96fba999\"},\"headline\":\"Positive Erfahrung f\u00fcr OMSAG auf IT&#038;Media: Best Practice-Vortrag und spannende Ber\u00fchrungspunkte\",\"datePublished\":\"2015-04-13T15:23:39+00:00\",\"dateModified\":\"2018-11-20T11:54:39+00:00\",\"mainEntityOfPage\":{\"@id\":\"https:\/\/www.omsag.de\/proxy\/online-marketing-blog\/unternehmensnachrichten\/positive-erfahrung-fuer-omsag-auf-itmedia-best-practice-vortrag-und-spannende-beruehrungspunkte\/\"},\"wordCount\":971,\"commentCount\":0,\"publisher\":{\"@id\":\"https:\/\/www.omsag.de\/proxy\/#organization\"},\"image\":{\"@id\":\"https:\/\/www.omsag.de\/proxy\/online-marketing-blog\/unternehmensnachrichten\/positive-erfahrung-fuer-omsag-auf-itmedia-best-practice-vortrag-und-spannende-beruehrungspunkte\/#primaryimage\"},\"thumbnailUrl\":\"https:\/\/www.omsag.de\/proxy\/wp-content\/uploads\/2016\/07\/omsag.de_bb_OMSAG-Messen-und-Events_Bild-3.png\",\"keywords\":[\"online-marketing\",\"suchmaschinenmarketing\",\"suchmaschinenoptimierung\"],\"articleSection\":[\"Unternehmensnachrichten\"],\"inLanguage\":\"de\",\"potentialAction\":[{\"@type\":\"CommentAction\",\"name\":\"Comment\",\"target\":[\"https:\/\/www.omsag.de\/proxy\/online-marketing-blog\/unternehmensnachrichten\/positive-erfahrung-fuer-omsag-auf-itmedia-best-practice-vortrag-und-spannende-beruehrungspunkte\/#respond\"]}]},{\"@type\":\"WebPage\",\"@id\":\"https:\/\/www.omsag.de\/proxy\/online-marketing-blog\/unternehmensnachrichten\/positive-erfahrung-fuer-omsag-auf-itmedia-best-practice-vortrag-und-spannende-beruehrungspunkte\/\",\"url\":\"https:\/\/www.omsag.de\/proxy\/online-marketing-blog\/unternehmensnachrichten\/positive-erfahrung-fuer-omsag-auf-itmedia-best-practice-vortrag-und-spannende-beruehrungspunkte\/\",\"name\":\"OMSAG auf der IT&MEDIA: Spannende Vortr\u00e4ge & Best-Practices\",\"isPartOf\":{\"@id\":\"https:\/\/www.omsag.de\/proxy\/#website\"},\"primaryImageOfPage\":{\"@id\":\"https:\/\/www.omsag.de\/proxy\/online-marketing-blog\/unternehmensnachrichten\/positive-erfahrung-fuer-omsag-auf-itmedia-best-practice-vortrag-und-spannende-beruehrungspunkte\/#primaryimage\"},\"image\":{\"@id\":\"https:\/\/www.omsag.de\/proxy\/online-marketing-blog\/unternehmensnachrichten\/positive-erfahrung-fuer-omsag-auf-itmedia-best-practice-vortrag-und-spannende-beruehrungspunkte\/#primaryimage\"},\"thumbnailUrl\":\"https:\/\/www.omsag.de\/proxy\/wp-content\/uploads\/2016\/07\/omsag.de_bb_OMSAG-Messen-und-Events_Bild-3.png\",\"datePublished\":\"2015-04-13T15:23:39+00:00\",\"dateModified\":\"2018-11-20T11:54:39+00:00\",\"description\":\"Wir waren auf der IT&Media unterwegs und berichten euch \u00fcber unsere Eindr\u00fccke und neueste Trends frisch von der Messe.\",\"breadcrumb\":{\"@id\":\"https:\/\/www.omsag.de\/proxy\/online-marketing-blog\/unternehmensnachrichten\/positive-erfahrung-fuer-omsag-auf-itmedia-best-practice-vortrag-und-spannende-beruehrungspunkte\/#breadcrumb\"},\"inLanguage\":\"de\",\"potentialAction\":[{\"@type\":\"ReadAction\",\"target\":[\"https:\/\/www.omsag.de\/proxy\/online-marketing-blog\/unternehmensnachrichten\/positive-erfahrung-fuer-omsag-auf-itmedia-best-practice-vortrag-und-spannende-beruehrungspunkte\/\"]}]},{\"@type\":\"ImageObject\",\"inLanguage\":\"de\",\"@id\":\"https:\/\/www.omsag.de\/proxy\/online-marketing-blog\/unternehmensnachrichten\/positive-erfahrung-fuer-omsag-auf-itmedia-best-practice-vortrag-und-spannende-beruehrungspunkte\/#primaryimage\",\"url\":\"https:\/\/www.omsag.de\/proxy\/wp-content\/uploads\/2016\/07\/omsag.de_bb_OMSAG-Messen-und-Events_Bild-3.png\",\"contentUrl\":\"https:\/\/www.omsag.de\/proxy\/wp-content\/uploads\/2016\/07\/omsag.de_bb_OMSAG-Messen-und-Events_Bild-3.png\",\"width\":1010,\"height\":500},{\"@type\":\"BreadcrumbList\",\"@id\":\"https:\/\/www.omsag.de\/proxy\/online-marketing-blog\/unternehmensnachrichten\/positive-erfahrung-fuer-omsag-auf-itmedia-best-practice-vortrag-und-spannende-beruehrungspunkte\/#breadcrumb\",\"itemListElement\":[{\"@type\":\"ListItem\",\"position\":1,\"name\":\"Startseite\",\"item\":\"https:\/\/www.omsag.de\/proxy\/\"},{\"@type\":\"ListItem\",\"position\":2,\"name\":\"Unternehmensnachrichten\",\"item\":\"https:\/\/www.omsag.de\/proxy\/online-marketing-blog\/unternehmensnachrichten\/\"},{\"@type\":\"ListItem\",\"position\":3,\"name\":\"Positive Erfahrung f\u00fcr OMSAG auf IT&#038;Media: Best Practice-Vortrag und spannende Ber\u00fchrungspunkte\"}]},{\"@type\":\"WebSite\",\"@id\":\"https:\/\/www.omsag.de\/proxy\/#website\",\"url\":\"https:\/\/www.omsag.de\/proxy\/\",\"name\":\"Online Marketing & Suchmaschinenmarketing Agentur OMSAG\",\"description\":\"\",\"publisher\":{\"@id\":\"https:\/\/www.omsag.de\/proxy\/#organization\"},\"potentialAction\":[{\"@type\":\"SearchAction\",\"target\":{\"@type\":\"EntryPoint\",\"urlTemplate\":\"https:\/\/www.omsag.de\/proxy\/?s={search_term_string}\"},\"query-input\":\"required name=search_term_string\"}],\"inLanguage\":\"de\"},{\"@type\":\"Organization\",\"@id\":\"https:\/\/www.omsag.de\/proxy\/#organization\",\"name\":\"OMSAG\",\"url\":\"https:\/\/www.omsag.de\/proxy\/\",\"logo\":{\"@type\":\"ImageObject\",\"inLanguage\":\"de\",\"@id\":\"https:\/\/www.omsag.de\/proxy\/#\/schema\/logo\/image\/\",\"url\":\"https:\/\/www.omsag.de\/proxy\/wp-content\/uploads\/2020\/08\/oms-logo-1.jpg\",\"contentUrl\":\"https:\/\/www.omsag.de\/proxy\/wp-content\/uploads\/2020\/08\/oms-logo-1.jpg\",\"width\":500,\"height\":148,\"caption\":\"OMSAG\"},\"image\":{\"@id\":\"https:\/\/www.omsag.de\/proxy\/#\/schema\/logo\/image\/\"},\"sameAs\":[\"https:\/\/www.facebook.com\/Online.Marketing.Solutions.AG\",\"https:\/\/www.instagram.com\/omsag\/\",\"https:\/\/de.linkedin.com\/company\/online-marketing-solutions-ag\"]},{\"@type\":\"Person\",\"@id\":\"https:\/\/www.omsag.de\/proxy\/#\/schema\/person\/8dcdf1052bc5e4a5e82b494f96fba999\",\"name\":\"Blogredaktion\",\"description\":\"Unter \u201eBlogredaktion\u201c werden Fachbeitr\u00e4ge verschiedener Experten aus dem Unternehmen ohne Autorenkennzeichnung publiziert. Ihr habt Fragen oder Anregungen zu einem speziellen Beitrag? Kein Problem, die Blogredaktion steht euch daf\u00fcr gerne hier zur Verf\u00fcgung.\",\"sameAs\":[\"https:\/\/www.omsag.de\"],\"url\":\"https:\/\/www.omsag.de\/proxy\/online-marketing-blog\/author\/blogredaktion\/\"}]}<\/script>\n<!-- \/ Yoast SEO plugin. -->","yoast_head_json":{"title":"OMSAG auf der IT&MEDIA: Spannende Vortr\u00e4ge & Best-Practices","description":"Wir waren auf der IT&Media unterwegs und berichten euch \u00fcber unsere Eindr\u00fccke und neueste Trends frisch von der Messe.","robots":{"index":"index","follow":"follow","max-snippet":"max-snippet:-1","max-image-preview":"max-image-preview:large","max-video-preview":"max-video-preview:-1"},"canonical":"https:\/\/www.omsag.de\/proxy\/online-marketing-blog\/unternehmensnachrichten\/positive-erfahrung-fuer-omsag-auf-itmedia-best-practice-vortrag-und-spannende-beruehrungspunkte\/","og_locale":"de_DE","og_type":"article","og_title":"OMSAG auf der IT&MEDIA: Spannende Vortr\u00e4ge & Best-Practices","og_description":"Wir waren auf der IT&Media unterwegs und berichten euch \u00fcber unsere Eindr\u00fccke und neueste Trends frisch von der Messe.","og_url":"https:\/\/www.omsag.de\/proxy\/online-marketing-blog\/unternehmensnachrichten\/positive-erfahrung-fuer-omsag-auf-itmedia-best-practice-vortrag-und-spannende-beruehrungspunkte\/","og_site_name":"Online Marketing &amp; Suchmaschinenmarketing Agentur OMSAG","article_publisher":"https:\/\/www.facebook.com\/Online.Marketing.Solutions.AG","article_published_time":"2015-04-13T15:23:39+00:00","article_modified_time":"2018-11-20T11:54:39+00:00","og_image":[{"width":1010,"height":500,"url":"https:\/\/www.omsag.de\/proxy\/wp-content\/uploads\/2016\/07\/omsag.de_bb_OMSAG-Messen-und-Events_Bild-3.png","type":"image\/png"}],"author":"Blogredaktion","twitter_card":"summary_large_image","twitter_misc":{"Verfasst von":"Blogredaktion","Gesch\u00e4tzte Lesezeit":"5\u00a0Minuten"},"schema":{"@context":"https:\/\/schema.org","@graph":[{"@type":"Article","@id":"https:\/\/www.omsag.de\/proxy\/online-marketing-blog\/unternehmensnachrichten\/positive-erfahrung-fuer-omsag-auf-itmedia-best-practice-vortrag-und-spannende-beruehrungspunkte\/#article","isPartOf":{"@id":"https:\/\/www.omsag.de\/proxy\/online-marketing-blog\/unternehmensnachrichten\/positive-erfahrung-fuer-omsag-auf-itmedia-best-practice-vortrag-und-spannende-beruehrungspunkte\/"},"author":{"name":"Blogredaktion","@id":"https:\/\/www.omsag.de\/proxy\/#\/schema\/person\/8dcdf1052bc5e4a5e82b494f96fba999"},"headline":"Positive Erfahrung f\u00fcr OMSAG auf IT&#038;Media: Best Practice-Vortrag und spannende Ber\u00fchrungspunkte","datePublished":"2015-04-13T15:23:39+00:00","dateModified":"2018-11-20T11:54:39+00:00","mainEntityOfPage":{"@id":"https:\/\/www.omsag.de\/proxy\/online-marketing-blog\/unternehmensnachrichten\/positive-erfahrung-fuer-omsag-auf-itmedia-best-practice-vortrag-und-spannende-beruehrungspunkte\/"},"wordCount":971,"commentCount":0,"publisher":{"@id":"https:\/\/www.omsag.de\/proxy\/#organization"},"image":{"@id":"https:\/\/www.omsag.de\/proxy\/online-marketing-blog\/unternehmensnachrichten\/positive-erfahrung-fuer-omsag-auf-itmedia-best-practice-vortrag-und-spannende-beruehrungspunkte\/#primaryimage"},"thumbnailUrl":"https:\/\/www.omsag.de\/proxy\/wp-content\/uploads\/2016\/07\/omsag.de_bb_OMSAG-Messen-und-Events_Bild-3.png","keywords":["online-marketing","suchmaschinenmarketing","suchmaschinenoptimierung"],"articleSection":["Unternehmensnachrichten"],"inLanguage":"de","potentialAction":[{"@type":"CommentAction","name":"Comment","target":["https:\/\/www.omsag.de\/proxy\/online-marketing-blog\/unternehmensnachrichten\/positive-erfahrung-fuer-omsag-auf-itmedia-best-practice-vortrag-und-spannende-beruehrungspunkte\/#respond"]}]},{"@type":"WebPage","@id":"https:\/\/www.omsag.de\/proxy\/online-marketing-blog\/unternehmensnachrichten\/positive-erfahrung-fuer-omsag-auf-itmedia-best-practice-vortrag-und-spannende-beruehrungspunkte\/","url":"https:\/\/www.omsag.de\/proxy\/online-marketing-blog\/unternehmensnachrichten\/positive-erfahrung-fuer-omsag-auf-itmedia-best-practice-vortrag-und-spannende-beruehrungspunkte\/","name":"OMSAG auf der IT&MEDIA: Spannende Vortr\u00e4ge & Best-Practices","isPartOf":{"@id":"https:\/\/www.omsag.de\/proxy\/#website"},"primaryImageOfPage":{"@id":"https:\/\/www.omsag.de\/proxy\/online-marketing-blog\/unternehmensnachrichten\/positive-erfahrung-fuer-omsag-auf-itmedia-best-practice-vortrag-und-spannende-beruehrungspunkte\/#primaryimage"},"image":{"@id":"https:\/\/www.omsag.de\/proxy\/online-marketing-blog\/unternehmensnachrichten\/positive-erfahrung-fuer-omsag-auf-itmedia-best-practice-vortrag-und-spannende-beruehrungspunkte\/#primaryimage"},"thumbnailUrl":"https:\/\/www.omsag.de\/proxy\/wp-content\/uploads\/2016\/07\/omsag.de_bb_OMSAG-Messen-und-Events_Bild-3.png","datePublished":"2015-04-13T15:23:39+00:00","dateModified":"2018-11-20T11:54:39+00:00","description":"Wir waren auf der IT&Media unterwegs und berichten euch \u00fcber unsere Eindr\u00fccke und neueste Trends frisch von der Messe.","breadcrumb":{"@id":"https:\/\/www.omsag.de\/proxy\/online-marketing-blog\/unternehmensnachrichten\/positive-erfahrung-fuer-omsag-auf-itmedia-best-practice-vortrag-und-spannende-beruehrungspunkte\/#breadcrumb"},"inLanguage":"de","potentialAction":[{"@type":"ReadAction","target":["https:\/\/www.omsag.de\/proxy\/online-marketing-blog\/unternehmensnachrichten\/positive-erfahrung-fuer-omsag-auf-itmedia-best-practice-vortrag-und-spannende-beruehrungspunkte\/"]}]},{"@type":"ImageObject","inLanguage":"de","@id":"https:\/\/www.omsag.de\/proxy\/online-marketing-blog\/unternehmensnachrichten\/positive-erfahrung-fuer-omsag-auf-itmedia-best-practice-vortrag-und-spannende-beruehrungspunkte\/#primaryimage","url":"https:\/\/www.omsag.de\/proxy\/wp-content\/uploads\/2016\/07\/omsag.de_bb_OMSAG-Messen-und-Events_Bild-3.png","contentUrl":"https:\/\/www.omsag.de\/proxy\/wp-content\/uploads\/2016\/07\/omsag.de_bb_OMSAG-Messen-und-Events_Bild-3.png","width":1010,"height":500},{"@type":"BreadcrumbList","@id":"https:\/\/www.omsag.de\/proxy\/online-marketing-blog\/unternehmensnachrichten\/positive-erfahrung-fuer-omsag-auf-itmedia-best-practice-vortrag-und-spannende-beruehrungspunkte\/#breadcrumb","itemListElement":[{"@type":"ListItem","position":1,"name":"Startseite","item":"https:\/\/www.omsag.de\/proxy\/"},{"@type":"ListItem","position":2,"name":"Unternehmensnachrichten","item":"https:\/\/www.omsag.de\/proxy\/online-marketing-blog\/unternehmensnachrichten\/"},{"@type":"ListItem","position":3,"name":"Positive Erfahrung f\u00fcr OMSAG auf IT&#038;Media: Best Practice-Vortrag und spannende Ber\u00fchrungspunkte"}]},{"@type":"WebSite","@id":"https:\/\/www.omsag.de\/proxy\/#website","url":"https:\/\/www.omsag.de\/proxy\/","name":"Online Marketing & Suchmaschinenmarketing Agentur OMSAG","description":"","publisher":{"@id":"https:\/\/www.omsag.de\/proxy\/#organization"},"potentialAction":[{"@type":"SearchAction","target":{"@type":"EntryPoint","urlTemplate":"https:\/\/www.omsag.de\/proxy\/?s={search_term_string}"},"query-input":"required name=search_term_string"}],"inLanguage":"de"},{"@type":"Organization","@id":"https:\/\/www.omsag.de\/proxy\/#organization","name":"OMSAG","url":"https:\/\/www.omsag.de\/proxy\/","logo":{"@type":"ImageObject","inLanguage":"de","@id":"https:\/\/www.omsag.de\/proxy\/#\/schema\/logo\/image\/","url":"https:\/\/www.omsag.de\/proxy\/wp-content\/uploads\/2020\/08\/oms-logo-1.jpg","contentUrl":"https:\/\/www.omsag.de\/proxy\/wp-content\/uploads\/2020\/08\/oms-logo-1.jpg","width":500,"height":148,"caption":"OMSAG"},"image":{"@id":"https:\/\/www.omsag.de\/proxy\/#\/schema\/logo\/image\/"},"sameAs":["https:\/\/www.facebook.com\/Online.Marketing.Solutions.AG","https:\/\/www.instagram.com\/omsag\/","https:\/\/de.linkedin.com\/company\/online-marketing-solutions-ag"]},{"@type":"Person","@id":"https:\/\/www.omsag.de\/proxy\/#\/schema\/person\/8dcdf1052bc5e4a5e82b494f96fba999","name":"Blogredaktion","description":"Unter \u201eBlogredaktion\u201c werden Fachbeitr\u00e4ge verschiedener Experten aus dem Unternehmen ohne Autorenkennzeichnung publiziert. Ihr habt Fragen oder Anregungen zu einem speziellen Beitrag? Kein Problem, die Blogredaktion steht euch daf\u00fcr gerne hier zur Verf\u00fcgung.","sameAs":["https:\/\/www.omsag.de"],"url":"https:\/\/www.omsag.de\/proxy\/online-marketing-blog\/author\/blogredaktion\/"}]}},"_links":{"self":[{"href":"https:\/\/www.omsag.de\/proxy\/wp-json\/wp\/v2\/posts\/8746"}],"collection":[{"href":"https:\/\/www.omsag.de\/proxy\/wp-json\/wp\/v2\/posts"}],"about":[{"href":"https:\/\/www.omsag.de\/proxy\/wp-json\/wp\/v2\/types\/post"}],"author":[{"embeddable":true,"href":"https:\/\/www.omsag.de\/proxy\/wp-json\/wp\/v2\/users\/4"}],"replies":[{"embeddable":true,"href":"https:\/\/www.omsag.de\/proxy\/wp-json\/wp\/v2\/comments?post=8746"}],"version-history":[{"count":0,"href":"https:\/\/www.omsag.de\/proxy\/wp-json\/wp\/v2\/posts\/8746\/revisions"}],"wp:featuredmedia":[{"embeddable":true,"href":"https:\/\/www.omsag.de\/proxy\/wp-json\/wp\/v2\/media\/13895"}],"wp:attachment":[{"href":"https:\/\/www.omsag.de\/proxy\/wp-json\/wp\/v2\/media?parent=8746"}],"wp:term":[{"taxonomy":"category","embeddable":true,"href":"https:\/\/www.omsag.de\/proxy\/wp-json\/wp\/v2\/categories?post=8746"},{"taxonomy":"post_tag","embeddable":true,"href":"https:\/\/www.omsag.de\/proxy\/wp-json\/wp\/v2\/tags?post=8746"}],"curies":[{"name":"wp","href":"https:\/\/api.w.org\/{rel}","templated":true}]}}