{"id":83460,"date":"2017-03-01T09:48:45","date_gmt":"2017-03-01T08:48:45","guid":{"rendered":"https:\/\/www.omsag.de\/?p=83460"},"modified":"2019-01-16T16:26:34","modified_gmt":"2019-01-16T15:26:34","slug":"mybo-eventreihe-der-omsag","status":"publish","type":"post","link":"https:\/\/www.omsag.de\/proxy\/online-marketing-blog\/unternehmensnachrichten\/mybo-eventreihe-der-omsag\/","title":{"rendered":"Volle Digital-Kraft voraus! Jetzt f\u00fcr MyBo-Events anmelden und mit Online-Marketing durchstarten"},"content":{"rendered":"<p>Diese Events sollten B2C-Dienstleister nicht verpassen! Denn unsere Vortragsreihe <strong>\u201cMyBo \u2013 Move your Business online\u201d<\/strong> bietet mit drei verschiedenen Online-Marketing-Vortr\u00e4gen die Gelegenheit, sich \u00fcber die wichtigsten ersten Steps f\u00fcr einen Einstieg ins Digital-Business zu informieren. Wer auf graue Theorie steht, ist bei uns definitiv falsch!<\/p>\n<h2>Diese Trends sollten Unternehmer nicht auf die leichte Schulter nehmen<\/h2>\n<p>Gleich mehrere Entwicklungen der modernen und technologieorientierten Zeit machen die Online-Pr\u00e4senz von Unternehmen heutzutage unausweichlich. Ganz vorne liegen nach wie vor die Digitalisierung und auch die rasant zunehmende mobile Internetnutzung. Bereits \u00fcber 80 Prozent der deutschsprachigen Bev\u00f6lkerung nutzten 2016 das Internet laut der aktuellen ARD\/ZDF-Onlinestudie \u2013 vier Prozent mehr als noch im Jahr davor. Informationsrecherchen \u2013 vor allem \u00fcber Google \u2013 werden dabei immer beliebter ebenso wie Online-Communities. Doch <strong>vielen Unternehmen fehlen die Zeit und das Know-how<\/strong>, ihre eigene Online-Strategie zu entwickeln und umzusetzen. Die MyBo-Eventreihe ist daher genau das richtige Angebot, um sich zeitsparend zum eigenen Online-Marketing-Einstieg beraten zu lassen. B2C-Unternehmen k\u00f6nnen dabei direkt von unseren Experten erfahren, welche Ma\u00dfnahmen f\u00fcr einen Einstieg f\u00fcr sie pers\u00f6nlich erfolgsrelevant sind. Gleichzeitig lernen sie, ihr Umsatzpotenzial im Internet (besser) zu nutzen.<\/p>\n<h2>Das erwartet die Teilnehmer<\/h2>\n<p>Unsere <a href=\"https:\/\/www.omsag.de\/leistungen\/seo-agentur\/\">Experten f\u00fcr Suchmaschinenoptimierung<\/a> (SEO), <a href=\"https:\/\/www.omsag.de\/wissen\/suchmaschinenwerbung\/\">Suchmaschinenwerbung<\/a> (SEA) und <a href=\"https:\/\/www.omsag.de\/wissen\/social-media-marketing\/\">Social Media Marketing (SMM)<\/a> werden in ihren Vortr\u00e4gen <strong>aktuellste Best Practices und Erfolgsbeispiele<\/strong> aus ihrem Bereich pr\u00e4sentieren. Dabei sind alle Vortr\u00e4ge branchen\u00fcbergreifend ausgerichtet, mit Fokus auf B2C-Dienstleister. Durch die begrenzte Teilnehmerzahl bleibt viel Spielraum f\u00fcr Fragen, Austausch plus pers\u00f6nliche Tipps f\u00fcr unsere G\u00e4ste.<\/p>\n<p><img loading=\"lazy\" decoding=\"async\" class=\"wp-image-83463 size-medium aligncenter\" title=\"Alle Vortr\u00e4ge und Termine auf www.omsag.de\/mybo-events-2017!\" src=\"https:\/\/cdn.omsag.de\/content\/uploads\/2017\/02\/mybo-full-300x104.png\" alt=\"MyBo-Logo\" width=\"300\" height=\"104\" \/><\/p>\n<p>Bis November dieses Jahres stehen verschiedenen Termine f\u00fcr die Vortr\u00e4ge zur Auswahl. Veranstaltungsort ist unser Firmensitz in Eschborn bei Frankfurt am Main. Anfang Februar ging es los mit dem Vortrag von SEO Key Account-Leiter Stefan Sch\u00e4fer. Hier im Facebook-Album k\u00f6nnt ihr euch selbst einen Eindruck verschaffen. \u00dcbrigens: \u00dcber die kommenden Monate werden wir das Album mit weiteren Event-Bildern bef\u00fcllen. Also schaut zwischendurch mal dort vorbei oder verbindet euch doch einfach direkt mit uns unter fb.omsag.de!<\/p>\n<table class=\"event_table\">\n<tbody>\n<tr>\n<td><img loading=\"lazy\" decoding=\"async\" class=\"aligncenter size-full wp-image-83237\" src=\"https:\/\/cdn.omsag.de\/content\/uploads\/2017\/01\/stefan_300.png\" alt=\"Stefan Sch\u00e4fer\" width=\"300\" height=\"300\" \/><b>Stefan Sch\u00e4fer<\/b><br \/>\nLeitung SEO Key Account<\/p>\n<p class=\"green\">Mehr potenzielle Kunden auf Ihre Website f\u00fchren &#8211; mit <a href=\"https:\/\/www.omsag.de\/wissen\/suchmaschinenoptimierung\/\">Suchmaschinenoptimierung<\/a> (SEO) f\u00fcr B2C-Dienstleister<\/p>\n<p>9. Februar 2017<br \/>\n7. September 2017<\/td>\n<td><img loading=\"lazy\" decoding=\"async\" class=\"aligncenter size-medium wp-image-12599\" src=\"https:\/\/cdn.omsag.de\/content\/uploads\/2015\/10\/adrian_sievering_portrait-300x300.png\" alt=\"\" width=\"300\" height=\"300\" \/><b>Adrian Sievering<\/b><br \/>\nLeitung SEA<\/p>\n<p class=\"green\">Google AdWords f\u00fcr B2C-Dienstleister: Wie Sie effektiv Ihre Zielgruppe erreichen k\u00f6nnen<\/p>\n<p>9. M\u00e4rz 2017<br \/>\n5. Oktober 2017<\/td>\n<td><img loading=\"lazy\" decoding=\"async\" class=\"aligncenter size-full wp-image-12630\" src=\"https:\/\/cdn.omsag.de\/content\/uploads\/2015\/10\/Blanka-Szczebak.png\" alt=\"\" width=\"300\" height=\"300\" \/><b>Blanka Szczebak<\/b><br \/>\nLeitung Social Media<\/p>\n<p class=\"green\">Social-Media-Planung f\u00fcr B2C-Dienstleister: Warum Sie Struktur brauchen, um flexibel zu bleiben.<\/p>\n<p>27. April 2017<br \/>\n9. November 2017<\/td>\n<\/tr>\n<\/tbody>\n<\/table>\n<p>&nbsp;<\/p>\n<p>Im M\u00e4rz und April geht es mit den Vortr\u00e4gen von <a href=\"https:\/\/www.omsag.de\/wissen\/suchmaschinenwerbung\/\">SEA<\/a>-Leiter Adrian Sievering und SMM-Leiterin Blanka Szczebak weiter. Damit decken die MyBo-Events insgesamt drei der wichtigsten Online-Marketing-Gebiete ab. <strong>Beginn ist jeweils um 14 Uhr<\/strong> (Konferenzraum \u201cGoogle\u201c). Alle Teilnehmer, die Lust und Zeit f\u00fcr ein gegenseitiges Kennenlernen vor dem Vortrag mitbringen, hei\u00dfen wir sehr gerne bereits ab 13:30 Uhr willkommen.<\/p>\n<p><strong>Ihr wollt als Gewerbetreibender dabei sein? Dann sichert euch direkt einen Platz!<\/strong><\/p>\n<p>Schon 2016 haben wir \u00fcbrigens zusammen mit unserem langj\u00e4hrigen Partner, dem Mittelstandsverband BVMW, eine Online-Marketing-Eventreihe realisiert. Schaut hier im Video, wie die damaligen Teilnehmer die Veranstaltungen beurteilt haben:<\/p>\n<div class=\"brlbs-cmpnt-container brlbs-cmpnt-content-blocker\" data-borlabs-cookie-content-blocker-id=\"default\" data-borlabs-cookie-content=\"PGlmcmFtZSBzcmM9Imh0dHBzOi8vd3d3LnlvdXR1YmUuY29tL2VtYmVkLzY3NGVSdnhmYVVjIiB3aWR0aD0iNTYwIiBoZWlnaHQ9IjMxNSIgZnJhbWVib3JkZXI9IjAiIGFsbG93ZnVsbHNjcmVlbj0iYWxsb3dmdWxsc2NyZWVuIj48L2lmcmFtZT4=\" >\n<div class=\"brlbs-cmpnt-cb-preset-a\">\n<p class=\"brlbs-cmpnt-cb-description\">Sie sehen gerade einen Platzhalterinhalt von <strong>Standard<\/strong>. Um auf den eigentlichen Inhalt zuzugreifen, klicken Sie auf den Button unten. Bitte beachten Sie, dass dabei Daten an Drittanbieter weitergegeben werden.<\/p>\n<div class=\"brlbs-cmpnt-cb-buttons\"> <a class=\"brlbs-cmpnt-cb-btn\" href=\"#\" data-borlabs-cookie-unblock role=\"button\">Inhalt entsperren<\/a> <a class=\"brlbs-cmpnt-cb-btn\" href=\"#\" data-borlabs-cookie-accept-service role=\"button\" style=\"display: none\">Erforderlichen Service akzeptieren und Inhalte entsperren<\/a> <\/div>\n<p> <a class=\"brlbs-cmpnt-cb-provider-toggle\" href=\"#\" data-borlabs-cookie-show-provider-information role=\"button\">Weitere Informationen<\/a> <\/div>\n<\/div>\n<p style=\"text-align: left;\"><strong>Nutzt auch ihr eure Chance und seid bei unseren MyBo-Events dabei &#8211; wir freuen uns auf eure Teilnahme!<\/strong><\/p>\n<p style=\"text-align: left;\"><img loading=\"lazy\" decoding=\"async\" class=\"aligncenter wp-image-14652\" title=\"Auf Instagram bieten wir euch pers\u00f6nliche Einblicke in unser Agenturleben!\" src=\"https:\/\/cdn.omsag.de\/content\/uploads\/2016\/11\/Instagram-Banner_gr\u00fcn-gelb.png\" alt=\"Ihr findet uns auch auf Instagram: www.instagram.com\/omsag\" width=\"853\" height=\"152\" \/><\/p>\n","protected":false},"excerpt":{"rendered":"<p>Diese Events sollten B2C-Dienstleister nicht verpassen! Denn unsere Vortragsreihe \u201cMyBo \u2013 Move your Business online\u201d bietet mit drei verschiedenen Online-Marketing-Vortr\u00e4gen die Gelegenheit, sich \u00fcber die wichtigsten ersten Steps f\u00fcr einen Einstieg ins Digital-Business zu informieren. Wer auf graue Theorie steht, ist bei uns definitiv falsch! Diese Trends sollten Unternehmer nicht auf die leichte Schulter nehmen [&hellip;]<\/p>\n","protected":false},"author":4,"featured_media":83477,"comment_status":"open","ping_status":"closed","sticky":false,"template":"","format":"standard","meta":{"content-type":"","footnotes":""},"categories":[181,39],"tags":[323,204,236,145,279,243,324],"yoast_head":"<!-- This site is optimized with the Yoast SEO plugin v22.8 - https:\/\/yoast.com\/wordpress\/plugins\/seo\/ -->\n<title>Eventreihe MyBo: Jetzt f\u00fcr Online-Marketing-Vortr\u00e4ge anmelden!<\/title>\n<meta name=\"description\" content=\"Unter dem Motto &quot;MyBo - Move your Business online&quot; laden wir B2C-Dienstleister herzlich zu verschiedenen Vortr\u00e4gen zu uns nach Eschborn ein!\" \/>\n<meta name=\"robots\" content=\"index, follow, max-snippet:-1, max-image-preview:large, max-video-preview:-1\" \/>\n<link rel=\"canonical\" href=\"https:\/\/www.omsag.de\/proxy\/online-marketing-blog\/unternehmensnachrichten\/mybo-eventreihe-der-omsag\/\" \/>\n<meta property=\"og:locale\" content=\"de_DE\" \/>\n<meta property=\"og:type\" content=\"article\" \/>\n<meta property=\"og:title\" content=\"Eventreihe MyBo: Jetzt f\u00fcr Online-Marketing-Vortr\u00e4ge anmelden!\" \/>\n<meta property=\"og:description\" content=\"Unter dem Motto &quot;MyBo - Move your Business online&quot; laden wir B2C-Dienstleister herzlich zu verschiedenen Vortr\u00e4gen zu uns nach Eschborn ein!\" \/>\n<meta property=\"og:url\" content=\"https:\/\/www.omsag.de\/proxy\/online-marketing-blog\/unternehmensnachrichten\/mybo-eventreihe-der-omsag\/\" \/>\n<meta property=\"og:site_name\" content=\"Online Marketing &amp; Suchmaschinenmarketing Agentur OMSAG\" \/>\n<meta property=\"article:publisher\" content=\"https:\/\/www.facebook.com\/Online.Marketing.Solutions.AG\" \/>\n<meta property=\"article:published_time\" content=\"2017-03-01T08:48:45+00:00\" \/>\n<meta property=\"article:modified_time\" content=\"2019-01-16T15:26:34+00:00\" \/>\n<meta property=\"og:image\" content=\"https:\/\/www.omsag.de\/proxy\/wp-content\/uploads\/2017\/02\/Beitragsbild_omsag.de_MyBo-Events-2017.png\" \/>\n\t<meta property=\"og:image:width\" content=\"1010\" \/>\n\t<meta property=\"og:image:height\" content=\"500\" \/>\n\t<meta property=\"og:image:type\" content=\"image\/png\" \/>\n<meta name=\"author\" content=\"Blogredaktion\" \/>\n<meta name=\"twitter:card\" content=\"summary_large_image\" \/>\n<meta name=\"twitter:label1\" content=\"Verfasst von\" \/>\n\t<meta name=\"twitter:data1\" content=\"Blogredaktion\" \/>\n\t<meta name=\"twitter:label2\" content=\"Gesch\u00e4tzte Lesezeit\" \/>\n\t<meta name=\"twitter:data2\" content=\"3\u00a0Minuten\" \/>\n<script type=\"application\/ld+json\" class=\"yoast-schema-graph\">{\"@context\":\"https:\/\/schema.org\",\"@graph\":[{\"@type\":\"Article\",\"@id\":\"https:\/\/www.omsag.de\/proxy\/online-marketing-blog\/unternehmensnachrichten\/mybo-eventreihe-der-omsag\/#article\",\"isPartOf\":{\"@id\":\"https:\/\/www.omsag.de\/proxy\/online-marketing-blog\/unternehmensnachrichten\/mybo-eventreihe-der-omsag\/\"},\"author\":{\"name\":\"Blogredaktion\",\"@id\":\"https:\/\/www.omsag.de\/proxy\/#\/schema\/person\/8dcdf1052bc5e4a5e82b494f96fba999\"},\"headline\":\"Volle Digital-Kraft voraus! Jetzt f\u00fcr MyBo-Events anmelden und mit Online-Marketing durchstarten\",\"datePublished\":\"2017-03-01T08:48:45+00:00\",\"dateModified\":\"2019-01-16T15:26:34+00:00\",\"mainEntityOfPage\":{\"@id\":\"https:\/\/www.omsag.de\/proxy\/online-marketing-blog\/unternehmensnachrichten\/mybo-eventreihe-der-omsag\/\"},\"wordCount\":535,\"commentCount\":0,\"publisher\":{\"@id\":\"https:\/\/www.omsag.de\/proxy\/#organization\"},\"image\":{\"@id\":\"https:\/\/www.omsag.de\/proxy\/online-marketing-blog\/unternehmensnachrichten\/mybo-eventreihe-der-omsag\/#primaryimage\"},\"thumbnailUrl\":\"https:\/\/www.omsag.de\/proxy\/wp-content\/uploads\/2017\/02\/Beitragsbild_omsag.de_MyBo-Events-2017.png\",\"keywords\":[\"best practices\",\"google adwords\",\"social media marketing\",\"suchmaschinenoptimierung\",\"suchmaschinenwerbung\",\"veranstaltung\",\"workshop\"],\"articleSection\":[\"Online Public Relations\",\"Unternehmensnachrichten\"],\"inLanguage\":\"de\",\"potentialAction\":[{\"@type\":\"CommentAction\",\"name\":\"Comment\",\"target\":[\"https:\/\/www.omsag.de\/proxy\/online-marketing-blog\/unternehmensnachrichten\/mybo-eventreihe-der-omsag\/#respond\"]}]},{\"@type\":\"WebPage\",\"@id\":\"https:\/\/www.omsag.de\/proxy\/online-marketing-blog\/unternehmensnachrichten\/mybo-eventreihe-der-omsag\/\",\"url\":\"https:\/\/www.omsag.de\/proxy\/online-marketing-blog\/unternehmensnachrichten\/mybo-eventreihe-der-omsag\/\",\"name\":\"Eventreihe MyBo: Jetzt f\u00fcr Online-Marketing-Vortr\u00e4ge anmelden!\",\"isPartOf\":{\"@id\":\"https:\/\/www.omsag.de\/proxy\/#website\"},\"primaryImageOfPage\":{\"@id\":\"https:\/\/www.omsag.de\/proxy\/online-marketing-blog\/unternehmensnachrichten\/mybo-eventreihe-der-omsag\/#primaryimage\"},\"image\":{\"@id\":\"https:\/\/www.omsag.de\/proxy\/online-marketing-blog\/unternehmensnachrichten\/mybo-eventreihe-der-omsag\/#primaryimage\"},\"thumbnailUrl\":\"https:\/\/www.omsag.de\/proxy\/wp-content\/uploads\/2017\/02\/Beitragsbild_omsag.de_MyBo-Events-2017.png\",\"datePublished\":\"2017-03-01T08:48:45+00:00\",\"dateModified\":\"2019-01-16T15:26:34+00:00\",\"description\":\"Unter dem Motto \\\"MyBo - Move your Business online\\\" laden wir B2C-Dienstleister herzlich zu verschiedenen Vortr\u00e4gen zu uns nach Eschborn ein!\",\"breadcrumb\":{\"@id\":\"https:\/\/www.omsag.de\/proxy\/online-marketing-blog\/unternehmensnachrichten\/mybo-eventreihe-der-omsag\/#breadcrumb\"},\"inLanguage\":\"de\",\"potentialAction\":[{\"@type\":\"ReadAction\",\"target\":[\"https:\/\/www.omsag.de\/proxy\/online-marketing-blog\/unternehmensnachrichten\/mybo-eventreihe-der-omsag\/\"]}]},{\"@type\":\"ImageObject\",\"inLanguage\":\"de\",\"@id\":\"https:\/\/www.omsag.de\/proxy\/online-marketing-blog\/unternehmensnachrichten\/mybo-eventreihe-der-omsag\/#primaryimage\",\"url\":\"https:\/\/www.omsag.de\/proxy\/wp-content\/uploads\/2017\/02\/Beitragsbild_omsag.de_MyBo-Events-2017.png\",\"contentUrl\":\"https:\/\/www.omsag.de\/proxy\/wp-content\/uploads\/2017\/02\/Beitragsbild_omsag.de_MyBo-Events-2017.png\",\"width\":1010,\"height\":500,\"caption\":\"Motto unserer Eventreihe 2017: \\\"MyBo - Move your Business online\\\"\"},{\"@type\":\"BreadcrumbList\",\"@id\":\"https:\/\/www.omsag.de\/proxy\/online-marketing-blog\/unternehmensnachrichten\/mybo-eventreihe-der-omsag\/#breadcrumb\",\"itemListElement\":[{\"@type\":\"ListItem\",\"position\":1,\"name\":\"Startseite\",\"item\":\"https:\/\/www.omsag.de\/proxy\/\"},{\"@type\":\"ListItem\",\"position\":2,\"name\":\"Online Public Relations\",\"item\":\"https:\/\/www.omsag.de\/proxy\/online-marketing-blog\/online-marketing-blog-der-omsag-archiv-online-public-relations\/\"},{\"@type\":\"ListItem\",\"position\":3,\"name\":\"Volle Digital-Kraft voraus! Jetzt f\u00fcr MyBo-Events anmelden und mit Online-Marketing durchstarten\"}]},{\"@type\":\"WebSite\",\"@id\":\"https:\/\/www.omsag.de\/proxy\/#website\",\"url\":\"https:\/\/www.omsag.de\/proxy\/\",\"name\":\"Online Marketing & Suchmaschinenmarketing Agentur OMSAG\",\"description\":\"\",\"publisher\":{\"@id\":\"https:\/\/www.omsag.de\/proxy\/#organization\"},\"potentialAction\":[{\"@type\":\"SearchAction\",\"target\":{\"@type\":\"EntryPoint\",\"urlTemplate\":\"https:\/\/www.omsag.de\/proxy\/?s={search_term_string}\"},\"query-input\":\"required name=search_term_string\"}],\"inLanguage\":\"de\"},{\"@type\":\"Organization\",\"@id\":\"https:\/\/www.omsag.de\/proxy\/#organization\",\"name\":\"OMSAG\",\"url\":\"https:\/\/www.omsag.de\/proxy\/\",\"logo\":{\"@type\":\"ImageObject\",\"inLanguage\":\"de\",\"@id\":\"https:\/\/www.omsag.de\/proxy\/#\/schema\/logo\/image\/\",\"url\":\"https:\/\/www.omsag.de\/proxy\/wp-content\/uploads\/2020\/08\/oms-logo-1.jpg\",\"contentUrl\":\"https:\/\/www.omsag.de\/proxy\/wp-content\/uploads\/2020\/08\/oms-logo-1.jpg\",\"width\":500,\"height\":148,\"caption\":\"OMSAG\"},\"image\":{\"@id\":\"https:\/\/www.omsag.de\/proxy\/#\/schema\/logo\/image\/\"},\"sameAs\":[\"https:\/\/www.facebook.com\/Online.Marketing.Solutions.AG\",\"https:\/\/www.instagram.com\/omsag\/\",\"https:\/\/de.linkedin.com\/company\/online-marketing-solutions-ag\"]},{\"@type\":\"Person\",\"@id\":\"https:\/\/www.omsag.de\/proxy\/#\/schema\/person\/8dcdf1052bc5e4a5e82b494f96fba999\",\"name\":\"Blogredaktion\",\"description\":\"Unter \u201eBlogredaktion\u201c werden Fachbeitr\u00e4ge verschiedener Experten aus dem Unternehmen ohne Autorenkennzeichnung publiziert. Ihr habt Fragen oder Anregungen zu einem speziellen Beitrag? Kein Problem, die Blogredaktion steht euch daf\u00fcr gerne hier zur Verf\u00fcgung.\",\"sameAs\":[\"https:\/\/www.omsag.de\"],\"url\":\"https:\/\/www.omsag.de\/proxy\/online-marketing-blog\/author\/blogredaktion\/\"}]}<\/script>\n<!-- \/ Yoast SEO plugin. -->","yoast_head_json":{"title":"Eventreihe MyBo: Jetzt f\u00fcr Online-Marketing-Vortr\u00e4ge anmelden!","description":"Unter dem Motto \"MyBo - Move your Business online\" laden wir B2C-Dienstleister herzlich zu verschiedenen Vortr\u00e4gen zu uns nach Eschborn ein!","robots":{"index":"index","follow":"follow","max-snippet":"max-snippet:-1","max-image-preview":"max-image-preview:large","max-video-preview":"max-video-preview:-1"},"canonical":"https:\/\/www.omsag.de\/proxy\/online-marketing-blog\/unternehmensnachrichten\/mybo-eventreihe-der-omsag\/","og_locale":"de_DE","og_type":"article","og_title":"Eventreihe MyBo: Jetzt f\u00fcr Online-Marketing-Vortr\u00e4ge anmelden!","og_description":"Unter dem Motto \"MyBo - Move your Business online\" laden wir B2C-Dienstleister herzlich zu verschiedenen Vortr\u00e4gen zu uns nach Eschborn ein!","og_url":"https:\/\/www.omsag.de\/proxy\/online-marketing-blog\/unternehmensnachrichten\/mybo-eventreihe-der-omsag\/","og_site_name":"Online Marketing &amp; Suchmaschinenmarketing Agentur OMSAG","article_publisher":"https:\/\/www.facebook.com\/Online.Marketing.Solutions.AG","article_published_time":"2017-03-01T08:48:45+00:00","article_modified_time":"2019-01-16T15:26:34+00:00","og_image":[{"width":1010,"height":500,"url":"https:\/\/www.omsag.de\/proxy\/wp-content\/uploads\/2017\/02\/Beitragsbild_omsag.de_MyBo-Events-2017.png","type":"image\/png"}],"author":"Blogredaktion","twitter_card":"summary_large_image","twitter_misc":{"Verfasst von":"Blogredaktion","Gesch\u00e4tzte Lesezeit":"3\u00a0Minuten"},"schema":{"@context":"https:\/\/schema.org","@graph":[{"@type":"Article","@id":"https:\/\/www.omsag.de\/proxy\/online-marketing-blog\/unternehmensnachrichten\/mybo-eventreihe-der-omsag\/#article","isPartOf":{"@id":"https:\/\/www.omsag.de\/proxy\/online-marketing-blog\/unternehmensnachrichten\/mybo-eventreihe-der-omsag\/"},"author":{"name":"Blogredaktion","@id":"https:\/\/www.omsag.de\/proxy\/#\/schema\/person\/8dcdf1052bc5e4a5e82b494f96fba999"},"headline":"Volle Digital-Kraft voraus! Jetzt f\u00fcr MyBo-Events anmelden und mit Online-Marketing durchstarten","datePublished":"2017-03-01T08:48:45+00:00","dateModified":"2019-01-16T15:26:34+00:00","mainEntityOfPage":{"@id":"https:\/\/www.omsag.de\/proxy\/online-marketing-blog\/unternehmensnachrichten\/mybo-eventreihe-der-omsag\/"},"wordCount":535,"commentCount":0,"publisher":{"@id":"https:\/\/www.omsag.de\/proxy\/#organization"},"image":{"@id":"https:\/\/www.omsag.de\/proxy\/online-marketing-blog\/unternehmensnachrichten\/mybo-eventreihe-der-omsag\/#primaryimage"},"thumbnailUrl":"https:\/\/www.omsag.de\/proxy\/wp-content\/uploads\/2017\/02\/Beitragsbild_omsag.de_MyBo-Events-2017.png","keywords":["best practices","google adwords","social media marketing","suchmaschinenoptimierung","suchmaschinenwerbung","veranstaltung","workshop"],"articleSection":["Online Public Relations","Unternehmensnachrichten"],"inLanguage":"de","potentialAction":[{"@type":"CommentAction","name":"Comment","target":["https:\/\/www.omsag.de\/proxy\/online-marketing-blog\/unternehmensnachrichten\/mybo-eventreihe-der-omsag\/#respond"]}]},{"@type":"WebPage","@id":"https:\/\/www.omsag.de\/proxy\/online-marketing-blog\/unternehmensnachrichten\/mybo-eventreihe-der-omsag\/","url":"https:\/\/www.omsag.de\/proxy\/online-marketing-blog\/unternehmensnachrichten\/mybo-eventreihe-der-omsag\/","name":"Eventreihe MyBo: Jetzt f\u00fcr Online-Marketing-Vortr\u00e4ge anmelden!","isPartOf":{"@id":"https:\/\/www.omsag.de\/proxy\/#website"},"primaryImageOfPage":{"@id":"https:\/\/www.omsag.de\/proxy\/online-marketing-blog\/unternehmensnachrichten\/mybo-eventreihe-der-omsag\/#primaryimage"},"image":{"@id":"https:\/\/www.omsag.de\/proxy\/online-marketing-blog\/unternehmensnachrichten\/mybo-eventreihe-der-omsag\/#primaryimage"},"thumbnailUrl":"https:\/\/www.omsag.de\/proxy\/wp-content\/uploads\/2017\/02\/Beitragsbild_omsag.de_MyBo-Events-2017.png","datePublished":"2017-03-01T08:48:45+00:00","dateModified":"2019-01-16T15:26:34+00:00","description":"Unter dem Motto \"MyBo - Move your Business online\" laden wir B2C-Dienstleister herzlich zu verschiedenen Vortr\u00e4gen zu uns nach Eschborn ein!","breadcrumb":{"@id":"https:\/\/www.omsag.de\/proxy\/online-marketing-blog\/unternehmensnachrichten\/mybo-eventreihe-der-omsag\/#breadcrumb"},"inLanguage":"de","potentialAction":[{"@type":"ReadAction","target":["https:\/\/www.omsag.de\/proxy\/online-marketing-blog\/unternehmensnachrichten\/mybo-eventreihe-der-omsag\/"]}]},{"@type":"ImageObject","inLanguage":"de","@id":"https:\/\/www.omsag.de\/proxy\/online-marketing-blog\/unternehmensnachrichten\/mybo-eventreihe-der-omsag\/#primaryimage","url":"https:\/\/www.omsag.de\/proxy\/wp-content\/uploads\/2017\/02\/Beitragsbild_omsag.de_MyBo-Events-2017.png","contentUrl":"https:\/\/www.omsag.de\/proxy\/wp-content\/uploads\/2017\/02\/Beitragsbild_omsag.de_MyBo-Events-2017.png","width":1010,"height":500,"caption":"Motto unserer Eventreihe 2017: \"MyBo - Move your Business online\""},{"@type":"BreadcrumbList","@id":"https:\/\/www.omsag.de\/proxy\/online-marketing-blog\/unternehmensnachrichten\/mybo-eventreihe-der-omsag\/#breadcrumb","itemListElement":[{"@type":"ListItem","position":1,"name":"Startseite","item":"https:\/\/www.omsag.de\/proxy\/"},{"@type":"ListItem","position":2,"name":"Online Public Relations","item":"https:\/\/www.omsag.de\/proxy\/online-marketing-blog\/online-marketing-blog-der-omsag-archiv-online-public-relations\/"},{"@type":"ListItem","position":3,"name":"Volle Digital-Kraft voraus! Jetzt f\u00fcr MyBo-Events anmelden und mit Online-Marketing durchstarten"}]},{"@type":"WebSite","@id":"https:\/\/www.omsag.de\/proxy\/#website","url":"https:\/\/www.omsag.de\/proxy\/","name":"Online Marketing & Suchmaschinenmarketing Agentur OMSAG","description":"","publisher":{"@id":"https:\/\/www.omsag.de\/proxy\/#organization"},"potentialAction":[{"@type":"SearchAction","target":{"@type":"EntryPoint","urlTemplate":"https:\/\/www.omsag.de\/proxy\/?s={search_term_string}"},"query-input":"required name=search_term_string"}],"inLanguage":"de"},{"@type":"Organization","@id":"https:\/\/www.omsag.de\/proxy\/#organization","name":"OMSAG","url":"https:\/\/www.omsag.de\/proxy\/","logo":{"@type":"ImageObject","inLanguage":"de","@id":"https:\/\/www.omsag.de\/proxy\/#\/schema\/logo\/image\/","url":"https:\/\/www.omsag.de\/proxy\/wp-content\/uploads\/2020\/08\/oms-logo-1.jpg","contentUrl":"https:\/\/www.omsag.de\/proxy\/wp-content\/uploads\/2020\/08\/oms-logo-1.jpg","width":500,"height":148,"caption":"OMSAG"},"image":{"@id":"https:\/\/www.omsag.de\/proxy\/#\/schema\/logo\/image\/"},"sameAs":["https:\/\/www.facebook.com\/Online.Marketing.Solutions.AG","https:\/\/www.instagram.com\/omsag\/","https:\/\/de.linkedin.com\/company\/online-marketing-solutions-ag"]},{"@type":"Person","@id":"https:\/\/www.omsag.de\/proxy\/#\/schema\/person\/8dcdf1052bc5e4a5e82b494f96fba999","name":"Blogredaktion","description":"Unter \u201eBlogredaktion\u201c werden Fachbeitr\u00e4ge verschiedener Experten aus dem Unternehmen ohne Autorenkennzeichnung publiziert. Ihr habt Fragen oder Anregungen zu einem speziellen Beitrag? Kein Problem, die Blogredaktion steht euch daf\u00fcr gerne hier zur Verf\u00fcgung.","sameAs":["https:\/\/www.omsag.de"],"url":"https:\/\/www.omsag.de\/proxy\/online-marketing-blog\/author\/blogredaktion\/"}]}},"_links":{"self":[{"href":"https:\/\/www.omsag.de\/proxy\/wp-json\/wp\/v2\/posts\/83460"}],"collection":[{"href":"https:\/\/www.omsag.de\/proxy\/wp-json\/wp\/v2\/posts"}],"about":[{"href":"https:\/\/www.omsag.de\/proxy\/wp-json\/wp\/v2\/types\/post"}],"author":[{"embeddable":true,"href":"https:\/\/www.omsag.de\/proxy\/wp-json\/wp\/v2\/users\/4"}],"replies":[{"embeddable":true,"href":"https:\/\/www.omsag.de\/proxy\/wp-json\/wp\/v2\/comments?post=83460"}],"version-history":[{"count":0,"href":"https:\/\/www.omsag.de\/proxy\/wp-json\/wp\/v2\/posts\/83460\/revisions"}],"wp:featuredmedia":[{"embeddable":true,"href":"https:\/\/www.omsag.de\/proxy\/wp-json\/wp\/v2\/media\/83477"}],"wp:attachment":[{"href":"https:\/\/www.omsag.de\/proxy\/wp-json\/wp\/v2\/media?parent=83460"}],"wp:term":[{"taxonomy":"category","embeddable":true,"href":"https:\/\/www.omsag.de\/proxy\/wp-json\/wp\/v2\/categories?post=83460"},{"taxonomy":"post_tag","embeddable":true,"href":"https:\/\/www.omsag.de\/proxy\/wp-json\/wp\/v2\/tags?post=83460"}],"curies":[{"name":"wp","href":"https:\/\/api.w.org\/{rel}","templated":true}]}}