{"id":8075,"date":"2015-03-17T10:08:18","date_gmt":"2015-03-17T08:08:18","guid":{"rendered":"https:\/\/www.omsag.de\/blog\/\/"},"modified":"2018-11-20T12:57:14","modified_gmt":"2018-11-20T11:57:14","slug":"neue-website-und-neues-markendesign-zwei-wichtige-omsag-meilensteine","status":"publish","type":"post","link":"https:\/\/www.omsag.de\/proxy\/online-marketing-blog\/pressespiegel\/neue-website-und-neues-markendesign-zwei-wichtige-omsag-meilensteine\/","title":{"rendered":"Neue Website und neues Markendesign \u2013 zwei wichtige OMSAG-Meilensteine"},"content":{"rendered":"<p style=\"text-align: justify;\">Zwei wichtige Meilensteine f\u00fcr dieses Jahr sind bereits gesetzt: Nach <strong>mehrmonatiger, abteilungs\u00fcbergreifender Zusammenarbeit <\/strong>haben wir unsere Website neu gelauncht. Aber nicht nur das. Gleichzeitig ging vergangenen Freitag unser neu gestaltetes Corporate Design offiziell an den Start &#8211; unser neues Markenlogo ist euch bestimmt schon aufgefallen! Ab sofort wird es unsere gesamte Unternehmenskommunikation online und offline begleiten. Was ihr davon habt? Hier und heute erfahrt ihr\u2019s.<!--more--><\/p>\n<h2 style=\"text-align: justify;\">Lernt uns besser kennen: marketing meets vision<\/h2>\n<p style=\"text-align: justify;\">Einige unserer Abteilungen haben \u00fcber mehrere Monate ihre Kr\u00e4fte geb\u00fcndelt und so die technischen Voraussetzungen f\u00fcr den Relaunch geschaffen sowie hochwertige und aufs neue Design abgestimmte Inhalte erstellt: Insbesondere unser IT-Projektmanagement, das Technik-Team, die Online-PR-Abteilung sowie unsere eigene Textredaktion haben ma\u00dfgeblich dazu beigetragen.<\/p>\n<p style=\"text-align: justify;\">Ein <strong>gro\u00dfes<\/strong> \u201e<strong>Danke\u201c geht an jeden Einzelnen<\/strong>, der sein Fachwissen und seine Erfahrung in verschiedener Form eingebracht und so zum Gelingen des Relaunchs beigetragen hat.<\/p>\n<p style=\"text-align: justify;\"><span style=\"color: #78b054;\"><strong>Mit der neuen, modern gestalteten Website wollen wir euch noch bessere M\u00f6glichkeiten geben, euch umfassend \u00fcber uns und unsere Produkte f\u00fcr Online-Marketing zu informieren. Einen wichtigen Bestandteil bildet dabei die Vorstellung unserer vielf\u00e4ltigen und <span style=\"text-decoration: underline;\">kombinierbaren Dienstleistungen<\/span>. Ganz nach unserem Unternehmensmotto \u201emarketing meets vision\u201c k\u00f6nnen diese baukastenartig, je nach speziellem Bedarf, zusammengesetzt oder einzeln gebucht werden.<\/strong><\/span><\/p>\n<h3 style=\"text-align: justify;\">Website als erste wichtige Anlaufstelle im Web<\/h3>\n<p style=\"text-align: justify;\">Eine Website ist die <strong>wichtigste Anlaufstelle<\/strong> im Web f\u00fcr Kunden, Kooperationspartner, Investoren sowie Mitarbeiter und Bewerber. Um dieser Anforderung bzw. den verschiedenen Interessen und Bed\u00fcrfnissen gerecht zu werden, wurde die neue OMSAG-Seite zudem im <strong>Responsive Design<\/strong> aufgebaut. Ob mobil oder station\u00e4r: Device-\u00fcbergreifend bietet sie ein angenehmes Lesererlebnis. Weitere neue Vorteile sind u. a.:<\/p>\n<ul style=\"text-align: justify;\">\n<li><strong>Hohe Nutzerorientierung<\/strong>: Mehr Informationstiefe zu den einzelnen Leistungsangeboten mit Vorteilen f\u00fcr unsere Kunden oder auch Kooperationspartner klar im Fokus.<\/li>\n<\/ul>\n<ul style=\"text-align: justify;\">\n<li>K\u00fcnftig mehrmals die Woche Expertenbeitr\u00e4ge aus allen Teams auf dem <strong>OMSAG-Blog<\/strong>.<\/li>\n<\/ul>\n<h3 style=\"text-align: justify;\">Wer wir sind, wof\u00fcr wir stehen, was uns antreibt<\/h3>\n<p style=\"text-align: justify;\"><img loading=\"lazy\" decoding=\"async\" class=\"alignleft wp-image-8080\" src=\"https:\/\/www.omsag.de\/proxy\/wp-content\/uploads\/2015\/03\/20150313_omsag-blog_Relaunch_OMSAG-Management.png\" alt=\"20150313_omsag-blog_Relaunch_OMSAG-Management\" width=\"473\" height=\"488\" \/>Unter dem Men\u00fcpunkt <strong>\u201eManagement\u201c <\/strong>sind die Gesch\u00e4ftsf\u00fchrung der Online Marketing Solutions AG und alle Abteilungsleiter inklusive ihrer Kurzvita abgebildet. Ab sofort seht ihr daher dort auf einen Blick, wer zust\u00e4ndiger <strong>Ansprechpartner<\/strong> f\u00fcr den jeweiligen Bereich unseres breiten Produktportfolios ist.\u00a0Auf diesem Weg wollen wir euch noch bessere Kontaktm\u00f6glichkeiten bieten und eine erh\u00f6hte Unternehmenstransparenz schaffen.<\/p>\n<p style=\"text-align: justify;\">\u201emarketing meets vision\u201c ist unser fachlicher Anspruch. Dahinter steht aber eine ganze Menge mehr. Fachkompetenz alleine reicht als Basis guter, langfristiger Gesch\u00e4ftsbeziehungen in der Regel nicht aus. Wichtig ist es auch, dass beide Seiten \u2013 Dienstleister und Kunde &#8211; sich neben Ziel und Strategie \u00fcber Vorgehensweisen und Werte ihres Gegen\u00fcbers im Klaren sind. Darum erfahrt ihr im Bereich<strong> \u201e\u00dcber uns\u201c <\/strong>mehr zu unserer <strong>Erfahrung, Dynamik und Pers\u00f6nlichkeit<\/strong>.<\/p>\n<h3 style=\"text-align: justify;\">Unternehmensentwicklung, Anspruch und Wertebild<\/h3>\n<p style=\"text-align: justify;\">Ein Zeitstrahl auf der \u201e\u00dcber uns\u201c-Seite bildet beispielsweise unsere <strong>Entwicklungsschritte seit Unternehmensgr\u00fcndung<\/strong> vor \u00fcber 10 Jahren sowie unser Mitarbeiter- und Kundenwachstum ab.<\/p>\n<p style=\"text-align: justify;\">Unsere Referenzen, Zertifikate, Auszeichnungen, Partnerschaften und Mitgliedschaften sind zudem nun auff\u00e4lliger auf der Website platziert. Detaillierte Informationen dazu sowie zu unserem <strong>Anspruch, Wertebild<\/strong> und unseren <strong>Erfolgen bzw. Erfahrungen bei verschiedenen SEO-Contests<\/strong> gibt es ebenfalls auf der \u201e\u00dcber uns\u201c-Seite.<\/p>\n<h2 style=\"text-align: justify;\">Neues Kundencenter gut auffindbar in Website integriert<\/h2>\n<p style=\"text-align: justify;\">Das neue Kundenmen\u00fc ist unter der Bezeichnung <strong>\u201eKundencenter\u201c<\/strong> leicht auffindbar oben rechts in die Men\u00fcleiste der Website integriert. Neben einer strukturierteren \u00dcbersicht aller f\u00fcr den Kunden relevanten Vertrags- und Leistungsdetails sind auch die Ergebnisse aus der gemeinsamen Zusammenarbeit wie gewohnt dort sichtbar.<\/p>\n<p style=\"text-align: justify;\"><strong>Neu: <\/strong>Ab sofort haben alle OMSAG-Kunden mit einem SEO- oder SEA-Paket die M\u00f6glichkeit, ein Upgrade auf das neue, erweiterte Kundencenter durchzuf\u00fchren. Zu den verbesserten bzw. erweiterten Optionen geh\u00f6ren z. B. auf das Kundenpaket zugeschnittene Statistiken zur Ergebnis- und Besucherentwicklung. Au\u00dferdem neu ist die direkte Kontaktm\u00f6glichkeit zum pers\u00f6nlichen Projekt-Ansprechpartner \u00fcber einen integrierten Messaging-Dienst, der den gesamten Gespr\u00e4chsverlauf im Kundencenter abbildet. Bei Fragen zum Upgrade bzw. rund ums neue Center k\u00f6nnen sich unsere Kunden direkt an ihren Ansprechpartner bei uns im Haus wenden. Auch ohne neuen Zugang k\u00f6nnen sie nat\u00fcrlich nach wie vor mit ihren bestehenden Zugangsdaten auf das alte Men\u00fc ohne die neue Funktionen zugreifen.<\/p>\n<h2 style=\"text-align: justify;\">Neues Corporate Design in neue Website-Gestaltung integriert<\/h2>\n<p style=\"text-align: justify;\">Gleichzeit mit der Website haben wir unser neues <strong>Corporate Design<\/strong> offiziell eingef\u00fchrt. Das aktuelle Website-Design ist darauf abgestimmt bzw. greift es durchg\u00e4ngig auf.<\/p>\n<p>&nbsp;<\/p>\n<div id=\"attachment_8203\" style=\"width: 330px\" class=\"wp-caption aligncenter\"><img loading=\"lazy\" decoding=\"async\" aria-describedby=\"caption-attachment-8203\" class=\"wp-image-8203\" src=\"https:\/\/www.omsag.de\/proxy\/wp-content\/uploads\/2015\/03\/omsag-blog_OMS-LOGO_72dpiRGB.jpg\" alt=\"Das neue OMSAG-Logo in den Prim\u00e4rfarben Gr\u00fcn und Schwarz.\" width=\"320\" height=\"95\" \/><p id=\"caption-attachment-8203\" class=\"wp-caption-text\">Das neue OMSAG-Markenlogo.<\/p><\/div>\n<p>&nbsp;<\/p>\n<p style=\"text-align: justify;\">Das neue Markenlogo, die variabel und vielf\u00e4ltig einsetzbaren Gestaltungselemente und unsere neue Schriftart werdet ihr ab sofort in der gesamten Unternehmenskommunikation in Digital und Print wiederfinden.<\/p>\n<p>&nbsp;<\/p>\n<div id=\"attachment_8234\" style=\"width: 383px\" class=\"wp-caption aligncenter\"><img loading=\"lazy\" decoding=\"async\" aria-describedby=\"caption-attachment-8234\" class=\"wp-image-8234\" src=\"https:\/\/www.omsag.de\/proxy\/wp-content\/uploads\/2015\/03\/omsag-blog_key-visual-elemente.jpg\" alt=\"omsag-blog_key visual elemente\" width=\"373\" height=\"280\" \/><p id=\"caption-attachment-8234\" class=\"wp-caption-text\">Drei Beispiele f\u00fcr Key Visual-Elemente des neuen Corporate Designs.<\/p><\/div>\n<p>&nbsp;<\/p>\n<p style=\"text-align: justify;\">Die<strong> prim\u00e4re Farbwelt der OMSAG<\/strong> setzt sich aus drei Gr\u00fcnt\u00f6nen und Schwarz zusammen; den gr\u00f6\u00dften Anteil dabei stellt das OMSAG-Gr\u00fcn. Au\u00dferdem spiegelt sich das <strong>Flat Design<\/strong> (flache Grafikelementen ohne aufwendige Effekte) auf unserer neuen Website und in der gesamten Unternehmenskommunikation wieder.<\/p>\n<p style=\"text-align: justify;\">Neben den <strong>Marken-Gestaltungselementen<\/strong> &#8211; dem OMSAG Keyvisual &#8211; sorgen andere grafische Elemente wie Icons und Buttons, aussagekr\u00e4ftige Kennzahlen und mehr Bild- und Videomaterial f\u00fcr mehr Struktur. So k\u00f6nnt ihr euch einfacher und schneller auf unserer Website zurechtfinden.<\/p>\n<p style=\"text-align: justify;\"><strong>Was sagt ihr zu unserer neuen Website und unserem Corporate Design? Wir sind gespannt auf euer Feedback, gerne hier als Kommentar oder auch auf unserer Facebook-Seite. <\/strong><\/p>\n","protected":false},"excerpt":{"rendered":"<p>Zwei wichtige Meilensteine f\u00fcr dieses Jahr sind bereits gesetzt: Nach mehrmonatiger, abteilungs\u00fcbergreifender Zusammenarbeit haben wir unsere Website neu gelauncht. Aber nicht nur das. Gleichzeitig ging vergangenen Freitag unser neu gestaltetes Corporate Design offiziell an den Start &#8211; unser neues Markenlogo ist euch bestimmt schon aufgefallen! Ab sofort wird es unsere gesamte Unternehmenskommunikation online und offline [&hellip;]<\/p>\n","protected":false},"author":4,"featured_media":88223,"comment_status":"closed","ping_status":"closed","sticky":false,"template":"","format":"standard","meta":{"content-type":"","footnotes":""},"categories":[38],"tags":[],"yoast_head":"<!-- This site is optimized with the Yoast SEO plugin v22.8 - https:\/\/yoast.com\/wordpress\/plugins\/seo\/ -->\n<title>Alles neu macht die OMSAG: Webdesign &amp; Branding<\/title>\n<meta name=\"description\" content=\"2 wichtige Meilensteine: Nach mehrmonatiger Vorbereitung haben wir unsere neue Website und unser neues Corporate Design offiziell eingef\u00fchrt.\" \/>\n<meta name=\"robots\" content=\"index, follow, max-snippet:-1, max-image-preview:large, max-video-preview:-1\" \/>\n<link rel=\"canonical\" href=\"https:\/\/www.omsag.de\/proxy\/online-marketing-blog\/pressespiegel\/neue-website-und-neues-markendesign-zwei-wichtige-omsag-meilensteine\/\" \/>\n<meta property=\"og:locale\" content=\"de_DE\" \/>\n<meta property=\"og:type\" content=\"article\" \/>\n<meta property=\"og:title\" content=\"Alles neu macht die OMSAG: Webdesign &amp; Branding\" \/>\n<meta property=\"og:description\" content=\"2 wichtige Meilensteine: Nach mehrmonatiger Vorbereitung haben wir unsere neue Website und unser neues Corporate Design offiziell eingef\u00fchrt.\" \/>\n<meta property=\"og:url\" content=\"https:\/\/www.omsag.de\/proxy\/online-marketing-blog\/pressespiegel\/neue-website-und-neues-markendesign-zwei-wichtige-omsag-meilensteine\/\" \/>\n<meta property=\"og:site_name\" content=\"Online Marketing &amp; Suchmaschinenmarketing Agentur OMSAG\" \/>\n<meta property=\"article:publisher\" content=\"https:\/\/www.facebook.com\/Online.Marketing.Solutions.AG\" \/>\n<meta property=\"article:published_time\" content=\"2015-03-17T08:08:18+00:00\" \/>\n<meta property=\"article:modified_time\" content=\"2018-11-20T11:57:14+00:00\" \/>\n<meta property=\"og:image\" content=\"https:\/\/www.omsag.de\/proxy\/wp-content\/uploads\/2015\/06\/Hashtag.png\" \/>\n\t<meta property=\"og:image:width\" content=\"1038\" \/>\n\t<meta property=\"og:image:height\" content=\"598\" \/>\n\t<meta property=\"og:image:type\" content=\"image\/png\" \/>\n<meta name=\"author\" content=\"Blogredaktion\" \/>\n<meta name=\"twitter:card\" content=\"summary_large_image\" \/>\n<meta name=\"twitter:label1\" content=\"Verfasst von\" \/>\n\t<meta name=\"twitter:data1\" content=\"Blogredaktion\" \/>\n\t<meta name=\"twitter:label2\" content=\"Gesch\u00e4tzte Lesezeit\" \/>\n\t<meta name=\"twitter:data2\" content=\"4\u00a0Minuten\" \/>\n<script type=\"application\/ld+json\" class=\"yoast-schema-graph\">{\"@context\":\"https:\/\/schema.org\",\"@graph\":[{\"@type\":\"Article\",\"@id\":\"https:\/\/www.omsag.de\/proxy\/online-marketing-blog\/pressespiegel\/neue-website-und-neues-markendesign-zwei-wichtige-omsag-meilensteine\/#article\",\"isPartOf\":{\"@id\":\"https:\/\/www.omsag.de\/proxy\/online-marketing-blog\/pressespiegel\/neue-website-und-neues-markendesign-zwei-wichtige-omsag-meilensteine\/\"},\"author\":{\"name\":\"Blogredaktion\",\"@id\":\"https:\/\/www.omsag.de\/proxy\/#\/schema\/person\/8dcdf1052bc5e4a5e82b494f96fba999\"},\"headline\":\"Neue Website und neues Markendesign \u2013 zwei wichtige OMSAG-Meilensteine\",\"datePublished\":\"2015-03-17T08:08:18+00:00\",\"dateModified\":\"2018-11-20T11:57:14+00:00\",\"mainEntityOfPage\":{\"@id\":\"https:\/\/www.omsag.de\/proxy\/online-marketing-blog\/pressespiegel\/neue-website-und-neues-markendesign-zwei-wichtige-omsag-meilensteine\/\"},\"wordCount\":887,\"publisher\":{\"@id\":\"https:\/\/www.omsag.de\/proxy\/#organization\"},\"image\":{\"@id\":\"https:\/\/www.omsag.de\/proxy\/online-marketing-blog\/pressespiegel\/neue-website-und-neues-markendesign-zwei-wichtige-omsag-meilensteine\/#primaryimage\"},\"thumbnailUrl\":\"https:\/\/www.omsag.de\/proxy\/wp-content\/uploads\/2015\/06\/Hashtag.png\",\"articleSection\":[\"Pressespiegel\"],\"inLanguage\":\"de\"},{\"@type\":\"WebPage\",\"@id\":\"https:\/\/www.omsag.de\/proxy\/online-marketing-blog\/pressespiegel\/neue-website-und-neues-markendesign-zwei-wichtige-omsag-meilensteine\/\",\"url\":\"https:\/\/www.omsag.de\/proxy\/online-marketing-blog\/pressespiegel\/neue-website-und-neues-markendesign-zwei-wichtige-omsag-meilensteine\/\",\"name\":\"Alles neu macht die OMSAG: Webdesign & Branding\",\"isPartOf\":{\"@id\":\"https:\/\/www.omsag.de\/proxy\/#website\"},\"primaryImageOfPage\":{\"@id\":\"https:\/\/www.omsag.de\/proxy\/online-marketing-blog\/pressespiegel\/neue-website-und-neues-markendesign-zwei-wichtige-omsag-meilensteine\/#primaryimage\"},\"image\":{\"@id\":\"https:\/\/www.omsag.de\/proxy\/online-marketing-blog\/pressespiegel\/neue-website-und-neues-markendesign-zwei-wichtige-omsag-meilensteine\/#primaryimage\"},\"thumbnailUrl\":\"https:\/\/www.omsag.de\/proxy\/wp-content\/uploads\/2015\/06\/Hashtag.png\",\"datePublished\":\"2015-03-17T08:08:18+00:00\",\"dateModified\":\"2018-11-20T11:57:14+00:00\",\"description\":\"2 wichtige Meilensteine: Nach mehrmonatiger Vorbereitung haben wir unsere neue Website und unser neues Corporate Design offiziell eingef\u00fchrt.\",\"breadcrumb\":{\"@id\":\"https:\/\/www.omsag.de\/proxy\/online-marketing-blog\/pressespiegel\/neue-website-und-neues-markendesign-zwei-wichtige-omsag-meilensteine\/#breadcrumb\"},\"inLanguage\":\"de\",\"potentialAction\":[{\"@type\":\"ReadAction\",\"target\":[\"https:\/\/www.omsag.de\/proxy\/online-marketing-blog\/pressespiegel\/neue-website-und-neues-markendesign-zwei-wichtige-omsag-meilensteine\/\"]}]},{\"@type\":\"ImageObject\",\"inLanguage\":\"de\",\"@id\":\"https:\/\/www.omsag.de\/proxy\/online-marketing-blog\/pressespiegel\/neue-website-und-neues-markendesign-zwei-wichtige-omsag-meilensteine\/#primaryimage\",\"url\":\"https:\/\/www.omsag.de\/proxy\/wp-content\/uploads\/2015\/06\/Hashtag.png\",\"contentUrl\":\"https:\/\/www.omsag.de\/proxy\/wp-content\/uploads\/2015\/06\/Hashtag.png\",\"width\":1038,\"height\":598,\"caption\":\"Pressemeldung\"},{\"@type\":\"BreadcrumbList\",\"@id\":\"https:\/\/www.omsag.de\/proxy\/online-marketing-blog\/pressespiegel\/neue-website-und-neues-markendesign-zwei-wichtige-omsag-meilensteine\/#breadcrumb\",\"itemListElement\":[{\"@type\":\"ListItem\",\"position\":1,\"name\":\"Startseite\",\"item\":\"https:\/\/www.omsag.de\/proxy\/\"},{\"@type\":\"ListItem\",\"position\":2,\"name\":\"Pressespiegel\",\"item\":\"https:\/\/www.omsag.de\/proxy\/online-marketing-blog\/pressespiegel\/\"},{\"@type\":\"ListItem\",\"position\":3,\"name\":\"Neue Website und neues Markendesign \u2013 zwei wichtige OMSAG-Meilensteine\"}]},{\"@type\":\"WebSite\",\"@id\":\"https:\/\/www.omsag.de\/proxy\/#website\",\"url\":\"https:\/\/www.omsag.de\/proxy\/\",\"name\":\"Online Marketing & Suchmaschinenmarketing Agentur OMSAG\",\"description\":\"\",\"publisher\":{\"@id\":\"https:\/\/www.omsag.de\/proxy\/#organization\"},\"potentialAction\":[{\"@type\":\"SearchAction\",\"target\":{\"@type\":\"EntryPoint\",\"urlTemplate\":\"https:\/\/www.omsag.de\/proxy\/?s={search_term_string}\"},\"query-input\":\"required name=search_term_string\"}],\"inLanguage\":\"de\"},{\"@type\":\"Organization\",\"@id\":\"https:\/\/www.omsag.de\/proxy\/#organization\",\"name\":\"OMSAG\",\"url\":\"https:\/\/www.omsag.de\/proxy\/\",\"logo\":{\"@type\":\"ImageObject\",\"inLanguage\":\"de\",\"@id\":\"https:\/\/www.omsag.de\/proxy\/#\/schema\/logo\/image\/\",\"url\":\"https:\/\/www.omsag.de\/proxy\/wp-content\/uploads\/2020\/08\/oms-logo-1.jpg\",\"contentUrl\":\"https:\/\/www.omsag.de\/proxy\/wp-content\/uploads\/2020\/08\/oms-logo-1.jpg\",\"width\":500,\"height\":148,\"caption\":\"OMSAG\"},\"image\":{\"@id\":\"https:\/\/www.omsag.de\/proxy\/#\/schema\/logo\/image\/\"},\"sameAs\":[\"https:\/\/www.facebook.com\/Online.Marketing.Solutions.AG\",\"https:\/\/www.instagram.com\/omsag\/\",\"https:\/\/de.linkedin.com\/company\/online-marketing-solutions-ag\"]},{\"@type\":\"Person\",\"@id\":\"https:\/\/www.omsag.de\/proxy\/#\/schema\/person\/8dcdf1052bc5e4a5e82b494f96fba999\",\"name\":\"Blogredaktion\",\"description\":\"Unter \u201eBlogredaktion\u201c werden Fachbeitr\u00e4ge verschiedener Experten aus dem Unternehmen ohne Autorenkennzeichnung publiziert. Ihr habt Fragen oder Anregungen zu einem speziellen Beitrag? Kein Problem, die Blogredaktion steht euch daf\u00fcr gerne hier zur Verf\u00fcgung.\",\"sameAs\":[\"https:\/\/www.omsag.de\"],\"url\":\"https:\/\/www.omsag.de\/proxy\/online-marketing-blog\/author\/blogredaktion\/\"}]}<\/script>\n<!-- \/ Yoast SEO plugin. -->","yoast_head_json":{"title":"Alles neu macht die OMSAG: Webdesign & Branding","description":"2 wichtige Meilensteine: Nach mehrmonatiger Vorbereitung haben wir unsere neue Website und unser neues Corporate Design offiziell eingef\u00fchrt.","robots":{"index":"index","follow":"follow","max-snippet":"max-snippet:-1","max-image-preview":"max-image-preview:large","max-video-preview":"max-video-preview:-1"},"canonical":"https:\/\/www.omsag.de\/proxy\/online-marketing-blog\/pressespiegel\/neue-website-und-neues-markendesign-zwei-wichtige-omsag-meilensteine\/","og_locale":"de_DE","og_type":"article","og_title":"Alles neu macht die OMSAG: Webdesign & Branding","og_description":"2 wichtige Meilensteine: Nach mehrmonatiger Vorbereitung haben wir unsere neue Website und unser neues Corporate Design offiziell eingef\u00fchrt.","og_url":"https:\/\/www.omsag.de\/proxy\/online-marketing-blog\/pressespiegel\/neue-website-und-neues-markendesign-zwei-wichtige-omsag-meilensteine\/","og_site_name":"Online Marketing &amp; Suchmaschinenmarketing Agentur OMSAG","article_publisher":"https:\/\/www.facebook.com\/Online.Marketing.Solutions.AG","article_published_time":"2015-03-17T08:08:18+00:00","article_modified_time":"2018-11-20T11:57:14+00:00","og_image":[{"width":1038,"height":598,"url":"https:\/\/www.omsag.de\/proxy\/wp-content\/uploads\/2015\/06\/Hashtag.png","type":"image\/png"}],"author":"Blogredaktion","twitter_card":"summary_large_image","twitter_misc":{"Verfasst von":"Blogredaktion","Gesch\u00e4tzte Lesezeit":"4\u00a0Minuten"},"schema":{"@context":"https:\/\/schema.org","@graph":[{"@type":"Article","@id":"https:\/\/www.omsag.de\/proxy\/online-marketing-blog\/pressespiegel\/neue-website-und-neues-markendesign-zwei-wichtige-omsag-meilensteine\/#article","isPartOf":{"@id":"https:\/\/www.omsag.de\/proxy\/online-marketing-blog\/pressespiegel\/neue-website-und-neues-markendesign-zwei-wichtige-omsag-meilensteine\/"},"author":{"name":"Blogredaktion","@id":"https:\/\/www.omsag.de\/proxy\/#\/schema\/person\/8dcdf1052bc5e4a5e82b494f96fba999"},"headline":"Neue Website und neues Markendesign \u2013 zwei wichtige OMSAG-Meilensteine","datePublished":"2015-03-17T08:08:18+00:00","dateModified":"2018-11-20T11:57:14+00:00","mainEntityOfPage":{"@id":"https:\/\/www.omsag.de\/proxy\/online-marketing-blog\/pressespiegel\/neue-website-und-neues-markendesign-zwei-wichtige-omsag-meilensteine\/"},"wordCount":887,"publisher":{"@id":"https:\/\/www.omsag.de\/proxy\/#organization"},"image":{"@id":"https:\/\/www.omsag.de\/proxy\/online-marketing-blog\/pressespiegel\/neue-website-und-neues-markendesign-zwei-wichtige-omsag-meilensteine\/#primaryimage"},"thumbnailUrl":"https:\/\/www.omsag.de\/proxy\/wp-content\/uploads\/2015\/06\/Hashtag.png","articleSection":["Pressespiegel"],"inLanguage":"de"},{"@type":"WebPage","@id":"https:\/\/www.omsag.de\/proxy\/online-marketing-blog\/pressespiegel\/neue-website-und-neues-markendesign-zwei-wichtige-omsag-meilensteine\/","url":"https:\/\/www.omsag.de\/proxy\/online-marketing-blog\/pressespiegel\/neue-website-und-neues-markendesign-zwei-wichtige-omsag-meilensteine\/","name":"Alles neu macht die OMSAG: Webdesign & Branding","isPartOf":{"@id":"https:\/\/www.omsag.de\/proxy\/#website"},"primaryImageOfPage":{"@id":"https:\/\/www.omsag.de\/proxy\/online-marketing-blog\/pressespiegel\/neue-website-und-neues-markendesign-zwei-wichtige-omsag-meilensteine\/#primaryimage"},"image":{"@id":"https:\/\/www.omsag.de\/proxy\/online-marketing-blog\/pressespiegel\/neue-website-und-neues-markendesign-zwei-wichtige-omsag-meilensteine\/#primaryimage"},"thumbnailUrl":"https:\/\/www.omsag.de\/proxy\/wp-content\/uploads\/2015\/06\/Hashtag.png","datePublished":"2015-03-17T08:08:18+00:00","dateModified":"2018-11-20T11:57:14+00:00","description":"2 wichtige Meilensteine: Nach mehrmonatiger Vorbereitung haben wir unsere neue Website und unser neues Corporate Design offiziell eingef\u00fchrt.","breadcrumb":{"@id":"https:\/\/www.omsag.de\/proxy\/online-marketing-blog\/pressespiegel\/neue-website-und-neues-markendesign-zwei-wichtige-omsag-meilensteine\/#breadcrumb"},"inLanguage":"de","potentialAction":[{"@type":"ReadAction","target":["https:\/\/www.omsag.de\/proxy\/online-marketing-blog\/pressespiegel\/neue-website-und-neues-markendesign-zwei-wichtige-omsag-meilensteine\/"]}]},{"@type":"ImageObject","inLanguage":"de","@id":"https:\/\/www.omsag.de\/proxy\/online-marketing-blog\/pressespiegel\/neue-website-und-neues-markendesign-zwei-wichtige-omsag-meilensteine\/#primaryimage","url":"https:\/\/www.omsag.de\/proxy\/wp-content\/uploads\/2015\/06\/Hashtag.png","contentUrl":"https:\/\/www.omsag.de\/proxy\/wp-content\/uploads\/2015\/06\/Hashtag.png","width":1038,"height":598,"caption":"Pressemeldung"},{"@type":"BreadcrumbList","@id":"https:\/\/www.omsag.de\/proxy\/online-marketing-blog\/pressespiegel\/neue-website-und-neues-markendesign-zwei-wichtige-omsag-meilensteine\/#breadcrumb","itemListElement":[{"@type":"ListItem","position":1,"name":"Startseite","item":"https:\/\/www.omsag.de\/proxy\/"},{"@type":"ListItem","position":2,"name":"Pressespiegel","item":"https:\/\/www.omsag.de\/proxy\/online-marketing-blog\/pressespiegel\/"},{"@type":"ListItem","position":3,"name":"Neue Website und neues Markendesign \u2013 zwei wichtige OMSAG-Meilensteine"}]},{"@type":"WebSite","@id":"https:\/\/www.omsag.de\/proxy\/#website","url":"https:\/\/www.omsag.de\/proxy\/","name":"Online Marketing & Suchmaschinenmarketing Agentur OMSAG","description":"","publisher":{"@id":"https:\/\/www.omsag.de\/proxy\/#organization"},"potentialAction":[{"@type":"SearchAction","target":{"@type":"EntryPoint","urlTemplate":"https:\/\/www.omsag.de\/proxy\/?s={search_term_string}"},"query-input":"required name=search_term_string"}],"inLanguage":"de"},{"@type":"Organization","@id":"https:\/\/www.omsag.de\/proxy\/#organization","name":"OMSAG","url":"https:\/\/www.omsag.de\/proxy\/","logo":{"@type":"ImageObject","inLanguage":"de","@id":"https:\/\/www.omsag.de\/proxy\/#\/schema\/logo\/image\/","url":"https:\/\/www.omsag.de\/proxy\/wp-content\/uploads\/2020\/08\/oms-logo-1.jpg","contentUrl":"https:\/\/www.omsag.de\/proxy\/wp-content\/uploads\/2020\/08\/oms-logo-1.jpg","width":500,"height":148,"caption":"OMSAG"},"image":{"@id":"https:\/\/www.omsag.de\/proxy\/#\/schema\/logo\/image\/"},"sameAs":["https:\/\/www.facebook.com\/Online.Marketing.Solutions.AG","https:\/\/www.instagram.com\/omsag\/","https:\/\/de.linkedin.com\/company\/online-marketing-solutions-ag"]},{"@type":"Person","@id":"https:\/\/www.omsag.de\/proxy\/#\/schema\/person\/8dcdf1052bc5e4a5e82b494f96fba999","name":"Blogredaktion","description":"Unter \u201eBlogredaktion\u201c werden Fachbeitr\u00e4ge verschiedener Experten aus dem Unternehmen ohne Autorenkennzeichnung publiziert. Ihr habt Fragen oder Anregungen zu einem speziellen Beitrag? Kein Problem, die Blogredaktion steht euch daf\u00fcr gerne hier zur Verf\u00fcgung.","sameAs":["https:\/\/www.omsag.de"],"url":"https:\/\/www.omsag.de\/proxy\/online-marketing-blog\/author\/blogredaktion\/"}]}},"_links":{"self":[{"href":"https:\/\/www.omsag.de\/proxy\/wp-json\/wp\/v2\/posts\/8075"}],"collection":[{"href":"https:\/\/www.omsag.de\/proxy\/wp-json\/wp\/v2\/posts"}],"about":[{"href":"https:\/\/www.omsag.de\/proxy\/wp-json\/wp\/v2\/types\/post"}],"author":[{"embeddable":true,"href":"https:\/\/www.omsag.de\/proxy\/wp-json\/wp\/v2\/users\/4"}],"replies":[{"embeddable":true,"href":"https:\/\/www.omsag.de\/proxy\/wp-json\/wp\/v2\/comments?post=8075"}],"version-history":[{"count":0,"href":"https:\/\/www.omsag.de\/proxy\/wp-json\/wp\/v2\/posts\/8075\/revisions"}],"wp:featuredmedia":[{"embeddable":true,"href":"https:\/\/www.omsag.de\/proxy\/wp-json\/wp\/v2\/media\/88223"}],"wp:attachment":[{"href":"https:\/\/www.omsag.de\/proxy\/wp-json\/wp\/v2\/media?parent=8075"}],"wp:term":[{"taxonomy":"category","embeddable":true,"href":"https:\/\/www.omsag.de\/proxy\/wp-json\/wp\/v2\/categories?post=8075"},{"taxonomy":"post_tag","embeddable":true,"href":"https:\/\/www.omsag.de\/proxy\/wp-json\/wp\/v2\/tags?post=8075"}],"curies":[{"name":"wp","href":"https:\/\/api.w.org\/{rel}","templated":true}]}}