{"id":7916,"date":"2012-07-17T10:25:09","date_gmt":"2012-07-17T09:25:09","guid":{"rendered":"https:\/\/www.omsag.de\/?p=753"},"modified":"2019-01-08T11:56:09","modified_gmt":"2019-01-08T10:56:09","slug":"bvdw-studie-fachkraftemangel-in-der-online-wirtschaft","status":"publish","type":"post","link":"https:\/\/www.omsag.de\/proxy\/online-marketing-blog\/e-commerce\/bvdw-studie-fachkraftemangel-in-der-online-wirtschaft\/","title":{"rendered":"BVDW Studie: Fachkr\u00e4ftemangel in der Online-Wirtschaft"},"content":{"rendered":"<p>Die deutsche Internet-Wirtschaft verzeichnet mehr denn je eine enorme Nachfrage nach qualifizierten Fachkr\u00e4ften. Berufseinsteiger mit internetbezogenem Hochschulabschluss werden in der Branche besonders gesucht. Vor allem in den Fachbereichen Projektmanagement (68 %), Informationstechnologie (66 %) sowie Marketing\/Vertrieb (65 %) ist der Bedarf an qualifizierten Bewerbern am h\u00f6chsten. Zu diesem Ergebnis kommt eine aktuelle Studie vom Bundesverband Digitale Wirtschaft (BVDW) e.V. in Kooperation mit der Macromedia Hochschule f\u00fcr Medien und Kommunikation (MHMK).<\/p>\n<p>Auch die Online Marketing Solutions AG sucht kontinuierlich nach neuen motivierten Mitarbeitern f\u00fcr die verschiedenen Arbeitsbereiche im Team. Interessierte k\u00f6nnen sich \u00fcber aktuelle Stellenausschreibungen auf dem Online-Jobportal informieren.<\/p>\n<p>F\u00fcr die Untersuchung wurden 240 Unternehmen (Internet-Agenturen, Online-Vermarkter, Performance-Marketing-Anbieter, Online-Mediaagenturen, Mobile-Dienstleister, E-Commerce-Dienstleister oder Portalbetreiber) vom BVDW und der MHMK befragt: Ziel der Befragung war es, den aktuellen und kommenden Ausbildungsbedarf besser zu verstehen und gezielt Ma\u00dfnahmen auf die Beine zu stellen, um langfristig f\u00fcr qualifizierten Nachwuchs zu sorgen.<\/p>\n<p>Ausf\u00fchrliche Studienergebnisse stehen auf der BVDW-Website als PDF-Dokument kostenfrei zur Verf\u00fcgung.<\/p>\n<p>Autorin: Blanka Szczebak<\/p>\n","protected":false},"excerpt":{"rendered":"<p>Die deutsche Internet-Wirtschaft verzeichnet mehr denn je eine enorme Nachfrage nach qualifizierten Fachkr\u00e4ften. Berufseinsteiger mit internetbezogenem Hochschulabschluss werden in der Branche besonders gesucht. Vor allem in den Fachbereichen Projektmanagement (68 %), Informationstechnologie (66 %) sowie Marketing\/Vertrieb (65 %) ist der Bedarf an qualifizierten Bewerbern am h\u00f6chsten. Zu diesem Ergebnis kommt eine aktuelle Studie vom Bundesverband [&hellip;]<\/p>\n","protected":false},"author":4,"featured_media":0,"comment_status":"open","ping_status":"closed","sticky":false,"template":"","format":"standard","meta":{"content-type":"","footnotes":""},"categories":[155,56],"tags":[],"yoast_head":"<!-- This site is optimized with the Yoast SEO plugin v22.8 - https:\/\/yoast.com\/wordpress\/plugins\/seo\/ -->\n<title>Studie: hoher Bedarf an qualifizierten Bewerbern in der Online-Wirtschaft<\/title>\n<meta name=\"description\" content=\"Berufseinsteiger mit internetbezogenem Hochschulabschluss werden in der Branche besonders gesucht.\" \/>\n<meta name=\"robots\" content=\"index, follow, max-snippet:-1, max-image-preview:large, max-video-preview:-1\" \/>\n<link rel=\"canonical\" href=\"https:\/\/www.omsag.de\/proxy\/online-marketing-blog\/e-commerce\/bvdw-studie-fachkraftemangel-in-der-online-wirtschaft\/\" \/>\n<meta property=\"og:locale\" content=\"de_DE\" \/>\n<meta property=\"og:type\" content=\"article\" \/>\n<meta property=\"og:title\" content=\"Studie: hoher Bedarf an qualifizierten Bewerbern in der Online-Wirtschaft\" \/>\n<meta property=\"og:description\" content=\"Berufseinsteiger mit internetbezogenem Hochschulabschluss werden in der Branche besonders gesucht.\" \/>\n<meta property=\"og:url\" content=\"https:\/\/www.omsag.de\/proxy\/online-marketing-blog\/e-commerce\/bvdw-studie-fachkraftemangel-in-der-online-wirtschaft\/\" \/>\n<meta property=\"og:site_name\" content=\"Online Marketing &amp; Suchmaschinenmarketing Agentur OMSAG\" \/>\n<meta property=\"article:publisher\" content=\"https:\/\/www.facebook.com\/Online.Marketing.Solutions.AG\" \/>\n<meta property=\"article:published_time\" content=\"2012-07-17T09:25:09+00:00\" \/>\n<meta property=\"article:modified_time\" content=\"2019-01-08T10:56:09+00:00\" \/>\n<meta name=\"author\" content=\"Blogredaktion\" \/>\n<meta name=\"twitter:card\" content=\"summary_large_image\" \/>\n<meta name=\"twitter:label1\" content=\"Verfasst von\" \/>\n\t<meta name=\"twitter:data1\" content=\"Blogredaktion\" \/>\n\t<meta name=\"twitter:label2\" content=\"Gesch\u00e4tzte Lesezeit\" \/>\n\t<meta name=\"twitter:data2\" content=\"1\u00a0Minute\" \/>\n<script type=\"application\/ld+json\" class=\"yoast-schema-graph\">{\"@context\":\"https:\/\/schema.org\",\"@graph\":[{\"@type\":\"Article\",\"@id\":\"https:\/\/www.omsag.de\/proxy\/online-marketing-blog\/e-commerce\/bvdw-studie-fachkraftemangel-in-der-online-wirtschaft\/#article\",\"isPartOf\":{\"@id\":\"https:\/\/www.omsag.de\/proxy\/online-marketing-blog\/e-commerce\/bvdw-studie-fachkraftemangel-in-der-online-wirtschaft\/\"},\"author\":{\"name\":\"Blogredaktion\",\"@id\":\"https:\/\/www.omsag.de\/proxy\/#\/schema\/person\/8dcdf1052bc5e4a5e82b494f96fba999\"},\"headline\":\"BVDW Studie: Fachkr\u00e4ftemangel in der Online-Wirtschaft\",\"datePublished\":\"2012-07-17T09:25:09+00:00\",\"dateModified\":\"2019-01-08T10:56:09+00:00\",\"mainEntityOfPage\":{\"@id\":\"https:\/\/www.omsag.de\/proxy\/online-marketing-blog\/e-commerce\/bvdw-studie-fachkraftemangel-in-der-online-wirtschaft\/\"},\"wordCount\":172,\"commentCount\":0,\"publisher\":{\"@id\":\"https:\/\/www.omsag.de\/proxy\/#organization\"},\"articleSection\":[\"Digi-Trends\",\"E-Commerce\"],\"inLanguage\":\"de\",\"potentialAction\":[{\"@type\":\"CommentAction\",\"name\":\"Comment\",\"target\":[\"https:\/\/www.omsag.de\/proxy\/online-marketing-blog\/e-commerce\/bvdw-studie-fachkraftemangel-in-der-online-wirtschaft\/#respond\"]}]},{\"@type\":\"WebPage\",\"@id\":\"https:\/\/www.omsag.de\/proxy\/online-marketing-blog\/e-commerce\/bvdw-studie-fachkraftemangel-in-der-online-wirtschaft\/\",\"url\":\"https:\/\/www.omsag.de\/proxy\/online-marketing-blog\/e-commerce\/bvdw-studie-fachkraftemangel-in-der-online-wirtschaft\/\",\"name\":\"Studie: hoher Bedarf an qualifizierten Bewerbern in der Online-Wirtschaft\",\"isPartOf\":{\"@id\":\"https:\/\/www.omsag.de\/proxy\/#website\"},\"datePublished\":\"2012-07-17T09:25:09+00:00\",\"dateModified\":\"2019-01-08T10:56:09+00:00\",\"description\":\"Berufseinsteiger mit internetbezogenem Hochschulabschluss werden in der Branche besonders gesucht.\",\"breadcrumb\":{\"@id\":\"https:\/\/www.omsag.de\/proxy\/online-marketing-blog\/e-commerce\/bvdw-studie-fachkraftemangel-in-der-online-wirtschaft\/#breadcrumb\"},\"inLanguage\":\"de\",\"potentialAction\":[{\"@type\":\"ReadAction\",\"target\":[\"https:\/\/www.omsag.de\/proxy\/online-marketing-blog\/e-commerce\/bvdw-studie-fachkraftemangel-in-der-online-wirtschaft\/\"]}]},{\"@type\":\"BreadcrumbList\",\"@id\":\"https:\/\/www.omsag.de\/proxy\/online-marketing-blog\/e-commerce\/bvdw-studie-fachkraftemangel-in-der-online-wirtschaft\/#breadcrumb\",\"itemListElement\":[{\"@type\":\"ListItem\",\"position\":1,\"name\":\"Startseite\",\"item\":\"https:\/\/www.omsag.de\/proxy\/\"},{\"@type\":\"ListItem\",\"position\":2,\"name\":\"Digi-Trends\",\"item\":\"https:\/\/www.omsag.de\/proxy\/online-marketing-blog\/digi-trends\/\"},{\"@type\":\"ListItem\",\"position\":3,\"name\":\"BVDW Studie: Fachkr\u00e4ftemangel in der Online-Wirtschaft\"}]},{\"@type\":\"WebSite\",\"@id\":\"https:\/\/www.omsag.de\/proxy\/#website\",\"url\":\"https:\/\/www.omsag.de\/proxy\/\",\"name\":\"Online Marketing & Suchmaschinenmarketing Agentur OMSAG\",\"description\":\"\",\"publisher\":{\"@id\":\"https:\/\/www.omsag.de\/proxy\/#organization\"},\"potentialAction\":[{\"@type\":\"SearchAction\",\"target\":{\"@type\":\"EntryPoint\",\"urlTemplate\":\"https:\/\/www.omsag.de\/proxy\/?s={search_term_string}\"},\"query-input\":\"required name=search_term_string\"}],\"inLanguage\":\"de\"},{\"@type\":\"Organization\",\"@id\":\"https:\/\/www.omsag.de\/proxy\/#organization\",\"name\":\"OMSAG\",\"url\":\"https:\/\/www.omsag.de\/proxy\/\",\"logo\":{\"@type\":\"ImageObject\",\"inLanguage\":\"de\",\"@id\":\"https:\/\/www.omsag.de\/proxy\/#\/schema\/logo\/image\/\",\"url\":\"https:\/\/www.omsag.de\/proxy\/wp-content\/uploads\/2020\/08\/oms-logo-1.jpg\",\"contentUrl\":\"https:\/\/www.omsag.de\/proxy\/wp-content\/uploads\/2020\/08\/oms-logo-1.jpg\",\"width\":500,\"height\":148,\"caption\":\"OMSAG\"},\"image\":{\"@id\":\"https:\/\/www.omsag.de\/proxy\/#\/schema\/logo\/image\/\"},\"sameAs\":[\"https:\/\/www.facebook.com\/Online.Marketing.Solutions.AG\",\"https:\/\/www.instagram.com\/omsag\/\",\"https:\/\/de.linkedin.com\/company\/online-marketing-solutions-ag\"]},{\"@type\":\"Person\",\"@id\":\"https:\/\/www.omsag.de\/proxy\/#\/schema\/person\/8dcdf1052bc5e4a5e82b494f96fba999\",\"name\":\"Blogredaktion\",\"description\":\"Unter \u201eBlogredaktion\u201c werden Fachbeitr\u00e4ge verschiedener Experten aus dem Unternehmen ohne Autorenkennzeichnung publiziert. Ihr habt Fragen oder Anregungen zu einem speziellen Beitrag? Kein Problem, die Blogredaktion steht euch daf\u00fcr gerne hier zur Verf\u00fcgung.\",\"sameAs\":[\"https:\/\/www.omsag.de\"],\"url\":\"https:\/\/www.omsag.de\/proxy\/online-marketing-blog\/author\/blogredaktion\/\"}]}<\/script>\n<!-- \/ Yoast SEO plugin. -->","yoast_head_json":{"title":"Studie: hoher Bedarf an qualifizierten Bewerbern in der Online-Wirtschaft","description":"Berufseinsteiger mit internetbezogenem Hochschulabschluss werden in der Branche besonders gesucht.","robots":{"index":"index","follow":"follow","max-snippet":"max-snippet:-1","max-image-preview":"max-image-preview:large","max-video-preview":"max-video-preview:-1"},"canonical":"https:\/\/www.omsag.de\/proxy\/online-marketing-blog\/e-commerce\/bvdw-studie-fachkraftemangel-in-der-online-wirtschaft\/","og_locale":"de_DE","og_type":"article","og_title":"Studie: hoher Bedarf an qualifizierten Bewerbern in der Online-Wirtschaft","og_description":"Berufseinsteiger mit internetbezogenem Hochschulabschluss werden in der Branche besonders gesucht.","og_url":"https:\/\/www.omsag.de\/proxy\/online-marketing-blog\/e-commerce\/bvdw-studie-fachkraftemangel-in-der-online-wirtschaft\/","og_site_name":"Online Marketing &amp; Suchmaschinenmarketing Agentur OMSAG","article_publisher":"https:\/\/www.facebook.com\/Online.Marketing.Solutions.AG","article_published_time":"2012-07-17T09:25:09+00:00","article_modified_time":"2019-01-08T10:56:09+00:00","author":"Blogredaktion","twitter_card":"summary_large_image","twitter_misc":{"Verfasst von":"Blogredaktion","Gesch\u00e4tzte Lesezeit":"1\u00a0Minute"},"schema":{"@context":"https:\/\/schema.org","@graph":[{"@type":"Article","@id":"https:\/\/www.omsag.de\/proxy\/online-marketing-blog\/e-commerce\/bvdw-studie-fachkraftemangel-in-der-online-wirtschaft\/#article","isPartOf":{"@id":"https:\/\/www.omsag.de\/proxy\/online-marketing-blog\/e-commerce\/bvdw-studie-fachkraftemangel-in-der-online-wirtschaft\/"},"author":{"name":"Blogredaktion","@id":"https:\/\/www.omsag.de\/proxy\/#\/schema\/person\/8dcdf1052bc5e4a5e82b494f96fba999"},"headline":"BVDW Studie: Fachkr\u00e4ftemangel in der Online-Wirtschaft","datePublished":"2012-07-17T09:25:09+00:00","dateModified":"2019-01-08T10:56:09+00:00","mainEntityOfPage":{"@id":"https:\/\/www.omsag.de\/proxy\/online-marketing-blog\/e-commerce\/bvdw-studie-fachkraftemangel-in-der-online-wirtschaft\/"},"wordCount":172,"commentCount":0,"publisher":{"@id":"https:\/\/www.omsag.de\/proxy\/#organization"},"articleSection":["Digi-Trends","E-Commerce"],"inLanguage":"de","potentialAction":[{"@type":"CommentAction","name":"Comment","target":["https:\/\/www.omsag.de\/proxy\/online-marketing-blog\/e-commerce\/bvdw-studie-fachkraftemangel-in-der-online-wirtschaft\/#respond"]}]},{"@type":"WebPage","@id":"https:\/\/www.omsag.de\/proxy\/online-marketing-blog\/e-commerce\/bvdw-studie-fachkraftemangel-in-der-online-wirtschaft\/","url":"https:\/\/www.omsag.de\/proxy\/online-marketing-blog\/e-commerce\/bvdw-studie-fachkraftemangel-in-der-online-wirtschaft\/","name":"Studie: hoher Bedarf an qualifizierten Bewerbern in der Online-Wirtschaft","isPartOf":{"@id":"https:\/\/www.omsag.de\/proxy\/#website"},"datePublished":"2012-07-17T09:25:09+00:00","dateModified":"2019-01-08T10:56:09+00:00","description":"Berufseinsteiger mit internetbezogenem Hochschulabschluss werden in der Branche besonders gesucht.","breadcrumb":{"@id":"https:\/\/www.omsag.de\/proxy\/online-marketing-blog\/e-commerce\/bvdw-studie-fachkraftemangel-in-der-online-wirtschaft\/#breadcrumb"},"inLanguage":"de","potentialAction":[{"@type":"ReadAction","target":["https:\/\/www.omsag.de\/proxy\/online-marketing-blog\/e-commerce\/bvdw-studie-fachkraftemangel-in-der-online-wirtschaft\/"]}]},{"@type":"BreadcrumbList","@id":"https:\/\/www.omsag.de\/proxy\/online-marketing-blog\/e-commerce\/bvdw-studie-fachkraftemangel-in-der-online-wirtschaft\/#breadcrumb","itemListElement":[{"@type":"ListItem","position":1,"name":"Startseite","item":"https:\/\/www.omsag.de\/proxy\/"},{"@type":"ListItem","position":2,"name":"Digi-Trends","item":"https:\/\/www.omsag.de\/proxy\/online-marketing-blog\/digi-trends\/"},{"@type":"ListItem","position":3,"name":"BVDW Studie: Fachkr\u00e4ftemangel in der Online-Wirtschaft"}]},{"@type":"WebSite","@id":"https:\/\/www.omsag.de\/proxy\/#website","url":"https:\/\/www.omsag.de\/proxy\/","name":"Online Marketing & Suchmaschinenmarketing Agentur OMSAG","description":"","publisher":{"@id":"https:\/\/www.omsag.de\/proxy\/#organization"},"potentialAction":[{"@type":"SearchAction","target":{"@type":"EntryPoint","urlTemplate":"https:\/\/www.omsag.de\/proxy\/?s={search_term_string}"},"query-input":"required name=search_term_string"}],"inLanguage":"de"},{"@type":"Organization","@id":"https:\/\/www.omsag.de\/proxy\/#organization","name":"OMSAG","url":"https:\/\/www.omsag.de\/proxy\/","logo":{"@type":"ImageObject","inLanguage":"de","@id":"https:\/\/www.omsag.de\/proxy\/#\/schema\/logo\/image\/","url":"https:\/\/www.omsag.de\/proxy\/wp-content\/uploads\/2020\/08\/oms-logo-1.jpg","contentUrl":"https:\/\/www.omsag.de\/proxy\/wp-content\/uploads\/2020\/08\/oms-logo-1.jpg","width":500,"height":148,"caption":"OMSAG"},"image":{"@id":"https:\/\/www.omsag.de\/proxy\/#\/schema\/logo\/image\/"},"sameAs":["https:\/\/www.facebook.com\/Online.Marketing.Solutions.AG","https:\/\/www.instagram.com\/omsag\/","https:\/\/de.linkedin.com\/company\/online-marketing-solutions-ag"]},{"@type":"Person","@id":"https:\/\/www.omsag.de\/proxy\/#\/schema\/person\/8dcdf1052bc5e4a5e82b494f96fba999","name":"Blogredaktion","description":"Unter \u201eBlogredaktion\u201c werden Fachbeitr\u00e4ge verschiedener Experten aus dem Unternehmen ohne Autorenkennzeichnung publiziert. Ihr habt Fragen oder Anregungen zu einem speziellen Beitrag? Kein Problem, die Blogredaktion steht euch daf\u00fcr gerne hier zur Verf\u00fcgung.","sameAs":["https:\/\/www.omsag.de"],"url":"https:\/\/www.omsag.de\/proxy\/online-marketing-blog\/author\/blogredaktion\/"}]}},"_links":{"self":[{"href":"https:\/\/www.omsag.de\/proxy\/wp-json\/wp\/v2\/posts\/7916"}],"collection":[{"href":"https:\/\/www.omsag.de\/proxy\/wp-json\/wp\/v2\/posts"}],"about":[{"href":"https:\/\/www.omsag.de\/proxy\/wp-json\/wp\/v2\/types\/post"}],"author":[{"embeddable":true,"href":"https:\/\/www.omsag.de\/proxy\/wp-json\/wp\/v2\/users\/4"}],"replies":[{"embeddable":true,"href":"https:\/\/www.omsag.de\/proxy\/wp-json\/wp\/v2\/comments?post=7916"}],"version-history":[{"count":0,"href":"https:\/\/www.omsag.de\/proxy\/wp-json\/wp\/v2\/posts\/7916\/revisions"}],"wp:attachment":[{"href":"https:\/\/www.omsag.de\/proxy\/wp-json\/wp\/v2\/media?parent=7916"}],"wp:term":[{"taxonomy":"category","embeddable":true,"href":"https:\/\/www.omsag.de\/proxy\/wp-json\/wp\/v2\/categories?post=7916"},{"taxonomy":"post_tag","embeddable":true,"href":"https:\/\/www.omsag.de\/proxy\/wp-json\/wp\/v2\/tags?post=7916"}],"curies":[{"name":"wp","href":"https:\/\/api.w.org\/{rel}","templated":true}]}}