{"id":7893,"date":"2012-05-21T10:30:25","date_gmt":"2012-05-21T08:30:25","guid":{"rendered":"https:\/\/www.omsag.de\/?p=771"},"modified":"2019-01-09T09:16:40","modified_gmt":"2019-01-09T08:16:40","slug":"vermarkter-ausern-kritik-an-facebook","status":"publish","type":"post","link":"https:\/\/www.omsag.de\/proxy\/online-marketing-blog\/social-media\/vermarkter-ausern-kritik-an-facebook\/","title":{"rendered":"Vermarkter \u00e4u\u00dfern Kritik an Facebook"},"content":{"rendered":"<p>Kurz vor dem bevorstehenden B\u00f6rsengang von Facebook, am 18. Mai 2012, erwartet die Webgemeinde einen neuen Erfolg des sozialen Netzwerkes. In den vergangen Jahren hat Facebook mit zahlreichen Neuerungen und vielen Updates seine Usergemeinde erfreut.<\/p>\n<p>Doch wie das Nachrichtenportal internetworld.de berichtet, l\u00e4sst Facebook aus Sicht der Vermarktung noch einige W\u00fcnsche offen. So wird von Marketing-Experten kritisiert, dass Facebook seinen zahlenden Nutzern, also den Werbeschaltenden, zu wenig Beachtung schenkt. Nate Elliott teilte im Forrester Blog mit, dass Facebook in den vergangenen Jahren wenig konsistent zwischen Werbemodellen umhergesprungen sei. Ein Modell mit lang anhaltenden Vermarktungserfolg f\u00fcr Online Marketer, habe man aber noch nicht gefunden. Weiter ist Elliott der Ansicht, dass Facebook seinen Werbekunden immer weniger aktiv dabei helfe, erfolgreich \u00fcber das Netzwerk zu werben.<\/p>\n<p>Anstelle Milliardenausgaben f\u00fcr neue App-Eink\u00e4ufe zu t\u00e4tigen, sei Facebook besser damit beraten, so Elliott, ein Anzeigen-Netzwerk aufzubauen oder Marketing-Tools zu entwickeln. Der Erfolg von Facebook sei letztendlich nur aufgrund der Werbeeinnahmen der Vermarkter m\u00f6glich.<\/p>\n<p>Verfasst von: Marc Hartung-Kn\u00f6fler<\/p>\n","protected":false},"excerpt":{"rendered":"<p>Kurz vor dem bevorstehenden B\u00f6rsengang von Facebook, am 18. Mai 2012, erwartet die Webgemeinde einen neuen Erfolg des sozialen Netzwerkes. In den vergangen Jahren hat Facebook mit zahlreichen Neuerungen und vielen Updates seine Usergemeinde erfreut. Doch wie das Nachrichtenportal internetworld.de berichtet, l\u00e4sst Facebook aus Sicht der Vermarktung noch einige W\u00fcnsche offen. So wird von Marketing-Experten [&hellip;]<\/p>\n","protected":false},"author":4,"featured_media":0,"comment_status":"open","ping_status":"closed","sticky":false,"template":"","format":"standard","meta":{"content-type":"","footnotes":""},"categories":[35],"tags":[],"yoast_head":"<!-- This site is optimized with the Yoast SEO plugin v22.8 - https:\/\/yoast.com\/wordpress\/plugins\/seo\/ -->\n<title>Vermarkter unzufrieden mit Facebook - OMSAG<\/title>\n<meta name=\"description\" content=\"Kurz vor dem bevorstehenden B\u00f6rsengang von Facebook, am 18. Mai 2012, erwartet die Webgemeinde einen neuen Erfolg des sozialen Netzwerkes.\" \/>\n<meta name=\"robots\" content=\"index, follow, max-snippet:-1, max-image-preview:large, max-video-preview:-1\" \/>\n<link rel=\"canonical\" href=\"https:\/\/www.omsag.de\/proxy\/online-marketing-blog\/social-media\/vermarkter-ausern-kritik-an-facebook\/\" \/>\n<meta property=\"og:locale\" content=\"de_DE\" \/>\n<meta property=\"og:type\" content=\"article\" \/>\n<meta property=\"og:title\" content=\"Vermarkter unzufrieden mit Facebook - OMSAG\" \/>\n<meta property=\"og:description\" content=\"Kurz vor dem bevorstehenden B\u00f6rsengang von Facebook, am 18. Mai 2012, erwartet die Webgemeinde einen neuen Erfolg des sozialen Netzwerkes.\" \/>\n<meta property=\"og:url\" content=\"https:\/\/www.omsag.de\/proxy\/online-marketing-blog\/social-media\/vermarkter-ausern-kritik-an-facebook\/\" \/>\n<meta property=\"og:site_name\" content=\"Online Marketing &amp; Suchmaschinenmarketing Agentur OMSAG\" \/>\n<meta property=\"article:publisher\" content=\"https:\/\/www.facebook.com\/Online.Marketing.Solutions.AG\" \/>\n<meta property=\"article:published_time\" content=\"2012-05-21T08:30:25+00:00\" \/>\n<meta property=\"article:modified_time\" content=\"2019-01-09T08:16:40+00:00\" \/>\n<meta name=\"author\" content=\"Blogredaktion\" \/>\n<meta name=\"twitter:card\" content=\"summary_large_image\" \/>\n<meta name=\"twitter:label1\" content=\"Verfasst von\" \/>\n\t<meta name=\"twitter:data1\" content=\"Blogredaktion\" \/>\n\t<meta name=\"twitter:label2\" content=\"Gesch\u00e4tzte Lesezeit\" \/>\n\t<meta name=\"twitter:data2\" content=\"1\u00a0Minute\" \/>\n<script type=\"application\/ld+json\" class=\"yoast-schema-graph\">{\"@context\":\"https:\/\/schema.org\",\"@graph\":[{\"@type\":\"Article\",\"@id\":\"https:\/\/www.omsag.de\/proxy\/online-marketing-blog\/social-media\/vermarkter-ausern-kritik-an-facebook\/#article\",\"isPartOf\":{\"@id\":\"https:\/\/www.omsag.de\/proxy\/online-marketing-blog\/social-media\/vermarkter-ausern-kritik-an-facebook\/\"},\"author\":{\"name\":\"Blogredaktion\",\"@id\":\"https:\/\/www.omsag.de\/proxy\/#\/schema\/person\/8dcdf1052bc5e4a5e82b494f96fba999\"},\"headline\":\"Vermarkter \u00e4u\u00dfern Kritik an Facebook\",\"datePublished\":\"2012-05-21T08:30:25+00:00\",\"dateModified\":\"2019-01-09T08:16:40+00:00\",\"mainEntityOfPage\":{\"@id\":\"https:\/\/www.omsag.de\/proxy\/online-marketing-blog\/social-media\/vermarkter-ausern-kritik-an-facebook\/\"},\"wordCount\":174,\"commentCount\":0,\"publisher\":{\"@id\":\"https:\/\/www.omsag.de\/proxy\/#organization\"},\"articleSection\":[\"Social Media\"],\"inLanguage\":\"de\",\"potentialAction\":[{\"@type\":\"CommentAction\",\"name\":\"Comment\",\"target\":[\"https:\/\/www.omsag.de\/proxy\/online-marketing-blog\/social-media\/vermarkter-ausern-kritik-an-facebook\/#respond\"]}]},{\"@type\":\"WebPage\",\"@id\":\"https:\/\/www.omsag.de\/proxy\/online-marketing-blog\/social-media\/vermarkter-ausern-kritik-an-facebook\/\",\"url\":\"https:\/\/www.omsag.de\/proxy\/online-marketing-blog\/social-media\/vermarkter-ausern-kritik-an-facebook\/\",\"name\":\"Vermarkter unzufrieden mit Facebook - OMSAG\",\"isPartOf\":{\"@id\":\"https:\/\/www.omsag.de\/proxy\/#website\"},\"datePublished\":\"2012-05-21T08:30:25+00:00\",\"dateModified\":\"2019-01-09T08:16:40+00:00\",\"description\":\"Kurz vor dem bevorstehenden B\u00f6rsengang von Facebook, am 18. Mai 2012, erwartet die Webgemeinde einen neuen Erfolg des sozialen Netzwerkes.\",\"breadcrumb\":{\"@id\":\"https:\/\/www.omsag.de\/proxy\/online-marketing-blog\/social-media\/vermarkter-ausern-kritik-an-facebook\/#breadcrumb\"},\"inLanguage\":\"de\",\"potentialAction\":[{\"@type\":\"ReadAction\",\"target\":[\"https:\/\/www.omsag.de\/proxy\/online-marketing-blog\/social-media\/vermarkter-ausern-kritik-an-facebook\/\"]}]},{\"@type\":\"BreadcrumbList\",\"@id\":\"https:\/\/www.omsag.de\/proxy\/online-marketing-blog\/social-media\/vermarkter-ausern-kritik-an-facebook\/#breadcrumb\",\"itemListElement\":[{\"@type\":\"ListItem\",\"position\":1,\"name\":\"Startseite\",\"item\":\"https:\/\/www.omsag.de\/proxy\/\"},{\"@type\":\"ListItem\",\"position\":2,\"name\":\"Social Media\",\"item\":\"https:\/\/www.omsag.de\/proxy\/online-marketing-blog\/social-media\/\"},{\"@type\":\"ListItem\",\"position\":3,\"name\":\"Vermarkter \u00e4u\u00dfern Kritik an Facebook\"}]},{\"@type\":\"WebSite\",\"@id\":\"https:\/\/www.omsag.de\/proxy\/#website\",\"url\":\"https:\/\/www.omsag.de\/proxy\/\",\"name\":\"Online Marketing & Suchmaschinenmarketing Agentur OMSAG\",\"description\":\"\",\"publisher\":{\"@id\":\"https:\/\/www.omsag.de\/proxy\/#organization\"},\"potentialAction\":[{\"@type\":\"SearchAction\",\"target\":{\"@type\":\"EntryPoint\",\"urlTemplate\":\"https:\/\/www.omsag.de\/proxy\/?s={search_term_string}\"},\"query-input\":\"required name=search_term_string\"}],\"inLanguage\":\"de\"},{\"@type\":\"Organization\",\"@id\":\"https:\/\/www.omsag.de\/proxy\/#organization\",\"name\":\"OMSAG\",\"url\":\"https:\/\/www.omsag.de\/proxy\/\",\"logo\":{\"@type\":\"ImageObject\",\"inLanguage\":\"de\",\"@id\":\"https:\/\/www.omsag.de\/proxy\/#\/schema\/logo\/image\/\",\"url\":\"https:\/\/www.omsag.de\/proxy\/wp-content\/uploads\/2020\/08\/oms-logo-1.jpg\",\"contentUrl\":\"https:\/\/www.omsag.de\/proxy\/wp-content\/uploads\/2020\/08\/oms-logo-1.jpg\",\"width\":500,\"height\":148,\"caption\":\"OMSAG\"},\"image\":{\"@id\":\"https:\/\/www.omsag.de\/proxy\/#\/schema\/logo\/image\/\"},\"sameAs\":[\"https:\/\/www.facebook.com\/Online.Marketing.Solutions.AG\",\"https:\/\/www.instagram.com\/omsag\/\",\"https:\/\/de.linkedin.com\/company\/online-marketing-solutions-ag\"]},{\"@type\":\"Person\",\"@id\":\"https:\/\/www.omsag.de\/proxy\/#\/schema\/person\/8dcdf1052bc5e4a5e82b494f96fba999\",\"name\":\"Blogredaktion\",\"description\":\"Unter \u201eBlogredaktion\u201c werden Fachbeitr\u00e4ge verschiedener Experten aus dem Unternehmen ohne Autorenkennzeichnung publiziert. Ihr habt Fragen oder Anregungen zu einem speziellen Beitrag? Kein Problem, die Blogredaktion steht euch daf\u00fcr gerne hier zur Verf\u00fcgung.\",\"sameAs\":[\"https:\/\/www.omsag.de\"],\"url\":\"https:\/\/www.omsag.de\/proxy\/online-marketing-blog\/author\/blogredaktion\/\"}]}<\/script>\n<!-- \/ Yoast SEO plugin. -->","yoast_head_json":{"title":"Vermarkter unzufrieden mit Facebook - OMSAG","description":"Kurz vor dem bevorstehenden B\u00f6rsengang von Facebook, am 18. Mai 2012, erwartet die Webgemeinde einen neuen Erfolg des sozialen Netzwerkes.","robots":{"index":"index","follow":"follow","max-snippet":"max-snippet:-1","max-image-preview":"max-image-preview:large","max-video-preview":"max-video-preview:-1"},"canonical":"https:\/\/www.omsag.de\/proxy\/online-marketing-blog\/social-media\/vermarkter-ausern-kritik-an-facebook\/","og_locale":"de_DE","og_type":"article","og_title":"Vermarkter unzufrieden mit Facebook - OMSAG","og_description":"Kurz vor dem bevorstehenden B\u00f6rsengang von Facebook, am 18. Mai 2012, erwartet die Webgemeinde einen neuen Erfolg des sozialen Netzwerkes.","og_url":"https:\/\/www.omsag.de\/proxy\/online-marketing-blog\/social-media\/vermarkter-ausern-kritik-an-facebook\/","og_site_name":"Online Marketing &amp; Suchmaschinenmarketing Agentur OMSAG","article_publisher":"https:\/\/www.facebook.com\/Online.Marketing.Solutions.AG","article_published_time":"2012-05-21T08:30:25+00:00","article_modified_time":"2019-01-09T08:16:40+00:00","author":"Blogredaktion","twitter_card":"summary_large_image","twitter_misc":{"Verfasst von":"Blogredaktion","Gesch\u00e4tzte Lesezeit":"1\u00a0Minute"},"schema":{"@context":"https:\/\/schema.org","@graph":[{"@type":"Article","@id":"https:\/\/www.omsag.de\/proxy\/online-marketing-blog\/social-media\/vermarkter-ausern-kritik-an-facebook\/#article","isPartOf":{"@id":"https:\/\/www.omsag.de\/proxy\/online-marketing-blog\/social-media\/vermarkter-ausern-kritik-an-facebook\/"},"author":{"name":"Blogredaktion","@id":"https:\/\/www.omsag.de\/proxy\/#\/schema\/person\/8dcdf1052bc5e4a5e82b494f96fba999"},"headline":"Vermarkter \u00e4u\u00dfern Kritik an Facebook","datePublished":"2012-05-21T08:30:25+00:00","dateModified":"2019-01-09T08:16:40+00:00","mainEntityOfPage":{"@id":"https:\/\/www.omsag.de\/proxy\/online-marketing-blog\/social-media\/vermarkter-ausern-kritik-an-facebook\/"},"wordCount":174,"commentCount":0,"publisher":{"@id":"https:\/\/www.omsag.de\/proxy\/#organization"},"articleSection":["Social Media"],"inLanguage":"de","potentialAction":[{"@type":"CommentAction","name":"Comment","target":["https:\/\/www.omsag.de\/proxy\/online-marketing-blog\/social-media\/vermarkter-ausern-kritik-an-facebook\/#respond"]}]},{"@type":"WebPage","@id":"https:\/\/www.omsag.de\/proxy\/online-marketing-blog\/social-media\/vermarkter-ausern-kritik-an-facebook\/","url":"https:\/\/www.omsag.de\/proxy\/online-marketing-blog\/social-media\/vermarkter-ausern-kritik-an-facebook\/","name":"Vermarkter unzufrieden mit Facebook - OMSAG","isPartOf":{"@id":"https:\/\/www.omsag.de\/proxy\/#website"},"datePublished":"2012-05-21T08:30:25+00:00","dateModified":"2019-01-09T08:16:40+00:00","description":"Kurz vor dem bevorstehenden B\u00f6rsengang von Facebook, am 18. Mai 2012, erwartet die Webgemeinde einen neuen Erfolg des sozialen Netzwerkes.","breadcrumb":{"@id":"https:\/\/www.omsag.de\/proxy\/online-marketing-blog\/social-media\/vermarkter-ausern-kritik-an-facebook\/#breadcrumb"},"inLanguage":"de","potentialAction":[{"@type":"ReadAction","target":["https:\/\/www.omsag.de\/proxy\/online-marketing-blog\/social-media\/vermarkter-ausern-kritik-an-facebook\/"]}]},{"@type":"BreadcrumbList","@id":"https:\/\/www.omsag.de\/proxy\/online-marketing-blog\/social-media\/vermarkter-ausern-kritik-an-facebook\/#breadcrumb","itemListElement":[{"@type":"ListItem","position":1,"name":"Startseite","item":"https:\/\/www.omsag.de\/proxy\/"},{"@type":"ListItem","position":2,"name":"Social Media","item":"https:\/\/www.omsag.de\/proxy\/online-marketing-blog\/social-media\/"},{"@type":"ListItem","position":3,"name":"Vermarkter \u00e4u\u00dfern Kritik an Facebook"}]},{"@type":"WebSite","@id":"https:\/\/www.omsag.de\/proxy\/#website","url":"https:\/\/www.omsag.de\/proxy\/","name":"Online Marketing & Suchmaschinenmarketing Agentur OMSAG","description":"","publisher":{"@id":"https:\/\/www.omsag.de\/proxy\/#organization"},"potentialAction":[{"@type":"SearchAction","target":{"@type":"EntryPoint","urlTemplate":"https:\/\/www.omsag.de\/proxy\/?s={search_term_string}"},"query-input":"required name=search_term_string"}],"inLanguage":"de"},{"@type":"Organization","@id":"https:\/\/www.omsag.de\/proxy\/#organization","name":"OMSAG","url":"https:\/\/www.omsag.de\/proxy\/","logo":{"@type":"ImageObject","inLanguage":"de","@id":"https:\/\/www.omsag.de\/proxy\/#\/schema\/logo\/image\/","url":"https:\/\/www.omsag.de\/proxy\/wp-content\/uploads\/2020\/08\/oms-logo-1.jpg","contentUrl":"https:\/\/www.omsag.de\/proxy\/wp-content\/uploads\/2020\/08\/oms-logo-1.jpg","width":500,"height":148,"caption":"OMSAG"},"image":{"@id":"https:\/\/www.omsag.de\/proxy\/#\/schema\/logo\/image\/"},"sameAs":["https:\/\/www.facebook.com\/Online.Marketing.Solutions.AG","https:\/\/www.instagram.com\/omsag\/","https:\/\/de.linkedin.com\/company\/online-marketing-solutions-ag"]},{"@type":"Person","@id":"https:\/\/www.omsag.de\/proxy\/#\/schema\/person\/8dcdf1052bc5e4a5e82b494f96fba999","name":"Blogredaktion","description":"Unter \u201eBlogredaktion\u201c werden Fachbeitr\u00e4ge verschiedener Experten aus dem Unternehmen ohne Autorenkennzeichnung publiziert. Ihr habt Fragen oder Anregungen zu einem speziellen Beitrag? Kein Problem, die Blogredaktion steht euch daf\u00fcr gerne hier zur Verf\u00fcgung.","sameAs":["https:\/\/www.omsag.de"],"url":"https:\/\/www.omsag.de\/proxy\/online-marketing-blog\/author\/blogredaktion\/"}]}},"_links":{"self":[{"href":"https:\/\/www.omsag.de\/proxy\/wp-json\/wp\/v2\/posts\/7893"}],"collection":[{"href":"https:\/\/www.omsag.de\/proxy\/wp-json\/wp\/v2\/posts"}],"about":[{"href":"https:\/\/www.omsag.de\/proxy\/wp-json\/wp\/v2\/types\/post"}],"author":[{"embeddable":true,"href":"https:\/\/www.omsag.de\/proxy\/wp-json\/wp\/v2\/users\/4"}],"replies":[{"embeddable":true,"href":"https:\/\/www.omsag.de\/proxy\/wp-json\/wp\/v2\/comments?post=7893"}],"version-history":[{"count":0,"href":"https:\/\/www.omsag.de\/proxy\/wp-json\/wp\/v2\/posts\/7893\/revisions"}],"wp:attachment":[{"href":"https:\/\/www.omsag.de\/proxy\/wp-json\/wp\/v2\/media?parent=7893"}],"wp:term":[{"taxonomy":"category","embeddable":true,"href":"https:\/\/www.omsag.de\/proxy\/wp-json\/wp\/v2\/categories?post=7893"},{"taxonomy":"post_tag","embeddable":true,"href":"https:\/\/www.omsag.de\/proxy\/wp-json\/wp\/v2\/tags?post=7893"}],"curies":[{"name":"wp","href":"https:\/\/api.w.org\/{rel}","templated":true}]}}