{"id":4920,"date":"2014-11-06T14:23:43","date_gmt":"2014-11-06T12:23:43","guid":{"rendered":"https:\/\/www.omsag.de\/blog\/?p=4920"},"modified":"2018-11-20T13:00:45","modified_gmt":"2018-11-20T12:00:45","slug":"recap-seo-day-und-expert-day-2014","status":"publish","type":"post","link":"https:\/\/www.omsag.de\/proxy\/online-marketing-blog\/unternehmensnachrichten\/recap-seo-day-und-expert-day-2014\/","title":{"rendered":"Recap: SEO-Day und ExpertDAY 2014"},"content":{"rendered":"<p style=\"text-align: justify;\">Auch die OMSAG war beim diesj\u00e4hrigen SEO-Day am 30. Oktober\u00a0 wieder in K\u00f6ln vertreten: Sascha (SEO-Teamleiter im Key Account), Carsten (Teamleiter f\u00fcr SEO Offsite) und Stefan (Leiter Technik) waren gemeinsam mit unserem Bereichsleiter Gro\u00dfkunden Mario vor Ort.\u00a0 Fazit zur Konferenz rund ums Thema Suchmaschinenoptimierung? Ihre Eindr\u00fccke haben Mario und Sascha hier im Recap festgehalten. Mario war nicht nur mit einem eigenen Speakerslot beim SEO-Day am Start, sondern Tags zuvor auch auf dem ExpertDay zu Besuch.<!--more--><\/p>\n<h2 style=\"text-align: justify;\">Fazit von Mario<\/h2>\n<h3>ExpertDAY<\/h3>\n<p style=\"text-align: justify;\">Der Expert Day im geheimen Treffpunkt in K\u00f6ln war &#8211; genau wie letztes Jahr &#8211; richtig cool! Dabei ging\u2019s diesmal weniger um SEO-Detailwissen, sondern vielmehr darum, den Geist zu \u00f6ffnen. So viele interessante und krasse Berichte \u2013 und das im 20-Minuten-Takt! Total interessant waren auch die zwei Interviews, um das Ganze aufzulockern.<\/p>\n<p style=\"text-align: justify;\">Au\u00dferdem war das Essen klasse, die Location gr\u00f6\u00dfer als beim letzten Mal \u2013 allerdings sehr, sehr hei\u00df aufgrund der knapp 120 Teilnehmer in einem Raum. Ich w\u00fcrde n\u00e4chstes Jahr auf jeden Fall auch wieder hingehen. Es lohnt sich \u2013 sofern ich denn eine Karte ergattern kann. Die waren n\u00e4mlich schon nach vier Stunden komplett weg \u2026<\/p>\n<h3>SEO-Day<\/h3>\n<p style=\"text-align: justify;\">\u00dcber den SEO-Day kann ich dieses Jahr leider gar nicht so viel berichten. Da ich selbst als Speaker vor Ort mit von der Partie war, war ich nat\u00fcrlich vor allem darauf fokussiert. Da ich pers\u00f6nlich eine sehr spezielle, emotionale Verbindung zum SEO-Day habe, war ich dann doch ziemlich aufgeregt. Ich hoffe und denke aber, dass ich den Besuchern trotzdem einen interessanten und unterhaltsamen Vortrag bieten konnte, bei dem die Zuh\u00f6rer auch noch ein paar Infos mitnehmen konnten.<\/p>\n<p>Hier der Beitrag \u2013 leider fehlt der Anfang. Der Vortrag hatte den Titel: \u201eDer Backlink ist tot \u2013 lang lebe der Backlink. Insights vom Kanzler\u201c mit dem Subtitel \u201eB(l)acklinkaufbau am Beispiel eines erfolgreichen SEO Contests\u201c:<\/p>\n<p>http:\/\/youtu.be\/YH_cQLHEge4<\/p>\n<p style=\"text-align: justify;\">Super war, dass dieses Jahr der Einlass unten stattfand und auch gr\u00f6\u00dfer war. Somit konnten alle Besucher und Teilnehmer schneller bedient werden. Einzig, dass ich mittags kein Fleisch bekommen habe, war nicht ganz so toll \u2013 daf\u00fcr war aber das Abendessen doppelt lecker!<\/p>\n<p style=\"text-align: justify;\">Die Afterparty war richtig cool. Fast 100 Liter Wodka und mehrere F\u00e4sser K\u00f6lsch flossen im 51 in K\u00f6ln. Die Stimmung war richtig gut, und Networking wurde trotz des langen Tags den ganzen Abend \u00fcber immer noch gro\u00dfgeschrieben. Kopfschmerzen hatte ich jedoch zwei Tage sp\u00e4ter noch \u2026 \ud83d\ude42<\/p>\n<p style=\"text-align: justify;\">\u00a0Ein extragro\u00dfes Dankesch\u00f6n geht an Fabian Rossbacher f\u00fcr die Einladung \u2013 ich w\u00fcrde mich sehr freuen, auch n\u00e4chstes Jahr wieder dabei sein zu k\u00f6nnen. Als Besucher, aber auch als Speaker. Das w\u00e4re toll!<\/p>\n<h2>Fazit von Sascha<\/h2>\n<p style=\"text-align: justify;\">Der SEO-Day rief \u2013 und wir folgten \u2026<\/p>\n<p style=\"text-align: justify;\">Eschborn bei Frankfurt am Main: Zu fr\u00fcher Stunde um 7 Uhr traten wir unsere Autofahrt ins sch\u00f6ne K\u00f6ln an. Nachdem uns das Navi ung\u00fcnstiger Weise durch ganz K\u00f6ln geschickt hatte, kamen wir mit einer knappen Stunde Versp\u00e4tung um etwa 10 Uhr am Zielort an. Damit war mein so wunderbar durchdachter Zeitplan leider nicht mehr einzuhalten. Den Vortrag von Dominik Wojcik konnten wir nur noch die letzten ausklingenden f\u00fcnf Minuten genie\u00dfen. Im Anschluss sicherten wir uns aber direkt ein paar Sitzpl\u00e4tze f\u00fcr den Vortrag von Jens Fauldrath.<\/p>\n<p style=\"text-align: justify;\"><strong><span style=\"text-decoration: underline;\">Jens Fauldrath \u2013 Reporting im SEO<\/span><\/strong><\/p>\n<p style=\"text-align: justify;\">Der Vortrag war auf jeden Fall informativ und ebenfalls unterhaltsam. Speziell die Thematik, welche KPIs (Key Performance Indicators) man definieren und reporten solle, stand im Vordergrund. Hier ging Jens auf verschiedene Empf\u00e4nger ein und betonte, dass f\u00fcr verschiedene Empf\u00e4nger auch verschiedene Medien und Formen f\u00fcr das Reporting notwendig sind.<\/p>\n<p style=\"text-align: justify;\">Folgende Informationen konnte ich ebenfalls aus dem Vortrag ziehen.<\/p>\n<ul style=\"text-align: justify;\">\n<li>Definiert in den einschl\u00e4gigen SEO Tools individuelle Sichtbarkeitsindizes<\/li>\n<li>Weist zus\u00e4tzliche Suchmaschinen in Google Analytics aus<\/li>\n<li>Durch die Verifizierung von einzelnen Ordnern in den Webmaster-Tools bekommt man strukturiertere Informationen<\/li>\n<li>Keylime Toolbox ausprobieren<\/li>\n<li>[\u2026]<\/li>\n<\/ul>\n<p style=\"text-align: justify;\">Insgesamt ein sehr guter Vortrag.<\/p>\n<p style=\"text-align: justify;\"><strong><span style=\"text-decoration: underline;\">Mario Porst \u2013 Der Backlink ist tot \u2013 Lang lebe der Backlink! Insights vom Kanzler<\/span><\/strong><\/p>\n<p style=\"text-align: justify;\">Nach einer kurzen Pause pilgerten wir zu Mario Porst, dem Bereichsleiter Gro\u00dfkunden unserer Firma, der Online Marketing Solutions AG. Er referierte kurzweilig und pointiert \u00fcber das Vorgehen beim SEO Contest \u201eSeokanzler\u201c im Jahr 2013. Hier konnten wir Platz 2 in Deutschland und sogar Platz 1 in \u00d6sterreich erreichen. Inhaltlich wurde besonders auf den Linkaufbau im Rahmen dieses Contests eingegangen. Neben viel gutem Content gab die gro\u00dfe Anzahl an Links den Ausschlag f\u00fcr den grandiosen Contest-Gewinn. Mario stellte jedoch auch klar heraus, dass man mit dieser Methode kein eigenes oder irgendein Kundenprojekt angehen sollte, da sich in der Nische eines Content-Fantasieworts keine realistischen Bedingungen abzeichnen.<\/p>\n<p style=\"text-align: justify;\">Erstaunlicherweise war Mario der einzige Speaker (ich kann an dieser Stelle nur von den von mir besuchten Vortr\u00e4gen sprechen), der einige Auswirkungen des Pinguin 3.0 im Foliengep\u00e4ck dabeihatte.<\/p>\n<p style=\"text-align: justify;\">Hier konnten teils deutliche Verbesserungen durch Linkprofilbereinigungen festgestellt werden.<\/p>\n<p style=\"text-align: justify;\"><strong><span style=\"text-decoration: underline;\">Corporate Blogs unter der Lupe \u2013 welche Inhalte Traffic und Links generieren<\/span><\/strong><\/p>\n<p style=\"text-align: justify;\">Im fliegenden Wechsel widmete sich anschlie\u00dfend Markus H\u00f6vener ausf\u00fchrlich dem Thema Corporate Blogging. Anhand einer sch\u00f6nen Analyse stellte er bildhaft dar, dass Corporate Blogging zur Linkakquise richtig viel Arbeit (!) bedeutet. Ein anschauliches Beispiel \u00fcber gut funktionierende Blog-Artikel war eine Abstimmung der Community \u00fcber einen Produktnamen. Ich denke, im Blog von notebooksbilliger.de wurde das realisiert. Hat anscheinend sehr gut funktioniert. Man muss jedoch auch aufpassen, sonst hei\u00dft Euer Tunnel bald Bud-Spencer Tunnel \ud83d\ude42<\/p>\n<p>http:\/\/youtu.be\/Vhnl2TbOADo<\/p>\n<p style=\"text-align: justify;\"><strong><span style=\"text-decoration: underline;\">Mittagspause<\/span><\/strong><\/p>\n<p style=\"text-align: justify;\">Was soll ich sagen? War lecker. Vielleicht etwas lang. Wir haben uns noch 45 Minuten einen Workshop von SemRush angeh\u00f6rt. Ja, richtig \u2026 angeh\u00f6rt. Das war n\u00e4mlich eigentlich kein Workshop, sondern eine kurze Produktvorstellung.<\/p>\n<p style=\"text-align: justify;\"><strong><span style=\"text-decoration: underline;\">Daniel Furch &#8211; Evolution of Search in der Nach Hummingbird \u00c4ra<\/span><\/strong><\/p>\n<p>Kommt ein SEO in eine Bar, Kneipe, Pinte, Club, Wirtshaus, Pub, Lokal, Bierstube \u2026 \ud83d\ude42 Das war gestern. Seit dem Start von Hummingbird wird Google immer besser darin, semantische Zusammenh\u00e4nge zu erkennen und in den Suchergebnissen abzubilden bzw. zu beantworten. Ein sehr interessanter Vortrag zu Methoden, mit denen Proof Keywords identifiziert und in der Content Erstellung ber\u00fccksichtigt werden k\u00f6nnen.<\/p>\n<p>http:\/\/youtu.be\/OxOWLilD5SY<\/p>\n<p style=\"text-align: justify;\"><strong><span style=\"text-decoration: underline;\">Alexandra Lindner \u2013 Onlineshop-Optimierung \u2013 Schwerpunkt Landingpage-Optimierung (Gender Marketing)<\/span><\/strong><\/p>\n<p style=\"text-align: justify;\">Okay. Das Thema ist nicht uninteressant. Der Vortrag war auch wirklich informativ und lustig. Ich habe jedoch noch nie so vollgepackte Folien gesehen wir bei diesem Vortrag. Trotzdem eine anregende Idee, im Anschluss an den Vortrag per Visitenkarte auf dem ein QR-Code abgedruckt ist, die kompletten Folien anzubieten. Es war wirklich spannend zu sehen, wie unterschiedlich das Kaufverhalten zwischen M\u00e4nnern und Frauen ausf\u00e4llt.<\/p>\n<p style=\"text-align: justify;\"><strong><span style=\"text-decoration: underline;\">M\u00f3r J\u00e1nos Da\u00e9k \u2013 Ranking ohne Links<\/span><\/strong><\/p>\n<p style=\"text-align: justify;\">Hier gab es im Anschluss einen kurzen Ausblick auf eine m\u00f6gliche Entwicklung hin zu \u201eRanking ohne Links\u201c. Yandex macht es beispielsweise in Moskau vor. Kai Spriestersbach hat das vor kurzem ja auch schon mal bei Google angefragt. Hier freue ich mich schon auf die Antwort \u2026M\u00f3r J\u00e1nos hat folgende Beobachtung gemacht: In Moskau legen die Webmaster durch die Bewertung ohne Links gesteigerten Wert auf eine positive Usability Ihrer Webseiten. Wenn also eine bessere Usability das Ergebnis ist, kann es bei Google auch nicht mehr lange dauern. Meine Meinung.<\/p>\n<p>http:\/\/youtu.be\/nYYEfTkCMOM<\/p>\n<p style=\"text-align: justify;\"><strong><span style=\"text-decoration: underline;\">Astrid Jacobi \u2013 Die Antwortbox \u2013 Hintergr\u00fcnde und Strategie f\u00fcr die Pole Position<\/span><\/strong><\/p>\n<p style=\"text-align: justify;\">Sehr guter Vortrag \u00fcber die Antwortbox in den Google SERPS. Wann wird welcher Inhalt als Antwort auf eine Frage angezeigt und wann nicht? In Deutschland ist die Antwortbox noch nicht so weit verbreitet. Astrids Ausblick war jedoch recht eindeutig: N\u00e4chstes Jahr um diese Zeit werde das Thema schon deutlich h\u00e4ufiger aufgegriffen werden. Sollten wir das Thema also erst mal ignorieren? NOPE!<\/p>\n<p>http:\/\/youtu.be\/XAlojAI3ePw<\/p>\n<p style=\"text-align: justify;\"><strong><span style=\"text-decoration: underline;\">Fabienne Colling \u2013 Sprachgebrauch &amp; Seitenstruktur in internationalen Kontexte<\/span><\/strong><\/p>\n<p style=\"text-align: justify;\">Hier gab es zun\u00e4chst Infos zu Luxemburg und seiner Sprachkultur. Kein Wunder, dass man sich im kleinen Herzogtum mit unterschiedlichen Sprachversionen von Webseiten auseinander setzen muss! Ich konnte viele Informationen aus den Fragen und Diskussionen zu Struktur und Domainkonzept mitnehmen.<\/p>\n<h3 style=\"text-align: justify;\">Fazit<\/h3>\n<p style=\"text-align: justify;\">Insgesamt war es eine sehr sch\u00f6ne Veranstaltung. Vielen Dank an Fabian Rossbacher f\u00fcr die gute Planung und den reibungslosen Ablauf! Einige Vortr\u00e4ge waren ausgeprochen informativ, andere h\u00e4tten an mancher Stelle noch etwas mehr Tiefgang und anschauliche Details vertragen. Trotzdem werde ich gerne wiederkommen.<\/p>\n<p style=\"text-align: justify;\">\n","protected":false},"excerpt":{"rendered":"<p>Auch die OMSAG war beim diesj\u00e4hrigen SEO-Day am 30. Oktober\u00a0 wieder in K\u00f6ln vertreten: Sascha (SEO-Teamleiter im Key Account), Carsten (Teamleiter f\u00fcr SEO Offsite) und Stefan (Leiter Technik) waren gemeinsam mit unserem Bereichsleiter Gro\u00dfkunden Mario vor Ort.\u00a0 Fazit zur Konferenz rund ums Thema Suchmaschinenoptimierung? Ihre Eindr\u00fccke haben Mario und Sascha hier im Recap festgehalten. Mario [&hellip;]<\/p>\n","protected":false},"author":4,"featured_media":88223,"comment_status":"open","ping_status":"closed","sticky":false,"template":"","format":"standard","meta":{"content-type":"","footnotes":""},"categories":[155,39],"tags":[177,178,145],"yoast_head":"<!-- This site is optimized with the Yoast SEO plugin v22.8 - https:\/\/yoast.com\/wordpress\/plugins\/seo\/ -->\n<title>OMSAG Recap zum SEO-Day und ExpertDAY 2014<\/title>\n<meta name=\"description\" content=\"Unser Teamleiter Social Media Mario Porst gibt euch einen Einblick in den diesj\u00e4hrigen SEO-Day und ExpertDay.\" \/>\n<meta name=\"robots\" content=\"index, follow, max-snippet:-1, max-image-preview:large, max-video-preview:-1\" \/>\n<link rel=\"canonical\" href=\"https:\/\/www.omsag.de\/proxy\/online-marketing-blog\/unternehmensnachrichten\/recap-seo-day-und-expert-day-2014\/\" \/>\n<meta property=\"og:locale\" content=\"de_DE\" \/>\n<meta property=\"og:type\" content=\"article\" \/>\n<meta property=\"og:title\" content=\"OMSAG Recap zum SEO-Day und ExpertDAY 2014\" \/>\n<meta property=\"og:description\" content=\"Unser Teamleiter Social Media Mario Porst gibt euch einen Einblick in den diesj\u00e4hrigen SEO-Day und ExpertDay.\" \/>\n<meta property=\"og:url\" content=\"https:\/\/www.omsag.de\/proxy\/online-marketing-blog\/unternehmensnachrichten\/recap-seo-day-und-expert-day-2014\/\" \/>\n<meta property=\"og:site_name\" content=\"Online Marketing &amp; Suchmaschinenmarketing Agentur OMSAG\" \/>\n<meta property=\"article:publisher\" content=\"https:\/\/www.facebook.com\/Online.Marketing.Solutions.AG\" \/>\n<meta property=\"article:published_time\" content=\"2014-11-06T12:23:43+00:00\" \/>\n<meta property=\"article:modified_time\" content=\"2018-11-20T12:00:45+00:00\" \/>\n<meta property=\"og:image\" content=\"https:\/\/www.omsag.de\/proxy\/wp-content\/uploads\/2015\/06\/Hashtag.png\" \/>\n\t<meta property=\"og:image:width\" content=\"1038\" \/>\n\t<meta property=\"og:image:height\" content=\"598\" \/>\n\t<meta property=\"og:image:type\" content=\"image\/png\" \/>\n<meta name=\"author\" content=\"Blogredaktion\" \/>\n<meta name=\"twitter:card\" content=\"summary_large_image\" \/>\n<meta name=\"twitter:label1\" content=\"Verfasst von\" \/>\n\t<meta name=\"twitter:data1\" content=\"Blogredaktion\" \/>\n\t<meta name=\"twitter:label2\" content=\"Gesch\u00e4tzte Lesezeit\" \/>\n\t<meta name=\"twitter:data2\" content=\"7\u00a0Minuten\" \/>\n<script type=\"application\/ld+json\" class=\"yoast-schema-graph\">{\"@context\":\"https:\/\/schema.org\",\"@graph\":[{\"@type\":\"Article\",\"@id\":\"https:\/\/www.omsag.de\/proxy\/online-marketing-blog\/unternehmensnachrichten\/recap-seo-day-und-expert-day-2014\/#article\",\"isPartOf\":{\"@id\":\"https:\/\/www.omsag.de\/proxy\/online-marketing-blog\/unternehmensnachrichten\/recap-seo-day-und-expert-day-2014\/\"},\"author\":{\"name\":\"Blogredaktion\",\"@id\":\"https:\/\/www.omsag.de\/proxy\/#\/schema\/person\/8dcdf1052bc5e4a5e82b494f96fba999\"},\"headline\":\"Recap: SEO-Day und ExpertDAY 2014\",\"datePublished\":\"2014-11-06T12:23:43+00:00\",\"dateModified\":\"2018-11-20T12:00:45+00:00\",\"mainEntityOfPage\":{\"@id\":\"https:\/\/www.omsag.de\/proxy\/online-marketing-blog\/unternehmensnachrichten\/recap-seo-day-und-expert-day-2014\/\"},\"wordCount\":1371,\"commentCount\":0,\"publisher\":{\"@id\":\"https:\/\/www.omsag.de\/proxy\/#organization\"},\"image\":{\"@id\":\"https:\/\/www.omsag.de\/proxy\/online-marketing-blog\/unternehmensnachrichten\/recap-seo-day-und-expert-day-2014\/#primaryimage\"},\"thumbnailUrl\":\"https:\/\/www.omsag.de\/proxy\/wp-content\/uploads\/2015\/06\/Hashtag.png\",\"keywords\":[\"recap\",\"seo-day\",\"suchmaschinenoptimierung\"],\"articleSection\":[\"Digi-Trends\",\"Unternehmensnachrichten\"],\"inLanguage\":\"de\",\"potentialAction\":[{\"@type\":\"CommentAction\",\"name\":\"Comment\",\"target\":[\"https:\/\/www.omsag.de\/proxy\/online-marketing-blog\/unternehmensnachrichten\/recap-seo-day-und-expert-day-2014\/#respond\"]}]},{\"@type\":\"WebPage\",\"@id\":\"https:\/\/www.omsag.de\/proxy\/online-marketing-blog\/unternehmensnachrichten\/recap-seo-day-und-expert-day-2014\/\",\"url\":\"https:\/\/www.omsag.de\/proxy\/online-marketing-blog\/unternehmensnachrichten\/recap-seo-day-und-expert-day-2014\/\",\"name\":\"OMSAG Recap zum SEO-Day und ExpertDAY 2014\",\"isPartOf\":{\"@id\":\"https:\/\/www.omsag.de\/proxy\/#website\"},\"primaryImageOfPage\":{\"@id\":\"https:\/\/www.omsag.de\/proxy\/online-marketing-blog\/unternehmensnachrichten\/recap-seo-day-und-expert-day-2014\/#primaryimage\"},\"image\":{\"@id\":\"https:\/\/www.omsag.de\/proxy\/online-marketing-blog\/unternehmensnachrichten\/recap-seo-day-und-expert-day-2014\/#primaryimage\"},\"thumbnailUrl\":\"https:\/\/www.omsag.de\/proxy\/wp-content\/uploads\/2015\/06\/Hashtag.png\",\"datePublished\":\"2014-11-06T12:23:43+00:00\",\"dateModified\":\"2018-11-20T12:00:45+00:00\",\"description\":\"Unser Teamleiter Social Media Mario Porst gibt euch einen Einblick in den diesj\u00e4hrigen SEO-Day und ExpertDay.\",\"breadcrumb\":{\"@id\":\"https:\/\/www.omsag.de\/proxy\/online-marketing-blog\/unternehmensnachrichten\/recap-seo-day-und-expert-day-2014\/#breadcrumb\"},\"inLanguage\":\"de\",\"potentialAction\":[{\"@type\":\"ReadAction\",\"target\":[\"https:\/\/www.omsag.de\/proxy\/online-marketing-blog\/unternehmensnachrichten\/recap-seo-day-und-expert-day-2014\/\"]}]},{\"@type\":\"ImageObject\",\"inLanguage\":\"de\",\"@id\":\"https:\/\/www.omsag.de\/proxy\/online-marketing-blog\/unternehmensnachrichten\/recap-seo-day-und-expert-day-2014\/#primaryimage\",\"url\":\"https:\/\/www.omsag.de\/proxy\/wp-content\/uploads\/2015\/06\/Hashtag.png\",\"contentUrl\":\"https:\/\/www.omsag.de\/proxy\/wp-content\/uploads\/2015\/06\/Hashtag.png\",\"width\":1038,\"height\":598,\"caption\":\"Pressemeldung\"},{\"@type\":\"BreadcrumbList\",\"@id\":\"https:\/\/www.omsag.de\/proxy\/online-marketing-blog\/unternehmensnachrichten\/recap-seo-day-und-expert-day-2014\/#breadcrumb\",\"itemListElement\":[{\"@type\":\"ListItem\",\"position\":1,\"name\":\"Startseite\",\"item\":\"https:\/\/www.omsag.de\/proxy\/\"},{\"@type\":\"ListItem\",\"position\":2,\"name\":\"Digi-Trends\",\"item\":\"https:\/\/www.omsag.de\/proxy\/online-marketing-blog\/digi-trends\/\"},{\"@type\":\"ListItem\",\"position\":3,\"name\":\"Recap: SEO-Day und ExpertDAY 2014\"}]},{\"@type\":\"WebSite\",\"@id\":\"https:\/\/www.omsag.de\/proxy\/#website\",\"url\":\"https:\/\/www.omsag.de\/proxy\/\",\"name\":\"Online Marketing & Suchmaschinenmarketing Agentur OMSAG\",\"description\":\"\",\"publisher\":{\"@id\":\"https:\/\/www.omsag.de\/proxy\/#organization\"},\"potentialAction\":[{\"@type\":\"SearchAction\",\"target\":{\"@type\":\"EntryPoint\",\"urlTemplate\":\"https:\/\/www.omsag.de\/proxy\/?s={search_term_string}\"},\"query-input\":\"required name=search_term_string\"}],\"inLanguage\":\"de\"},{\"@type\":\"Organization\",\"@id\":\"https:\/\/www.omsag.de\/proxy\/#organization\",\"name\":\"OMSAG\",\"url\":\"https:\/\/www.omsag.de\/proxy\/\",\"logo\":{\"@type\":\"ImageObject\",\"inLanguage\":\"de\",\"@id\":\"https:\/\/www.omsag.de\/proxy\/#\/schema\/logo\/image\/\",\"url\":\"https:\/\/www.omsag.de\/proxy\/wp-content\/uploads\/2020\/08\/oms-logo-1.jpg\",\"contentUrl\":\"https:\/\/www.omsag.de\/proxy\/wp-content\/uploads\/2020\/08\/oms-logo-1.jpg\",\"width\":500,\"height\":148,\"caption\":\"OMSAG\"},\"image\":{\"@id\":\"https:\/\/www.omsag.de\/proxy\/#\/schema\/logo\/image\/\"},\"sameAs\":[\"https:\/\/www.facebook.com\/Online.Marketing.Solutions.AG\",\"https:\/\/www.instagram.com\/omsag\/\",\"https:\/\/de.linkedin.com\/company\/online-marketing-solutions-ag\"]},{\"@type\":\"Person\",\"@id\":\"https:\/\/www.omsag.de\/proxy\/#\/schema\/person\/8dcdf1052bc5e4a5e82b494f96fba999\",\"name\":\"Blogredaktion\",\"description\":\"Unter \u201eBlogredaktion\u201c werden Fachbeitr\u00e4ge verschiedener Experten aus dem Unternehmen ohne Autorenkennzeichnung publiziert. Ihr habt Fragen oder Anregungen zu einem speziellen Beitrag? Kein Problem, die Blogredaktion steht euch daf\u00fcr gerne hier zur Verf\u00fcgung.\",\"sameAs\":[\"https:\/\/www.omsag.de\"],\"url\":\"https:\/\/www.omsag.de\/proxy\/online-marketing-blog\/author\/blogredaktion\/\"}]}<\/script>\n<!-- \/ Yoast SEO plugin. -->","yoast_head_json":{"title":"OMSAG Recap zum SEO-Day und ExpertDAY 2014","description":"Unser Teamleiter Social Media Mario Porst gibt euch einen Einblick in den diesj\u00e4hrigen SEO-Day und ExpertDay.","robots":{"index":"index","follow":"follow","max-snippet":"max-snippet:-1","max-image-preview":"max-image-preview:large","max-video-preview":"max-video-preview:-1"},"canonical":"https:\/\/www.omsag.de\/proxy\/online-marketing-blog\/unternehmensnachrichten\/recap-seo-day-und-expert-day-2014\/","og_locale":"de_DE","og_type":"article","og_title":"OMSAG Recap zum SEO-Day und ExpertDAY 2014","og_description":"Unser Teamleiter Social Media Mario Porst gibt euch einen Einblick in den diesj\u00e4hrigen SEO-Day und ExpertDay.","og_url":"https:\/\/www.omsag.de\/proxy\/online-marketing-blog\/unternehmensnachrichten\/recap-seo-day-und-expert-day-2014\/","og_site_name":"Online Marketing &amp; Suchmaschinenmarketing Agentur OMSAG","article_publisher":"https:\/\/www.facebook.com\/Online.Marketing.Solutions.AG","article_published_time":"2014-11-06T12:23:43+00:00","article_modified_time":"2018-11-20T12:00:45+00:00","og_image":[{"width":1038,"height":598,"url":"https:\/\/www.omsag.de\/proxy\/wp-content\/uploads\/2015\/06\/Hashtag.png","type":"image\/png"}],"author":"Blogredaktion","twitter_card":"summary_large_image","twitter_misc":{"Verfasst von":"Blogredaktion","Gesch\u00e4tzte Lesezeit":"7\u00a0Minuten"},"schema":{"@context":"https:\/\/schema.org","@graph":[{"@type":"Article","@id":"https:\/\/www.omsag.de\/proxy\/online-marketing-blog\/unternehmensnachrichten\/recap-seo-day-und-expert-day-2014\/#article","isPartOf":{"@id":"https:\/\/www.omsag.de\/proxy\/online-marketing-blog\/unternehmensnachrichten\/recap-seo-day-und-expert-day-2014\/"},"author":{"name":"Blogredaktion","@id":"https:\/\/www.omsag.de\/proxy\/#\/schema\/person\/8dcdf1052bc5e4a5e82b494f96fba999"},"headline":"Recap: SEO-Day und ExpertDAY 2014","datePublished":"2014-11-06T12:23:43+00:00","dateModified":"2018-11-20T12:00:45+00:00","mainEntityOfPage":{"@id":"https:\/\/www.omsag.de\/proxy\/online-marketing-blog\/unternehmensnachrichten\/recap-seo-day-und-expert-day-2014\/"},"wordCount":1371,"commentCount":0,"publisher":{"@id":"https:\/\/www.omsag.de\/proxy\/#organization"},"image":{"@id":"https:\/\/www.omsag.de\/proxy\/online-marketing-blog\/unternehmensnachrichten\/recap-seo-day-und-expert-day-2014\/#primaryimage"},"thumbnailUrl":"https:\/\/www.omsag.de\/proxy\/wp-content\/uploads\/2015\/06\/Hashtag.png","keywords":["recap","seo-day","suchmaschinenoptimierung"],"articleSection":["Digi-Trends","Unternehmensnachrichten"],"inLanguage":"de","potentialAction":[{"@type":"CommentAction","name":"Comment","target":["https:\/\/www.omsag.de\/proxy\/online-marketing-blog\/unternehmensnachrichten\/recap-seo-day-und-expert-day-2014\/#respond"]}]},{"@type":"WebPage","@id":"https:\/\/www.omsag.de\/proxy\/online-marketing-blog\/unternehmensnachrichten\/recap-seo-day-und-expert-day-2014\/","url":"https:\/\/www.omsag.de\/proxy\/online-marketing-blog\/unternehmensnachrichten\/recap-seo-day-und-expert-day-2014\/","name":"OMSAG Recap zum SEO-Day und ExpertDAY 2014","isPartOf":{"@id":"https:\/\/www.omsag.de\/proxy\/#website"},"primaryImageOfPage":{"@id":"https:\/\/www.omsag.de\/proxy\/online-marketing-blog\/unternehmensnachrichten\/recap-seo-day-und-expert-day-2014\/#primaryimage"},"image":{"@id":"https:\/\/www.omsag.de\/proxy\/online-marketing-blog\/unternehmensnachrichten\/recap-seo-day-und-expert-day-2014\/#primaryimage"},"thumbnailUrl":"https:\/\/www.omsag.de\/proxy\/wp-content\/uploads\/2015\/06\/Hashtag.png","datePublished":"2014-11-06T12:23:43+00:00","dateModified":"2018-11-20T12:00:45+00:00","description":"Unser Teamleiter Social Media Mario Porst gibt euch einen Einblick in den diesj\u00e4hrigen SEO-Day und ExpertDay.","breadcrumb":{"@id":"https:\/\/www.omsag.de\/proxy\/online-marketing-blog\/unternehmensnachrichten\/recap-seo-day-und-expert-day-2014\/#breadcrumb"},"inLanguage":"de","potentialAction":[{"@type":"ReadAction","target":["https:\/\/www.omsag.de\/proxy\/online-marketing-blog\/unternehmensnachrichten\/recap-seo-day-und-expert-day-2014\/"]}]},{"@type":"ImageObject","inLanguage":"de","@id":"https:\/\/www.omsag.de\/proxy\/online-marketing-blog\/unternehmensnachrichten\/recap-seo-day-und-expert-day-2014\/#primaryimage","url":"https:\/\/www.omsag.de\/proxy\/wp-content\/uploads\/2015\/06\/Hashtag.png","contentUrl":"https:\/\/www.omsag.de\/proxy\/wp-content\/uploads\/2015\/06\/Hashtag.png","width":1038,"height":598,"caption":"Pressemeldung"},{"@type":"BreadcrumbList","@id":"https:\/\/www.omsag.de\/proxy\/online-marketing-blog\/unternehmensnachrichten\/recap-seo-day-und-expert-day-2014\/#breadcrumb","itemListElement":[{"@type":"ListItem","position":1,"name":"Startseite","item":"https:\/\/www.omsag.de\/proxy\/"},{"@type":"ListItem","position":2,"name":"Digi-Trends","item":"https:\/\/www.omsag.de\/proxy\/online-marketing-blog\/digi-trends\/"},{"@type":"ListItem","position":3,"name":"Recap: SEO-Day und ExpertDAY 2014"}]},{"@type":"WebSite","@id":"https:\/\/www.omsag.de\/proxy\/#website","url":"https:\/\/www.omsag.de\/proxy\/","name":"Online Marketing & Suchmaschinenmarketing Agentur OMSAG","description":"","publisher":{"@id":"https:\/\/www.omsag.de\/proxy\/#organization"},"potentialAction":[{"@type":"SearchAction","target":{"@type":"EntryPoint","urlTemplate":"https:\/\/www.omsag.de\/proxy\/?s={search_term_string}"},"query-input":"required name=search_term_string"}],"inLanguage":"de"},{"@type":"Organization","@id":"https:\/\/www.omsag.de\/proxy\/#organization","name":"OMSAG","url":"https:\/\/www.omsag.de\/proxy\/","logo":{"@type":"ImageObject","inLanguage":"de","@id":"https:\/\/www.omsag.de\/proxy\/#\/schema\/logo\/image\/","url":"https:\/\/www.omsag.de\/proxy\/wp-content\/uploads\/2020\/08\/oms-logo-1.jpg","contentUrl":"https:\/\/www.omsag.de\/proxy\/wp-content\/uploads\/2020\/08\/oms-logo-1.jpg","width":500,"height":148,"caption":"OMSAG"},"image":{"@id":"https:\/\/www.omsag.de\/proxy\/#\/schema\/logo\/image\/"},"sameAs":["https:\/\/www.facebook.com\/Online.Marketing.Solutions.AG","https:\/\/www.instagram.com\/omsag\/","https:\/\/de.linkedin.com\/company\/online-marketing-solutions-ag"]},{"@type":"Person","@id":"https:\/\/www.omsag.de\/proxy\/#\/schema\/person\/8dcdf1052bc5e4a5e82b494f96fba999","name":"Blogredaktion","description":"Unter \u201eBlogredaktion\u201c werden Fachbeitr\u00e4ge verschiedener Experten aus dem Unternehmen ohne Autorenkennzeichnung publiziert. Ihr habt Fragen oder Anregungen zu einem speziellen Beitrag? Kein Problem, die Blogredaktion steht euch daf\u00fcr gerne hier zur Verf\u00fcgung.","sameAs":["https:\/\/www.omsag.de"],"url":"https:\/\/www.omsag.de\/proxy\/online-marketing-blog\/author\/blogredaktion\/"}]}},"_links":{"self":[{"href":"https:\/\/www.omsag.de\/proxy\/wp-json\/wp\/v2\/posts\/4920"}],"collection":[{"href":"https:\/\/www.omsag.de\/proxy\/wp-json\/wp\/v2\/posts"}],"about":[{"href":"https:\/\/www.omsag.de\/proxy\/wp-json\/wp\/v2\/types\/post"}],"author":[{"embeddable":true,"href":"https:\/\/www.omsag.de\/proxy\/wp-json\/wp\/v2\/users\/4"}],"replies":[{"embeddable":true,"href":"https:\/\/www.omsag.de\/proxy\/wp-json\/wp\/v2\/comments?post=4920"}],"version-history":[{"count":0,"href":"https:\/\/www.omsag.de\/proxy\/wp-json\/wp\/v2\/posts\/4920\/revisions"}],"wp:featuredmedia":[{"embeddable":true,"href":"https:\/\/www.omsag.de\/proxy\/wp-json\/wp\/v2\/media\/88223"}],"wp:attachment":[{"href":"https:\/\/www.omsag.de\/proxy\/wp-json\/wp\/v2\/media?parent=4920"}],"wp:term":[{"taxonomy":"category","embeddable":true,"href":"https:\/\/www.omsag.de\/proxy\/wp-json\/wp\/v2\/categories?post=4920"},{"taxonomy":"post_tag","embeddable":true,"href":"https:\/\/www.omsag.de\/proxy\/wp-json\/wp\/v2\/tags?post=4920"}],"curies":[{"name":"wp","href":"https:\/\/api.w.org\/{rel}","templated":true}]}}