{"id":4477,"date":"2014-07-22T16:45:08","date_gmt":"2014-07-22T14:45:08","guid":{"rendered":"https:\/\/www.omsag.de\/blog\/?p=4477"},"modified":"2018-09-17T10:27:46","modified_gmt":"2018-09-17T08:27:46","slug":"offizielles-statement-zur-meldung-ueber-unsere-linkaktivitaeten-im-xovilichter-contest","status":"publish","type":"post","link":"https:\/\/www.omsag.de\/proxy\/online-marketing-blog\/pressespiegel\/offizielles-statement-zur-meldung-ueber-unsere-linkaktivitaeten-im-xovilichter-contest\/","title":{"rendered":"Offizielles Statement zur Meldung \u00fcber unsere Linkaktivit\u00e4ten im Xovilichter-Contest"},"content":{"rendered":"<p>Am Freitag machte eine Meldung die Runde, in welcher Behauptungen \u00fcber unsere Linkaktivit\u00e4ten zum Xovilichter-Contest aufgestellt wurden. Diese hat dazu gef\u00fchrt, dass sich einige andere Teilnehmer und generell SEOs, die den Contest beobachtet haben, verwundert bzw. sogar negativ dazu ge\u00e4u\u00dfert haben. Wir m\u00f6chten auch gerne ein offizielles Statement dazu abgeben und alle Unklarheiten\/Unwahrheiten aus dem Weg r\u00e4umen:<br \/>\nIn Kooperation mit Partner-Agenturen und Webmastern sind Links entstanden, die \u00f6ffentlich in die Kritik geraten sind. Die Behauptung, es handelt sich gerade bei den Cloaked-Links um Kunden der OMSAG, ist nicht zutreffend. Der auf dem Portal onlinemarketing.de gezeigte sichtbare Backlink ist im Rahmen unserer Partnerprogramme vereinbart.<\/p>\n<p><strong>Kurz gesagt:<\/strong> Es wurden selbstverst\u00e4ndlich KEINE versteckten und\/oder nicht abgesprochenen Links auf Webseiten unserer Kunden geschaltet!<!--more--><br \/>\nUnsere <strong>strategischen Schwerpunkte bei der Optimierung<\/strong> f\u00fcr den Contest lagen auf Innovation, Nachhaltigkeit und Technik. Dabei haben wir unter anderem mit folgenden Ma\u00dfnahmen gearbeitet:<\/p>\n<ul>\n<li>Fast T\u00e4gliche News mit SEO-Fachbeitr\u00e4gen, Analysen und Marketing Insights auf der Seite ver\u00f6ffentlicht<\/li>\n<li>Eine Xovilichter Ranking App programmiert und ein passendes Video erstellt<\/li>\n<li>Ein WP-Plugin (Xovilichter-Ergebnisse)<\/li>\n<li>Gedichte M\u00e4rchen und eine Saga mit insgesamt 8 Teilen f\u00fcr den Contest verfasst<\/li>\n<li>Zwei Gewinnspiele und ein Kreativ Wettbewerb in Zusammenarbeit mit dem Cross Cult Verlag durchgef\u00fchrt<\/li>\n<li>Insgesamt haben wir 66 Posts, 10 Seiten Text mit ca. 43.200 W\u00f6rtern alleine in dem Hub generiert<\/li>\n<li>Zahlreiche weitere Social Media Aktivit\u00e4ten und Online Pressemitteilungen<\/li>\n<\/ul>\n<p><strong>In Analytics sah das dann f\u00fcr die 80 Tage so aus:<\/strong><br \/>\n2.569 Sitzungen<br \/>\n47 % neue Sitzungen<br \/>\n2,68 Seiten pro Sitzung<br \/>\nDurschnittliche Sitzungsdauer von 3:34 Min.<br \/>\n11,29 % Absprungrate<\/p>\n<p>Generell finden wir, dass hier der eine oder andere vielleicht vergessen haben k\u00f6nnte, dass<\/p>\n<p>1. nicht immer alles so ist, wie es auf den ersten Blick scheint, und manche Behauptungen doch etwas genauer recherchiert werden sollten und<br \/>\n2. wird &#8211;\u00a0 gerade bei solchen Contests &#8211; eben nicht nur auf Nummer sicher optimiert, sondern Herangehensweisen in Betracht gezogen werden, die im Alltagsgesch\u00e4ft nicht einfach mal so ausprobiert werden k\u00f6nnen.<\/p>\n<p>Der Autor des Artikels l\u00e4sst eine genaue, langwierige und professionelle Recherche ebenso vermissen wie stichhaltige Quellen und Belege , sodass von so etwas wie \u201eEnth\u00fcllungsjournalismus\u201c zu angeblich skandal\u00f6sen Vorgehensweisen einer \u201evermutlich\u201c involvierten Agentur keinesfalls die Rede sein kann.<\/p>\n","protected":false},"excerpt":{"rendered":"<p>Am Freitag machte eine Meldung die Runde, in welcher Behauptungen \u00fcber unsere Linkaktivit\u00e4ten zum Xovilichter-Contest aufgestellt wurden. Diese hat dazu gef\u00fchrt, dass sich einige andere Teilnehmer und generell SEOs, die den Contest beobachtet haben, verwundert bzw. sogar negativ dazu ge\u00e4u\u00dfert haben. Wir m\u00f6chten auch gerne ein offizielles Statement dazu abgeben und alle Unklarheiten\/Unwahrheiten aus dem [&hellip;]<\/p>\n","protected":false},"author":46,"featured_media":88223,"comment_status":"open","ping_status":"closed","sticky":false,"template":"","format":"standard","meta":{"content-type":"","footnotes":""},"categories":[38,39],"tags":[],"yoast_head":"<!-- This site is optimized with the Yoast SEO plugin v22.8 - https:\/\/yoast.com\/wordpress\/plugins\/seo\/ -->\n<title>Offizielles Statement: Unsere Linkaktivit\u00e4ten im Xovilichter-Contest<\/title>\n<meta name=\"description\" content=\"Unser offizielles Statement \u00fcber die falsche Behauptung unrechtm\u00e4\u00dfiger Linkaktivit\u00e4ten beim Xovilichter-Contest.\" \/>\n<meta name=\"robots\" content=\"index, follow, max-snippet:-1, max-image-preview:large, max-video-preview:-1\" \/>\n<link rel=\"canonical\" href=\"https:\/\/www.omsag.de\/proxy\/online-marketing-blog\/pressespiegel\/offizielles-statement-zur-meldung-ueber-unsere-linkaktivitaeten-im-xovilichter-contest\/\" \/>\n<meta property=\"og:locale\" content=\"de_DE\" \/>\n<meta property=\"og:type\" content=\"article\" \/>\n<meta property=\"og:title\" content=\"Offizielles Statement: Unsere Linkaktivit\u00e4ten im Xovilichter-Contest\" \/>\n<meta property=\"og:description\" content=\"Unser offizielles Statement \u00fcber die falsche Behauptung unrechtm\u00e4\u00dfiger Linkaktivit\u00e4ten beim Xovilichter-Contest.\" \/>\n<meta property=\"og:url\" content=\"https:\/\/www.omsag.de\/proxy\/online-marketing-blog\/pressespiegel\/offizielles-statement-zur-meldung-ueber-unsere-linkaktivitaeten-im-xovilichter-contest\/\" \/>\n<meta property=\"og:site_name\" content=\"Online Marketing &amp; Suchmaschinenmarketing Agentur OMSAG\" \/>\n<meta property=\"article:publisher\" content=\"https:\/\/www.facebook.com\/Online.Marketing.Solutions.AG\" \/>\n<meta property=\"article:published_time\" content=\"2014-07-22T14:45:08+00:00\" \/>\n<meta property=\"article:modified_time\" content=\"2018-09-17T08:27:46+00:00\" \/>\n<meta property=\"og:image\" content=\"https:\/\/www.omsag.de\/proxy\/wp-content\/uploads\/2015\/06\/Hashtag.png\" \/>\n\t<meta property=\"og:image:width\" content=\"1038\" \/>\n\t<meta property=\"og:image:height\" content=\"598\" \/>\n\t<meta property=\"og:image:type\" content=\"image\/png\" \/>\n<meta name=\"author\" content=\"Presse\" \/>\n<meta name=\"twitter:card\" content=\"summary_large_image\" \/>\n<meta name=\"twitter:label1\" content=\"Verfasst von\" \/>\n\t<meta name=\"twitter:data1\" content=\"Presse\" \/>\n\t<meta name=\"twitter:label2\" content=\"Gesch\u00e4tzte Lesezeit\" \/>\n\t<meta name=\"twitter:data2\" content=\"2\u00a0Minuten\" \/>\n<script type=\"application\/ld+json\" class=\"yoast-schema-graph\">{\"@context\":\"https:\/\/schema.org\",\"@graph\":[{\"@type\":\"Article\",\"@id\":\"https:\/\/www.omsag.de\/proxy\/online-marketing-blog\/pressespiegel\/offizielles-statement-zur-meldung-ueber-unsere-linkaktivitaeten-im-xovilichter-contest\/#article\",\"isPartOf\":{\"@id\":\"https:\/\/www.omsag.de\/proxy\/online-marketing-blog\/pressespiegel\/offizielles-statement-zur-meldung-ueber-unsere-linkaktivitaeten-im-xovilichter-contest\/\"},\"author\":{\"name\":\"Presse\",\"@id\":\"https:\/\/www.omsag.de\/proxy\/#\/schema\/person\/beb882437f9d1d6729304201da4c6b8f\"},\"headline\":\"Offizielles Statement zur Meldung \u00fcber unsere Linkaktivit\u00e4ten im Xovilichter-Contest\",\"datePublished\":\"2014-07-22T14:45:08+00:00\",\"dateModified\":\"2018-09-17T08:27:46+00:00\",\"mainEntityOfPage\":{\"@id\":\"https:\/\/www.omsag.de\/proxy\/online-marketing-blog\/pressespiegel\/offizielles-statement-zur-meldung-ueber-unsere-linkaktivitaeten-im-xovilichter-contest\/\"},\"wordCount\":378,\"commentCount\":0,\"publisher\":{\"@id\":\"https:\/\/www.omsag.de\/proxy\/#organization\"},\"image\":{\"@id\":\"https:\/\/www.omsag.de\/proxy\/online-marketing-blog\/pressespiegel\/offizielles-statement-zur-meldung-ueber-unsere-linkaktivitaeten-im-xovilichter-contest\/#primaryimage\"},\"thumbnailUrl\":\"https:\/\/www.omsag.de\/proxy\/wp-content\/uploads\/2015\/06\/Hashtag.png\",\"articleSection\":[\"Pressespiegel\",\"Unternehmensnachrichten\"],\"inLanguage\":\"de\",\"potentialAction\":[{\"@type\":\"CommentAction\",\"name\":\"Comment\",\"target\":[\"https:\/\/www.omsag.de\/proxy\/online-marketing-blog\/pressespiegel\/offizielles-statement-zur-meldung-ueber-unsere-linkaktivitaeten-im-xovilichter-contest\/#respond\"]}]},{\"@type\":\"WebPage\",\"@id\":\"https:\/\/www.omsag.de\/proxy\/online-marketing-blog\/pressespiegel\/offizielles-statement-zur-meldung-ueber-unsere-linkaktivitaeten-im-xovilichter-contest\/\",\"url\":\"https:\/\/www.omsag.de\/proxy\/online-marketing-blog\/pressespiegel\/offizielles-statement-zur-meldung-ueber-unsere-linkaktivitaeten-im-xovilichter-contest\/\",\"name\":\"Offizielles Statement: Unsere Linkaktivit\u00e4ten im Xovilichter-Contest\",\"isPartOf\":{\"@id\":\"https:\/\/www.omsag.de\/proxy\/#website\"},\"primaryImageOfPage\":{\"@id\":\"https:\/\/www.omsag.de\/proxy\/online-marketing-blog\/pressespiegel\/offizielles-statement-zur-meldung-ueber-unsere-linkaktivitaeten-im-xovilichter-contest\/#primaryimage\"},\"image\":{\"@id\":\"https:\/\/www.omsag.de\/proxy\/online-marketing-blog\/pressespiegel\/offizielles-statement-zur-meldung-ueber-unsere-linkaktivitaeten-im-xovilichter-contest\/#primaryimage\"},\"thumbnailUrl\":\"https:\/\/www.omsag.de\/proxy\/wp-content\/uploads\/2015\/06\/Hashtag.png\",\"datePublished\":\"2014-07-22T14:45:08+00:00\",\"dateModified\":\"2018-09-17T08:27:46+00:00\",\"description\":\"Unser offizielles Statement \u00fcber die falsche Behauptung unrechtm\u00e4\u00dfiger Linkaktivit\u00e4ten beim Xovilichter-Contest.\",\"breadcrumb\":{\"@id\":\"https:\/\/www.omsag.de\/proxy\/online-marketing-blog\/pressespiegel\/offizielles-statement-zur-meldung-ueber-unsere-linkaktivitaeten-im-xovilichter-contest\/#breadcrumb\"},\"inLanguage\":\"de\",\"potentialAction\":[{\"@type\":\"ReadAction\",\"target\":[\"https:\/\/www.omsag.de\/proxy\/online-marketing-blog\/pressespiegel\/offizielles-statement-zur-meldung-ueber-unsere-linkaktivitaeten-im-xovilichter-contest\/\"]}]},{\"@type\":\"ImageObject\",\"inLanguage\":\"de\",\"@id\":\"https:\/\/www.omsag.de\/proxy\/online-marketing-blog\/pressespiegel\/offizielles-statement-zur-meldung-ueber-unsere-linkaktivitaeten-im-xovilichter-contest\/#primaryimage\",\"url\":\"https:\/\/www.omsag.de\/proxy\/wp-content\/uploads\/2015\/06\/Hashtag.png\",\"contentUrl\":\"https:\/\/www.omsag.de\/proxy\/wp-content\/uploads\/2015\/06\/Hashtag.png\",\"width\":1038,\"height\":598,\"caption\":\"Pressemeldung\"},{\"@type\":\"BreadcrumbList\",\"@id\":\"https:\/\/www.omsag.de\/proxy\/online-marketing-blog\/pressespiegel\/offizielles-statement-zur-meldung-ueber-unsere-linkaktivitaeten-im-xovilichter-contest\/#breadcrumb\",\"itemListElement\":[{\"@type\":\"ListItem\",\"position\":1,\"name\":\"Startseite\",\"item\":\"https:\/\/www.omsag.de\/proxy\/\"},{\"@type\":\"ListItem\",\"position\":2,\"name\":\"Pressespiegel\",\"item\":\"https:\/\/www.omsag.de\/proxy\/online-marketing-blog\/pressespiegel\/\"},{\"@type\":\"ListItem\",\"position\":3,\"name\":\"Offizielles Statement zur Meldung \u00fcber unsere Linkaktivit\u00e4ten im Xovilichter-Contest\"}]},{\"@type\":\"WebSite\",\"@id\":\"https:\/\/www.omsag.de\/proxy\/#website\",\"url\":\"https:\/\/www.omsag.de\/proxy\/\",\"name\":\"Online Marketing & Suchmaschinenmarketing Agentur OMSAG\",\"description\":\"\",\"publisher\":{\"@id\":\"https:\/\/www.omsag.de\/proxy\/#organization\"},\"potentialAction\":[{\"@type\":\"SearchAction\",\"target\":{\"@type\":\"EntryPoint\",\"urlTemplate\":\"https:\/\/www.omsag.de\/proxy\/?s={search_term_string}\"},\"query-input\":\"required name=search_term_string\"}],\"inLanguage\":\"de\"},{\"@type\":\"Organization\",\"@id\":\"https:\/\/www.omsag.de\/proxy\/#organization\",\"name\":\"OMSAG\",\"url\":\"https:\/\/www.omsag.de\/proxy\/\",\"logo\":{\"@type\":\"ImageObject\",\"inLanguage\":\"de\",\"@id\":\"https:\/\/www.omsag.de\/proxy\/#\/schema\/logo\/image\/\",\"url\":\"https:\/\/www.omsag.de\/proxy\/wp-content\/uploads\/2020\/08\/oms-logo-1.jpg\",\"contentUrl\":\"https:\/\/www.omsag.de\/proxy\/wp-content\/uploads\/2020\/08\/oms-logo-1.jpg\",\"width\":500,\"height\":148,\"caption\":\"OMSAG\"},\"image\":{\"@id\":\"https:\/\/www.omsag.de\/proxy\/#\/schema\/logo\/image\/\"},\"sameAs\":[\"https:\/\/www.facebook.com\/Online.Marketing.Solutions.AG\",\"https:\/\/www.instagram.com\/omsag\/\",\"https:\/\/de.linkedin.com\/company\/online-marketing-solutions-ag\"]},{\"@type\":\"Person\",\"@id\":\"https:\/\/www.omsag.de\/proxy\/#\/schema\/person\/beb882437f9d1d6729304201da4c6b8f\",\"name\":\"Presse\",\"description\":\"Die Presseredaktion ver\u00f6ffentlicht alle wichtigen Neuigkeiten rund um das Unternehmen, z. B. zu Produktneuheiten oder -erweiterungen, Personalien, Messeauftritten sowie interessanten OMSAG-Events und neuen Partnerschaften. Dar\u00fcber hinaus erhalten Sie im Pressespiegel eine \u00dcbersicht aller Beitr\u00e4ge aus der \u00f6ffentlichen Berichterstattung \u00fcber die Online Marketing Solutions AG.\",\"sameAs\":[\"https:\/\/www.omsag.de\"],\"url\":\"https:\/\/www.omsag.de\/proxy\/online-marketing-blog\/author\/presseredaktion\/\"}]}<\/script>\n<!-- \/ Yoast SEO plugin. -->","yoast_head_json":{"title":"Offizielles Statement: Unsere Linkaktivit\u00e4ten im Xovilichter-Contest","description":"Unser offizielles Statement \u00fcber die falsche Behauptung unrechtm\u00e4\u00dfiger Linkaktivit\u00e4ten beim Xovilichter-Contest.","robots":{"index":"index","follow":"follow","max-snippet":"max-snippet:-1","max-image-preview":"max-image-preview:large","max-video-preview":"max-video-preview:-1"},"canonical":"https:\/\/www.omsag.de\/proxy\/online-marketing-blog\/pressespiegel\/offizielles-statement-zur-meldung-ueber-unsere-linkaktivitaeten-im-xovilichter-contest\/","og_locale":"de_DE","og_type":"article","og_title":"Offizielles Statement: Unsere Linkaktivit\u00e4ten im Xovilichter-Contest","og_description":"Unser offizielles Statement \u00fcber die falsche Behauptung unrechtm\u00e4\u00dfiger Linkaktivit\u00e4ten beim Xovilichter-Contest.","og_url":"https:\/\/www.omsag.de\/proxy\/online-marketing-blog\/pressespiegel\/offizielles-statement-zur-meldung-ueber-unsere-linkaktivitaeten-im-xovilichter-contest\/","og_site_name":"Online Marketing &amp; Suchmaschinenmarketing Agentur OMSAG","article_publisher":"https:\/\/www.facebook.com\/Online.Marketing.Solutions.AG","article_published_time":"2014-07-22T14:45:08+00:00","article_modified_time":"2018-09-17T08:27:46+00:00","og_image":[{"width":1038,"height":598,"url":"https:\/\/www.omsag.de\/proxy\/wp-content\/uploads\/2015\/06\/Hashtag.png","type":"image\/png"}],"author":"Presse","twitter_card":"summary_large_image","twitter_misc":{"Verfasst von":"Presse","Gesch\u00e4tzte Lesezeit":"2\u00a0Minuten"},"schema":{"@context":"https:\/\/schema.org","@graph":[{"@type":"Article","@id":"https:\/\/www.omsag.de\/proxy\/online-marketing-blog\/pressespiegel\/offizielles-statement-zur-meldung-ueber-unsere-linkaktivitaeten-im-xovilichter-contest\/#article","isPartOf":{"@id":"https:\/\/www.omsag.de\/proxy\/online-marketing-blog\/pressespiegel\/offizielles-statement-zur-meldung-ueber-unsere-linkaktivitaeten-im-xovilichter-contest\/"},"author":{"name":"Presse","@id":"https:\/\/www.omsag.de\/proxy\/#\/schema\/person\/beb882437f9d1d6729304201da4c6b8f"},"headline":"Offizielles Statement zur Meldung \u00fcber unsere Linkaktivit\u00e4ten im Xovilichter-Contest","datePublished":"2014-07-22T14:45:08+00:00","dateModified":"2018-09-17T08:27:46+00:00","mainEntityOfPage":{"@id":"https:\/\/www.omsag.de\/proxy\/online-marketing-blog\/pressespiegel\/offizielles-statement-zur-meldung-ueber-unsere-linkaktivitaeten-im-xovilichter-contest\/"},"wordCount":378,"commentCount":0,"publisher":{"@id":"https:\/\/www.omsag.de\/proxy\/#organization"},"image":{"@id":"https:\/\/www.omsag.de\/proxy\/online-marketing-blog\/pressespiegel\/offizielles-statement-zur-meldung-ueber-unsere-linkaktivitaeten-im-xovilichter-contest\/#primaryimage"},"thumbnailUrl":"https:\/\/www.omsag.de\/proxy\/wp-content\/uploads\/2015\/06\/Hashtag.png","articleSection":["Pressespiegel","Unternehmensnachrichten"],"inLanguage":"de","potentialAction":[{"@type":"CommentAction","name":"Comment","target":["https:\/\/www.omsag.de\/proxy\/online-marketing-blog\/pressespiegel\/offizielles-statement-zur-meldung-ueber-unsere-linkaktivitaeten-im-xovilichter-contest\/#respond"]}]},{"@type":"WebPage","@id":"https:\/\/www.omsag.de\/proxy\/online-marketing-blog\/pressespiegel\/offizielles-statement-zur-meldung-ueber-unsere-linkaktivitaeten-im-xovilichter-contest\/","url":"https:\/\/www.omsag.de\/proxy\/online-marketing-blog\/pressespiegel\/offizielles-statement-zur-meldung-ueber-unsere-linkaktivitaeten-im-xovilichter-contest\/","name":"Offizielles Statement: Unsere Linkaktivit\u00e4ten im Xovilichter-Contest","isPartOf":{"@id":"https:\/\/www.omsag.de\/proxy\/#website"},"primaryImageOfPage":{"@id":"https:\/\/www.omsag.de\/proxy\/online-marketing-blog\/pressespiegel\/offizielles-statement-zur-meldung-ueber-unsere-linkaktivitaeten-im-xovilichter-contest\/#primaryimage"},"image":{"@id":"https:\/\/www.omsag.de\/proxy\/online-marketing-blog\/pressespiegel\/offizielles-statement-zur-meldung-ueber-unsere-linkaktivitaeten-im-xovilichter-contest\/#primaryimage"},"thumbnailUrl":"https:\/\/www.omsag.de\/proxy\/wp-content\/uploads\/2015\/06\/Hashtag.png","datePublished":"2014-07-22T14:45:08+00:00","dateModified":"2018-09-17T08:27:46+00:00","description":"Unser offizielles Statement \u00fcber die falsche Behauptung unrechtm\u00e4\u00dfiger Linkaktivit\u00e4ten beim Xovilichter-Contest.","breadcrumb":{"@id":"https:\/\/www.omsag.de\/proxy\/online-marketing-blog\/pressespiegel\/offizielles-statement-zur-meldung-ueber-unsere-linkaktivitaeten-im-xovilichter-contest\/#breadcrumb"},"inLanguage":"de","potentialAction":[{"@type":"ReadAction","target":["https:\/\/www.omsag.de\/proxy\/online-marketing-blog\/pressespiegel\/offizielles-statement-zur-meldung-ueber-unsere-linkaktivitaeten-im-xovilichter-contest\/"]}]},{"@type":"ImageObject","inLanguage":"de","@id":"https:\/\/www.omsag.de\/proxy\/online-marketing-blog\/pressespiegel\/offizielles-statement-zur-meldung-ueber-unsere-linkaktivitaeten-im-xovilichter-contest\/#primaryimage","url":"https:\/\/www.omsag.de\/proxy\/wp-content\/uploads\/2015\/06\/Hashtag.png","contentUrl":"https:\/\/www.omsag.de\/proxy\/wp-content\/uploads\/2015\/06\/Hashtag.png","width":1038,"height":598,"caption":"Pressemeldung"},{"@type":"BreadcrumbList","@id":"https:\/\/www.omsag.de\/proxy\/online-marketing-blog\/pressespiegel\/offizielles-statement-zur-meldung-ueber-unsere-linkaktivitaeten-im-xovilichter-contest\/#breadcrumb","itemListElement":[{"@type":"ListItem","position":1,"name":"Startseite","item":"https:\/\/www.omsag.de\/proxy\/"},{"@type":"ListItem","position":2,"name":"Pressespiegel","item":"https:\/\/www.omsag.de\/proxy\/online-marketing-blog\/pressespiegel\/"},{"@type":"ListItem","position":3,"name":"Offizielles Statement zur Meldung \u00fcber unsere Linkaktivit\u00e4ten im Xovilichter-Contest"}]},{"@type":"WebSite","@id":"https:\/\/www.omsag.de\/proxy\/#website","url":"https:\/\/www.omsag.de\/proxy\/","name":"Online Marketing & Suchmaschinenmarketing Agentur OMSAG","description":"","publisher":{"@id":"https:\/\/www.omsag.de\/proxy\/#organization"},"potentialAction":[{"@type":"SearchAction","target":{"@type":"EntryPoint","urlTemplate":"https:\/\/www.omsag.de\/proxy\/?s={search_term_string}"},"query-input":"required name=search_term_string"}],"inLanguage":"de"},{"@type":"Organization","@id":"https:\/\/www.omsag.de\/proxy\/#organization","name":"OMSAG","url":"https:\/\/www.omsag.de\/proxy\/","logo":{"@type":"ImageObject","inLanguage":"de","@id":"https:\/\/www.omsag.de\/proxy\/#\/schema\/logo\/image\/","url":"https:\/\/www.omsag.de\/proxy\/wp-content\/uploads\/2020\/08\/oms-logo-1.jpg","contentUrl":"https:\/\/www.omsag.de\/proxy\/wp-content\/uploads\/2020\/08\/oms-logo-1.jpg","width":500,"height":148,"caption":"OMSAG"},"image":{"@id":"https:\/\/www.omsag.de\/proxy\/#\/schema\/logo\/image\/"},"sameAs":["https:\/\/www.facebook.com\/Online.Marketing.Solutions.AG","https:\/\/www.instagram.com\/omsag\/","https:\/\/de.linkedin.com\/company\/online-marketing-solutions-ag"]},{"@type":"Person","@id":"https:\/\/www.omsag.de\/proxy\/#\/schema\/person\/beb882437f9d1d6729304201da4c6b8f","name":"Presse","description":"Die Presseredaktion ver\u00f6ffentlicht alle wichtigen Neuigkeiten rund um das Unternehmen, z. B. zu Produktneuheiten oder -erweiterungen, Personalien, Messeauftritten sowie interessanten OMSAG-Events und neuen Partnerschaften. Dar\u00fcber hinaus erhalten Sie im Pressespiegel eine \u00dcbersicht aller Beitr\u00e4ge aus der \u00f6ffentlichen Berichterstattung \u00fcber die Online Marketing Solutions AG.","sameAs":["https:\/\/www.omsag.de"],"url":"https:\/\/www.omsag.de\/proxy\/online-marketing-blog\/author\/presseredaktion\/"}]}},"_links":{"self":[{"href":"https:\/\/www.omsag.de\/proxy\/wp-json\/wp\/v2\/posts\/4477"}],"collection":[{"href":"https:\/\/www.omsag.de\/proxy\/wp-json\/wp\/v2\/posts"}],"about":[{"href":"https:\/\/www.omsag.de\/proxy\/wp-json\/wp\/v2\/types\/post"}],"author":[{"embeddable":true,"href":"https:\/\/www.omsag.de\/proxy\/wp-json\/wp\/v2\/users\/46"}],"replies":[{"embeddable":true,"href":"https:\/\/www.omsag.de\/proxy\/wp-json\/wp\/v2\/comments?post=4477"}],"version-history":[{"count":0,"href":"https:\/\/www.omsag.de\/proxy\/wp-json\/wp\/v2\/posts\/4477\/revisions"}],"wp:featuredmedia":[{"embeddable":true,"href":"https:\/\/www.omsag.de\/proxy\/wp-json\/wp\/v2\/media\/88223"}],"wp:attachment":[{"href":"https:\/\/www.omsag.de\/proxy\/wp-json\/wp\/v2\/media?parent=4477"}],"wp:term":[{"taxonomy":"category","embeddable":true,"href":"https:\/\/www.omsag.de\/proxy\/wp-json\/wp\/v2\/categories?post=4477"},{"taxonomy":"post_tag","embeddable":true,"href":"https:\/\/www.omsag.de\/proxy\/wp-json\/wp\/v2\/tags?post=4477"}],"curies":[{"name":"wp","href":"https:\/\/api.w.org\/{rel}","templated":true}]}}