{"id":3733,"date":"2014-04-07T13:51:23","date_gmt":"2014-04-07T11:51:23","guid":{"rendered":"https:\/\/www.omsag.de\/blog\/?p=3733"},"modified":"2018-11-20T13:12:56","modified_gmt":"2018-11-20T12:12:56","slug":"interview-online-redakteurin","status":"publish","type":"post","link":"https:\/\/www.omsag.de\/proxy\/online-marketing-blog\/seo\/interview-online-redakteurin\/","title":{"rendered":"Online-Redakteurin aus dem OMSAG IPR-Team im Gespr\u00e4ch"},"content":{"rendered":"<p style=\"text-align: justify;\">Heute stellen wir Euch unsere Online-Redakteurin Katrin vor. Wie ihr t\u00e4glicher Job bei uns in der IPR-Redaktion aussieht, wie sie ihr Berufsbild in Zukunft einsch\u00e4tzt und welche Potentiale die Online-Kommunikation ihrer Meinung nach f\u00fcr Unternehmen birgt erz\u00e4hlt sie Euch am besten selbst!<strong><!--more--><\/strong><\/p>\n<p style=\"text-align: justify;\"><span style=\"color: #008000;\">F\u00fcr das <strong>Berufsbild Online-Redakteurin<\/strong> gibt es verschiedenste Ausbildungswege \u2013 vom sehr spezifischen Online-Redaktion-Studium, bis zum Quereinstieg aus einer bestimmten Fachrichtung ist vieles m\u00f6glich. Wie bist Du zu deiner jetzigen Position gekommen?<\/span><\/p>\n<p style=\"text-align: justify;\">Nach meinem Studium und einem <strong>Redaktionspraktikum<\/strong> habe ich zun\u00e4chst einige Jahre als <strong>SEO-Texterin<\/strong> f\u00fcr die OMSAG gearbeitet und das Presseteam nur gelegentlich unterst\u00fctzt. Als dort eine Stelle zu besetzen war, wurde ich gefragt, ob ich wechseln will \u2013 und hab nicht lange gez\u00f6gert.<\/p>\n<p style=\"text-align: justify;\"><span style=\"color: #008000;\">\u201eRechercheass mit guter Allgemeinbildung\u201c, so l\u00e4sst sich meist sehr knapp ein <strong>Anforderungsprofil f\u00fcr Online-Redakteure<\/strong> zusammenfassen, doch welche F\u00e4higkeiten sollte ein(e) Online-Redakteur(in) deiner pers\u00f6nlichen Erfahrung nach noch mitbringen?<\/span><\/p>\n<p style=\"text-align: justify;\">Einmal abgesehen von <strong>Spa\u00df am Schreiben<\/strong> und sicherer Rechtschreibung sollten Online-Redakteure ein gutes Sprachgef\u00fchl besitzen und selbstst\u00e4ndig arbeiten k\u00f6nnen. Hilfreich sind au\u00dferdem <strong>Kreativit\u00e4t und Neugier<\/strong>, denn man muss sich \u2013 gerade im Agenturgesch\u00e4ft \u2013 st\u00e4ndig in neue Themen einarbeiten. Und auch die Online-Welt ist stets im Wandel, sodass man im Bereich Online Marketing und Social Media permanent mit neuen Entwicklungen konfrontiert ist und am Ball bleiben muss.<\/p>\n<p style=\"text-align: justify;\"><span style=\"color: #008000;\">Wie sehen bei dir typische Aufgabengebiete im <strong>Arbeitsalltag<\/strong> aus? F\u00fcr welche Plattform schreibst du am liebsten und warum?<\/span><\/p>\n<p style=\"text-align: justify;\">Als Agentur-Team betreuen wir Kunden aus unterschiedlichen Branchen auf <strong>verschiedenen Kan\u00e4len<\/strong>. Vom eigens angelegten Corporate Blog \u00fcber klassische Pressemitteilungen bis hin zu Social-Media-Kan\u00e4len wie Facebook, Twitter, G+ und XING. Jedes Projekt beginnt mit einer<strong> Content-Strategie<\/strong>, die wir in enger Abstimmung mit unseren Kunden erarbeiten. Auf dieser Basis erstellen wir sp\u00e4ter Beitr\u00e4ge f\u00fcr die einzelnen Kan\u00e4le, richten diese neu ein und \u00fcberwachen die dortigen Aktivit\u00e4ten. Dabei beraten wir nat\u00fcrlich auch. Hinzu kommen die Erstellung von Leitf\u00e4den und Handlungsempfehlungen f\u00fcr unsere Kunden sowie unterst\u00fctzende T\u00e4tigkeiten f\u00fcr unsere eigene Unternehmenskommunikation.<\/p>\n<p style=\"text-align: justify;\">Besonders spannend finde ich die <strong>Planung und Durchf\u00fchrung von Kampagnen<\/strong>, beispielweise in Form von Gewinnspielen zur Reichweitensteigerung und Erh\u00f6hung der Markenbekanntheit. Auch <strong>Blogs<\/strong> haben ihren Reiz, denn sie bieten inhaltlich wie konzeptionell die <strong>gr\u00f6\u00dfte Gestaltungsfreiheit<\/strong>.<\/p>\n<p style=\"text-align: justify;\"><span style=\"color: #008000;\">Gibt es auch Lieblings-Themen?<\/span><\/p>\n<p style=\"text-align: justify;\">Das Witzige ist, dass sich <strong>vermeintlich \u201elangweilige\u201c Themen<\/strong> bei n\u00e4herer Besch\u00e4ftigung oft als interessanter herausstellen, als gedacht. So gelangt man dann doch ab und an zu neuen Erkenntnissen, die einem ohne \u201eBerufszwang\u201c entgangen w\u00e4ren. Interessant ist vor allem die Abwechslung. Die Herausforderung liegt gerade darin, jedes Thema ansprechend zu vermitteln.<\/p>\n<p style=\"text-align: justify;\"><span style=\"color: #008000;\">Wie managst Du deine <strong>t\u00e4glichen Prozesse<\/strong> im Team <i>Internet Public Relations<\/i>? Gibt es regelm\u00e4\u00dfige Meetings oder andere Termine? Hast Du eine bestimmte Spezialisierung im Team?<\/span><\/p>\n<p style=\"text-align: justify;\">Ein Mal pro Woche \u201emeeten\u201c wir mit dem kompletten Key-Account, zu dem auch unser IPR-Team geh\u00f6rt. Dort werden aktuelle Entwicklungen \u2013 auch im SEO-Bereich \u2013 besprochen. Daneben haben wir noch ein eigenes Redaktionsmeeting, bei dem wir uns gegenseitig \u00fcber unsere <strong>Projekte<\/strong> informieren, <strong>Brainstormings<\/strong> f\u00fcr Kampagnen veranstalten oder <strong>Best-Practices<\/strong> definieren.<\/p>\n<p style=\"text-align: justify;\"><span style=\"color: #008000;\">Hast Du bestimmte <strong>Tools<\/strong>, mit denen Du h\u00e4ufig arbeitest? M\u00f6chtest Du eins besonders empfehlen, f\u00fcr Redakteure oder Unternehmer, die Texte f\u00fcrs Web verfassen m\u00fcssen?<\/span><\/p>\n<ul>\n<li>Wer SEO-optimierte Texte verfasst, dem kann ich an dieser Stelle vor allem das Tool www.semager.de\/keywords empfehlen. Es schl\u00e4gt einem verwandte W\u00f6rter vor, mit denen man mehr Abwechslung im Lesefluss schafft und den Text auch f\u00fcr die Suchmaschine aufwertet.<\/li>\n<li>In puncto \u201eMehrwert f\u00fcr den Leser\u201c ist sicher auch das \u201e BlaBlaMeter\u201c eine Empfehlung wert. Ein nicht ganz ernst gemeintes Tool, das den Anteil hei\u00dfer Luft in einem Text schonungslos entlarvt.<\/li>\n<\/ul>\n<p style=\"text-align: justify;\"><span style=\"color: #008000;\">Was ist deiner Meinung nach die <strong>gr\u00f6\u00dfte Herausforderung<\/strong> f\u00fcr Unternehmen, die ihre Zielgruppe online erreichen m\u00f6chten?<\/span><\/p>\n<p style=\"text-align: justify;\">Ganz klar: <strong>Die Zielgruppe zu erkennen<\/strong>. Dazu muss man zun\u00e4chst wissen, auf welchen Kan\u00e4len sie unterwegs ist und welche Interessen sie dort verfolgt. Zugleich ermittelt man damit die Rolle einzelner Kan\u00e4le im <strong>Marketing-Mix<\/strong> und findet das passende Sprachrohr. Je genauer die Erkenntnisse, umso besser lassen sich die Inhalte und Marketing-Aktivit\u00e4ten auf die Zielgruppe zuschneiden und desto gr\u00f6\u00dfer ist dann auch der Kampagnenerfolg.<\/p>\n<p style=\"text-align: justify;\"><span style=\"color: #008000;\">Welche <strong>Art zu Schreiben<\/strong> kommt im Social Web am besten bei den Lesern an?<\/span><\/p>\n<p style=\"text-align: justify;\">Allgemein sollten Web-Texte kurz, \u00fcbersichtlich, informativ und verst\u00e4ndlich sein. <strong>Rich-Media-Inhalte<\/strong> erzeugen zus\u00e4tzlich Aufmerksamkeit. Was genau wo gut ankommt, richtet sich aber nach der Zielgruppe, dem Kanal und der <strong>Zielsetzung<\/strong>.<\/p>\n<p style=\"text-align: justify;\">Es geht also um die Frage, wen man wo mit seinen Inhalten abholen will. Bei Fachpublikum im B2B-Gesch\u00e4ft wird man eher mit sachlichen Informationen punkten, bei Facebook-Fans im B2C-Bereich mit unterhaltsamen Beitr\u00e4gen. Generell ist der <strong>Tonfall<\/strong> aber eher locker, was auch die g\u00e4ngige Ansprache mit \u201eDu\u201c zeigt.<\/p>\n<p style=\"text-align: justify;\"><span style=\"color: #008000;\">Blick in die Kristallkugel: Wie wird sich das <strong>Berufsbild des Online-Redakteurs<\/strong> weiterentwickeln und wie siehst Du deine Arbeit in 2 Jahren?<\/span><\/p>\n<p style=\"text-align: justify;\">Schon heute ist das Berufsbild des Online-Redakteurs ja sehr umfangreich und reicht von klassischen Pressemitteilungen \u00fcber die Betreuung verschiedener Social-Media-Kan\u00e4le bis zur Planung und Durchf\u00fchrung von Kampagnen. Dabei geht es l\u00e4ngst nicht nur ums reine Texteschreiben, sondern auch um <strong>technische und administrative Aufgaben<\/strong>. Diese Entwicklung wird sich meiner Meinung nach noch verst\u00e4rken, sodass der Online-Redakteur immer mehr zum <strong>Allrounder<\/strong> wird und sich die unterschiedlichen Bereiche wie SEO, IPR und Social Media noch weiter miteinander verzahnen.<\/p>\n<p style=\"text-align: justify;\"><span style=\"color: #008000;\">Kurzes <strong>Brainstorming<\/strong> zum Abschluss: Ein Kunde m\u00f6chte sein neuestes Produkt \u201eEssknete\u201c in seinem Blog \u00fcber Spielzeuge vorstellen. Welche Geschichte w\u00fcrdest Du \u00fcber das Produkt erz\u00e4hlen?<\/span><\/p>\n<p style=\"text-align: justify;\">Hinter der Vorstellung steht ja das <strong>Ziel, das Produkt zu verkaufen<\/strong> und dazu gilt es, die Eltern zu \u00fcberzeugen. Die Frage w\u00e4re f\u00fcr mich also, was Eltern beim Spielzeugkauf besonders wichtig ist. Viele (Plastik-) Spielsachen enthalten beispielsweise gesundheitssch\u00e4dliche Inhaltsstoffe \u2013 Essknete hingegen nicht \u2013 sie kann schlie\u00dflich sogar problemlos verzehrt werden. Mit der Essknete haben Eltern also eine Sorge weniger.<\/p>\n<p style=\"text-align: justify;\">Besser f\u00e4nde ich allerdings eine Aktion. Der Kunde k\u00f6nnte die Leser beispielsweise anhand eingesandter Fotos \u00fcber die sch\u00f6nste <strong>Knetskulptur<\/strong> zu einem vorgegebenen Motto abstimmen lassen. Frischer, einzigartiger Content, aktive Teilnahme, Werbung und \u2013 was will man mehr?<\/p>\n<p style=\"text-align: justify;\"><span style=\"color: #008000;\"><i>Vielen lieben Dank f\u00fcr das Gespr\u00e4ch! Wir sind sehr froh, eine ambitionierte Online-Redakteurin wie dich in unserem Team zu haben!<\/i><\/span><\/p>\n","protected":false},"excerpt":{"rendered":"<p>Heute stellen wir Euch unsere Online-Redakteurin Katrin vor. Wie ihr t\u00e4glicher Job bei uns in der IPR-Redaktion aussieht, wie sie ihr Berufsbild in Zukunft einsch\u00e4tzt und welche Potentiale die Online-Kommunikation ihrer Meinung nach f\u00fcr Unternehmen birgt erz\u00e4hlt sie Euch am besten selbst!<\/p>\n","protected":false},"author":4,"featured_media":0,"comment_status":"open","ping_status":"closed","sticky":false,"template":"","format":"standard","meta":{"content-type":"","footnotes":""},"categories":[1],"tags":[],"yoast_head":"<!-- This site is optimized with the Yoast SEO plugin v22.8 - https:\/\/yoast.com\/wordpress\/plugins\/seo\/ -->\n<title>Berufsbild Online-Redakteurin - Interview mit Katrin im OMSAG-Blog<\/title>\n<meta name=\"description\" content=\"Online-Redakteurin Katrin erz\u00e4hlt der OMSAG von ihrem t\u00e4glichen Job in der IPR-Redaktion und wie sie ihr Berufsbild in der Zukunft einsch\u00e4tzt.\" \/>\n<meta name=\"robots\" content=\"index, follow, max-snippet:-1, max-image-preview:large, max-video-preview:-1\" \/>\n<link rel=\"canonical\" href=\"https:\/\/www.omsag.de\/proxy\/online-marketing-blog\/seo\/interview-online-redakteurin\/\" \/>\n<meta property=\"og:locale\" content=\"de_DE\" \/>\n<meta property=\"og:type\" content=\"article\" \/>\n<meta property=\"og:title\" content=\"Berufsbild Online-Redakteurin - Interview mit Katrin im OMSAG-Blog\" \/>\n<meta property=\"og:description\" content=\"Online-Redakteurin Katrin erz\u00e4hlt der OMSAG von ihrem t\u00e4glichen Job in der IPR-Redaktion und wie sie ihr Berufsbild in der Zukunft einsch\u00e4tzt.\" \/>\n<meta property=\"og:url\" content=\"https:\/\/www.omsag.de\/proxy\/online-marketing-blog\/seo\/interview-online-redakteurin\/\" \/>\n<meta property=\"og:site_name\" content=\"Online Marketing &amp; Suchmaschinenmarketing Agentur OMSAG\" \/>\n<meta property=\"article:publisher\" content=\"https:\/\/www.facebook.com\/Online.Marketing.Solutions.AG\" \/>\n<meta property=\"article:published_time\" content=\"2014-04-07T11:51:23+00:00\" \/>\n<meta property=\"article:modified_time\" content=\"2018-11-20T12:12:56+00:00\" \/>\n<meta name=\"author\" content=\"Blogredaktion\" \/>\n<meta name=\"twitter:card\" content=\"summary_large_image\" \/>\n<meta name=\"twitter:label1\" content=\"Verfasst von\" \/>\n\t<meta name=\"twitter:data1\" content=\"Blogredaktion\" \/>\n\t<meta name=\"twitter:label2\" content=\"Gesch\u00e4tzte Lesezeit\" \/>\n\t<meta name=\"twitter:data2\" content=\"5\u00a0Minuten\" \/>\n<script type=\"application\/ld+json\" class=\"yoast-schema-graph\">{\"@context\":\"https:\/\/schema.org\",\"@graph\":[{\"@type\":\"Article\",\"@id\":\"https:\/\/www.omsag.de\/proxy\/online-marketing-blog\/seo\/interview-online-redakteurin\/#article\",\"isPartOf\":{\"@id\":\"https:\/\/www.omsag.de\/proxy\/online-marketing-blog\/seo\/interview-online-redakteurin\/\"},\"author\":{\"name\":\"Blogredaktion\",\"@id\":\"https:\/\/www.omsag.de\/proxy\/#\/schema\/person\/8dcdf1052bc5e4a5e82b494f96fba999\"},\"headline\":\"Online-Redakteurin aus dem OMSAG IPR-Team im Gespr\u00e4ch\",\"datePublished\":\"2014-04-07T11:51:23+00:00\",\"dateModified\":\"2018-11-20T12:12:56+00:00\",\"mainEntityOfPage\":{\"@id\":\"https:\/\/www.omsag.de\/proxy\/online-marketing-blog\/seo\/interview-online-redakteurin\/\"},\"wordCount\":1065,\"commentCount\":0,\"publisher\":{\"@id\":\"https:\/\/www.omsag.de\/proxy\/#organization\"},\"articleSection\":[\"SEO\"],\"inLanguage\":\"de\",\"potentialAction\":[{\"@type\":\"CommentAction\",\"name\":\"Comment\",\"target\":[\"https:\/\/www.omsag.de\/proxy\/online-marketing-blog\/seo\/interview-online-redakteurin\/#respond\"]}]},{\"@type\":\"WebPage\",\"@id\":\"https:\/\/www.omsag.de\/proxy\/online-marketing-blog\/seo\/interview-online-redakteurin\/\",\"url\":\"https:\/\/www.omsag.de\/proxy\/online-marketing-blog\/seo\/interview-online-redakteurin\/\",\"name\":\"Berufsbild Online-Redakteurin - Interview mit Katrin im OMSAG-Blog\",\"isPartOf\":{\"@id\":\"https:\/\/www.omsag.de\/proxy\/#website\"},\"datePublished\":\"2014-04-07T11:51:23+00:00\",\"dateModified\":\"2018-11-20T12:12:56+00:00\",\"description\":\"Online-Redakteurin Katrin erz\u00e4hlt der OMSAG von ihrem t\u00e4glichen Job in der IPR-Redaktion und wie sie ihr Berufsbild in der Zukunft einsch\u00e4tzt.\",\"breadcrumb\":{\"@id\":\"https:\/\/www.omsag.de\/proxy\/online-marketing-blog\/seo\/interview-online-redakteurin\/#breadcrumb\"},\"inLanguage\":\"de\",\"potentialAction\":[{\"@type\":\"ReadAction\",\"target\":[\"https:\/\/www.omsag.de\/proxy\/online-marketing-blog\/seo\/interview-online-redakteurin\/\"]}]},{\"@type\":\"BreadcrumbList\",\"@id\":\"https:\/\/www.omsag.de\/proxy\/online-marketing-blog\/seo\/interview-online-redakteurin\/#breadcrumb\",\"itemListElement\":[{\"@type\":\"ListItem\",\"position\":1,\"name\":\"Startseite\",\"item\":\"https:\/\/www.omsag.de\/proxy\/\"},{\"@type\":\"ListItem\",\"position\":2,\"name\":\"SEO\",\"item\":\"https:\/\/www.omsag.de\/proxy\/online-marketing-blog\/seo\/\"},{\"@type\":\"ListItem\",\"position\":3,\"name\":\"Online-Redakteurin aus dem OMSAG IPR-Team im Gespr\u00e4ch\"}]},{\"@type\":\"WebSite\",\"@id\":\"https:\/\/www.omsag.de\/proxy\/#website\",\"url\":\"https:\/\/www.omsag.de\/proxy\/\",\"name\":\"Online Marketing & Suchmaschinenmarketing Agentur OMSAG\",\"description\":\"\",\"publisher\":{\"@id\":\"https:\/\/www.omsag.de\/proxy\/#organization\"},\"potentialAction\":[{\"@type\":\"SearchAction\",\"target\":{\"@type\":\"EntryPoint\",\"urlTemplate\":\"https:\/\/www.omsag.de\/proxy\/?s={search_term_string}\"},\"query-input\":\"required name=search_term_string\"}],\"inLanguage\":\"de\"},{\"@type\":\"Organization\",\"@id\":\"https:\/\/www.omsag.de\/proxy\/#organization\",\"name\":\"OMSAG\",\"url\":\"https:\/\/www.omsag.de\/proxy\/\",\"logo\":{\"@type\":\"ImageObject\",\"inLanguage\":\"de\",\"@id\":\"https:\/\/www.omsag.de\/proxy\/#\/schema\/logo\/image\/\",\"url\":\"https:\/\/www.omsag.de\/proxy\/wp-content\/uploads\/2020\/08\/oms-logo-1.jpg\",\"contentUrl\":\"https:\/\/www.omsag.de\/proxy\/wp-content\/uploads\/2020\/08\/oms-logo-1.jpg\",\"width\":500,\"height\":148,\"caption\":\"OMSAG\"},\"image\":{\"@id\":\"https:\/\/www.omsag.de\/proxy\/#\/schema\/logo\/image\/\"},\"sameAs\":[\"https:\/\/www.facebook.com\/Online.Marketing.Solutions.AG\",\"https:\/\/www.instagram.com\/omsag\/\",\"https:\/\/de.linkedin.com\/company\/online-marketing-solutions-ag\"]},{\"@type\":\"Person\",\"@id\":\"https:\/\/www.omsag.de\/proxy\/#\/schema\/person\/8dcdf1052bc5e4a5e82b494f96fba999\",\"name\":\"Blogredaktion\",\"description\":\"Unter \u201eBlogredaktion\u201c werden Fachbeitr\u00e4ge verschiedener Experten aus dem Unternehmen ohne Autorenkennzeichnung publiziert. Ihr habt Fragen oder Anregungen zu einem speziellen Beitrag? Kein Problem, die Blogredaktion steht euch daf\u00fcr gerne hier zur Verf\u00fcgung.\",\"sameAs\":[\"https:\/\/www.omsag.de\"],\"url\":\"https:\/\/www.omsag.de\/proxy\/online-marketing-blog\/author\/blogredaktion\/\"}]}<\/script>\n<!-- \/ Yoast SEO plugin. -->","yoast_head_json":{"title":"Berufsbild Online-Redakteurin - Interview mit Katrin im OMSAG-Blog","description":"Online-Redakteurin Katrin erz\u00e4hlt der OMSAG von ihrem t\u00e4glichen Job in der IPR-Redaktion und wie sie ihr Berufsbild in der Zukunft einsch\u00e4tzt.","robots":{"index":"index","follow":"follow","max-snippet":"max-snippet:-1","max-image-preview":"max-image-preview:large","max-video-preview":"max-video-preview:-1"},"canonical":"https:\/\/www.omsag.de\/proxy\/online-marketing-blog\/seo\/interview-online-redakteurin\/","og_locale":"de_DE","og_type":"article","og_title":"Berufsbild Online-Redakteurin - Interview mit Katrin im OMSAG-Blog","og_description":"Online-Redakteurin Katrin erz\u00e4hlt der OMSAG von ihrem t\u00e4glichen Job in der IPR-Redaktion und wie sie ihr Berufsbild in der Zukunft einsch\u00e4tzt.","og_url":"https:\/\/www.omsag.de\/proxy\/online-marketing-blog\/seo\/interview-online-redakteurin\/","og_site_name":"Online Marketing &amp; Suchmaschinenmarketing Agentur OMSAG","article_publisher":"https:\/\/www.facebook.com\/Online.Marketing.Solutions.AG","article_published_time":"2014-04-07T11:51:23+00:00","article_modified_time":"2018-11-20T12:12:56+00:00","author":"Blogredaktion","twitter_card":"summary_large_image","twitter_misc":{"Verfasst von":"Blogredaktion","Gesch\u00e4tzte Lesezeit":"5\u00a0Minuten"},"schema":{"@context":"https:\/\/schema.org","@graph":[{"@type":"Article","@id":"https:\/\/www.omsag.de\/proxy\/online-marketing-blog\/seo\/interview-online-redakteurin\/#article","isPartOf":{"@id":"https:\/\/www.omsag.de\/proxy\/online-marketing-blog\/seo\/interview-online-redakteurin\/"},"author":{"name":"Blogredaktion","@id":"https:\/\/www.omsag.de\/proxy\/#\/schema\/person\/8dcdf1052bc5e4a5e82b494f96fba999"},"headline":"Online-Redakteurin aus dem OMSAG IPR-Team im Gespr\u00e4ch","datePublished":"2014-04-07T11:51:23+00:00","dateModified":"2018-11-20T12:12:56+00:00","mainEntityOfPage":{"@id":"https:\/\/www.omsag.de\/proxy\/online-marketing-blog\/seo\/interview-online-redakteurin\/"},"wordCount":1065,"commentCount":0,"publisher":{"@id":"https:\/\/www.omsag.de\/proxy\/#organization"},"articleSection":["SEO"],"inLanguage":"de","potentialAction":[{"@type":"CommentAction","name":"Comment","target":["https:\/\/www.omsag.de\/proxy\/online-marketing-blog\/seo\/interview-online-redakteurin\/#respond"]}]},{"@type":"WebPage","@id":"https:\/\/www.omsag.de\/proxy\/online-marketing-blog\/seo\/interview-online-redakteurin\/","url":"https:\/\/www.omsag.de\/proxy\/online-marketing-blog\/seo\/interview-online-redakteurin\/","name":"Berufsbild Online-Redakteurin - Interview mit Katrin im OMSAG-Blog","isPartOf":{"@id":"https:\/\/www.omsag.de\/proxy\/#website"},"datePublished":"2014-04-07T11:51:23+00:00","dateModified":"2018-11-20T12:12:56+00:00","description":"Online-Redakteurin Katrin erz\u00e4hlt der OMSAG von ihrem t\u00e4glichen Job in der IPR-Redaktion und wie sie ihr Berufsbild in der Zukunft einsch\u00e4tzt.","breadcrumb":{"@id":"https:\/\/www.omsag.de\/proxy\/online-marketing-blog\/seo\/interview-online-redakteurin\/#breadcrumb"},"inLanguage":"de","potentialAction":[{"@type":"ReadAction","target":["https:\/\/www.omsag.de\/proxy\/online-marketing-blog\/seo\/interview-online-redakteurin\/"]}]},{"@type":"BreadcrumbList","@id":"https:\/\/www.omsag.de\/proxy\/online-marketing-blog\/seo\/interview-online-redakteurin\/#breadcrumb","itemListElement":[{"@type":"ListItem","position":1,"name":"Startseite","item":"https:\/\/www.omsag.de\/proxy\/"},{"@type":"ListItem","position":2,"name":"SEO","item":"https:\/\/www.omsag.de\/proxy\/online-marketing-blog\/seo\/"},{"@type":"ListItem","position":3,"name":"Online-Redakteurin aus dem OMSAG IPR-Team im Gespr\u00e4ch"}]},{"@type":"WebSite","@id":"https:\/\/www.omsag.de\/proxy\/#website","url":"https:\/\/www.omsag.de\/proxy\/","name":"Online Marketing & Suchmaschinenmarketing Agentur OMSAG","description":"","publisher":{"@id":"https:\/\/www.omsag.de\/proxy\/#organization"},"potentialAction":[{"@type":"SearchAction","target":{"@type":"EntryPoint","urlTemplate":"https:\/\/www.omsag.de\/proxy\/?s={search_term_string}"},"query-input":"required name=search_term_string"}],"inLanguage":"de"},{"@type":"Organization","@id":"https:\/\/www.omsag.de\/proxy\/#organization","name":"OMSAG","url":"https:\/\/www.omsag.de\/proxy\/","logo":{"@type":"ImageObject","inLanguage":"de","@id":"https:\/\/www.omsag.de\/proxy\/#\/schema\/logo\/image\/","url":"https:\/\/www.omsag.de\/proxy\/wp-content\/uploads\/2020\/08\/oms-logo-1.jpg","contentUrl":"https:\/\/www.omsag.de\/proxy\/wp-content\/uploads\/2020\/08\/oms-logo-1.jpg","width":500,"height":148,"caption":"OMSAG"},"image":{"@id":"https:\/\/www.omsag.de\/proxy\/#\/schema\/logo\/image\/"},"sameAs":["https:\/\/www.facebook.com\/Online.Marketing.Solutions.AG","https:\/\/www.instagram.com\/omsag\/","https:\/\/de.linkedin.com\/company\/online-marketing-solutions-ag"]},{"@type":"Person","@id":"https:\/\/www.omsag.de\/proxy\/#\/schema\/person\/8dcdf1052bc5e4a5e82b494f96fba999","name":"Blogredaktion","description":"Unter \u201eBlogredaktion\u201c werden Fachbeitr\u00e4ge verschiedener Experten aus dem Unternehmen ohne Autorenkennzeichnung publiziert. Ihr habt Fragen oder Anregungen zu einem speziellen Beitrag? Kein Problem, die Blogredaktion steht euch daf\u00fcr gerne hier zur Verf\u00fcgung.","sameAs":["https:\/\/www.omsag.de"],"url":"https:\/\/www.omsag.de\/proxy\/online-marketing-blog\/author\/blogredaktion\/"}]}},"_links":{"self":[{"href":"https:\/\/www.omsag.de\/proxy\/wp-json\/wp\/v2\/posts\/3733"}],"collection":[{"href":"https:\/\/www.omsag.de\/proxy\/wp-json\/wp\/v2\/posts"}],"about":[{"href":"https:\/\/www.omsag.de\/proxy\/wp-json\/wp\/v2\/types\/post"}],"author":[{"embeddable":true,"href":"https:\/\/www.omsag.de\/proxy\/wp-json\/wp\/v2\/users\/4"}],"replies":[{"embeddable":true,"href":"https:\/\/www.omsag.de\/proxy\/wp-json\/wp\/v2\/comments?post=3733"}],"version-history":[{"count":0,"href":"https:\/\/www.omsag.de\/proxy\/wp-json\/wp\/v2\/posts\/3733\/revisions"}],"wp:attachment":[{"href":"https:\/\/www.omsag.de\/proxy\/wp-json\/wp\/v2\/media?parent=3733"}],"wp:term":[{"taxonomy":"category","embeddable":true,"href":"https:\/\/www.omsag.de\/proxy\/wp-json\/wp\/v2\/categories?post=3733"},{"taxonomy":"post_tag","embeddable":true,"href":"https:\/\/www.omsag.de\/proxy\/wp-json\/wp\/v2\/tags?post=3733"}],"curies":[{"name":"wp","href":"https:\/\/api.w.org\/{rel}","templated":true}]}}