{"id":3513,"date":"2014-03-20T17:55:54","date_gmt":"2014-03-20T15:55:54","guid":{"rendered":"https:\/\/www.omsag.de\/blog\/?p=3513"},"modified":"2019-01-08T12:07:02","modified_gmt":"2019-01-08T11:07:02","slug":"es-war-einmalein-exkurs-die-kunst-des-erzaehlens","status":"publish","type":"post","link":"https:\/\/www.omsag.de\/proxy\/online-marketing-blog\/online-marketing-blog-der-omsag-archiv-online-public-relations\/es-war-einmalein-exkurs-die-kunst-des-erzaehlens\/","title":{"rendered":"\u201eEs war einmal\u201c\u2026ein Exkurs in die Kunst des Erz\u00e4hlens"},"content":{"rendered":"<p style=\"text-align: justify;\">\u00a0\u201eEs war einmal\u201c &#8211; dieser Einstieg ist aus vielen M\u00e4rchen bekannt. Heute, am 20. M\u00e4rz ist Weltgeschichtentag &#8211; der<b> \u201eWorld Storytelling Day\u201c<\/b>. Dieser steht ganz im Zeichen von Geschichten und ist somit der Kunst des m\u00fcndlichen Erz\u00e4hlens gewidmet. Was hat es genau damit auf sich hat? Ich erz\u00e4hl es Euch gerne\u2026<!--more--><\/p>\n<h2 style=\"text-align: justify;\">Gemeinsam Geschichten erleben<\/h2>\n<p>Wo Geschichten erz\u00e4hlt werden, treffen <b>Menschen<\/b> aufeinander: Zuh\u00f6rer und Erz\u00e4hler &#8211; verbunden durch die Freude am Beisammensein, Geschichten-Lauschen und durch den Austausch miteinander. Das Bewusstsein f\u00fcr die Vielfalt und das Spiel mit Sprache und Bildern wird gemeinsam zelebriert und aufrechterhalten.<\/p>\n<h2 style=\"text-align: justify;\">Keine Grenzen der Fantasie<\/h2>\n<p style=\"text-align: justify;\">Jedes Jahr befasst sich der World Storytellng Day, der 2004 \u00a0ins Leben gerufen wurde (&#8230;hach genau wie wir \ud83d\ude42 ), mit einem anderen Thema. In diesem Jahr lautet das Motto: <b>\u201eDrachen und (andere) Ungeheuer\u201c<\/b>. Dazu finden weltweit viele Veranstaltungen statt, die sich diesen Tag zum Motto gemacht haben, zum Beispiel Erz\u00e4hl- und Vortragsabende. Der Vielfalt des Geschichten-Erz\u00e4hlens sind dabei keine Grenzen gesetzt: In M\u00e4rchen, Sagen und Fabeln k\u00f6nnen Vortragende ihrer Fantasie freien Lauf lassen.<\/p>\n<h2 style=\"text-align: justify;\">Storytelling in der Moderne<\/h2>\n<p style=\"text-align: justify;\">Geschichten begeistern die Menschen \u2013 ob jung oder alt. Das wissen l\u00e4ngst auch <b>PR- und Marketing-Fachleute<\/b>. Schon einmal von Storytelling in der Werbung geh\u00f6rt?<\/p>\n<p style=\"text-align: justify;\">Um Aufmerksamkeit zu erlangen und den Menschen im Ged\u00e4chtnis zu bleiben, h\u00e4ngen Unternehmen ihre Werbebotschaft gerne an kleinen Geschichten auf: witzig, schockierend, traurig oder einfach kreativ. <i>Emotion<\/i> lautet das Stichwort, mit dem Werbung <b>Zugang zu Konsumenten<\/b> schaffen soll. Aber dies sei nur am Rande erw\u00e4hnt. Die Botschaft ist: Geschichten begeistern uns \u00fcber Zeit und Generationen hinweg.<\/p>\n<h2 style=\"text-align: justify;\">Ein sch\u00f6nes Zeichen<\/h2>\n<p style=\"text-align: justify;\">In Zeiten digitaler Medien hat sich die zwischenmenschliche Kommunikation stark ins Netz verlagert. Dieser Fortschritt soll in keinem Fall verteufelt werden. Im Gegenteil: Wer von uns w\u00fcrde heutzutage freiwillig noch auf sein Smartphone oder Tablet verzichten wollen? &#8211; Die wenigsten! Umso sch\u00f6ner aber ist es, dass im Rahmen des World Storytelling Day, die Tradition des Geschichtenerz\u00e4hlens von Mensch zu Mensch gefeiert und fortgef\u00fchrt wird: ein sch\u00f6nes Zeichen.<\/p>\n<p style=\"text-align: justify;\">Eure Annika<\/p>\n","protected":false},"excerpt":{"rendered":"<p>\u00a0\u201eEs war einmal\u201c &#8211; dieser Einstieg ist aus vielen M\u00e4rchen bekannt. Heute, am 20. M\u00e4rz ist Weltgeschichtentag &#8211; der \u201eWorld Storytelling Day\u201c. Dieser steht ganz im Zeichen von Geschichten und ist somit der Kunst des m\u00fcndlichen Erz\u00e4hlens gewidmet. Was hat es genau damit auf sich hat? Ich erz\u00e4hl es Euch gerne\u2026<\/p>\n","protected":false},"author":4,"featured_media":0,"comment_status":"open","ping_status":"closed","sticky":false,"template":"","format":"standard","meta":{"content-type":"","footnotes":""},"categories":[181],"tags":[],"yoast_head":"<!-- This site is optimized with the Yoast SEO plugin v22.8 - https:\/\/yoast.com\/wordpress\/plugins\/seo\/ -->\n<title>Heute, am 20. M\u00e4rz ist Weltgeschichtentag \u2013 der \u201eWorld Storytelling Day\u201c<\/title>\n<meta name=\"description\" content=\"\u201eEs war einmal...\u201c - heute, am 20. M\u00e4rz ist Weltgeschichtentag. Was hat es genau damit auf sich hat? Erfahrt es auf dem OMSAG-Blog.\" \/>\n<meta name=\"robots\" content=\"index, follow, max-snippet:-1, max-image-preview:large, max-video-preview:-1\" \/>\n<link rel=\"canonical\" href=\"https:\/\/www.omsag.de\/proxy\/online-marketing-blog\/online-marketing-blog-der-omsag-archiv-online-public-relations\/es-war-einmalein-exkurs-die-kunst-des-erzaehlens\/\" \/>\n<meta property=\"og:locale\" content=\"de_DE\" \/>\n<meta property=\"og:type\" content=\"article\" \/>\n<meta property=\"og:title\" content=\"Heute, am 20. M\u00e4rz ist Weltgeschichtentag \u2013 der \u201eWorld Storytelling Day\u201c\" \/>\n<meta property=\"og:description\" content=\"\u201eEs war einmal...\u201c - heute, am 20. M\u00e4rz ist Weltgeschichtentag. Was hat es genau damit auf sich hat? Erfahrt es auf dem OMSAG-Blog.\" \/>\n<meta property=\"og:url\" content=\"https:\/\/www.omsag.de\/proxy\/online-marketing-blog\/online-marketing-blog-der-omsag-archiv-online-public-relations\/es-war-einmalein-exkurs-die-kunst-des-erzaehlens\/\" \/>\n<meta property=\"og:site_name\" content=\"Online Marketing &amp; Suchmaschinenmarketing Agentur OMSAG\" \/>\n<meta property=\"article:publisher\" content=\"https:\/\/www.facebook.com\/Online.Marketing.Solutions.AG\" \/>\n<meta property=\"article:published_time\" content=\"2014-03-20T15:55:54+00:00\" \/>\n<meta property=\"article:modified_time\" content=\"2019-01-08T11:07:02+00:00\" \/>\n<meta name=\"author\" content=\"Blogredaktion\" \/>\n<meta name=\"twitter:card\" content=\"summary_large_image\" \/>\n<meta name=\"twitter:label1\" content=\"Verfasst von\" \/>\n\t<meta name=\"twitter:data1\" content=\"Blogredaktion\" \/>\n\t<meta name=\"twitter:label2\" content=\"Gesch\u00e4tzte Lesezeit\" \/>\n\t<meta name=\"twitter:data2\" content=\"2\u00a0Minuten\" \/>\n<script type=\"application\/ld+json\" class=\"yoast-schema-graph\">{\"@context\":\"https:\/\/schema.org\",\"@graph\":[{\"@type\":\"Article\",\"@id\":\"https:\/\/www.omsag.de\/proxy\/online-marketing-blog\/online-marketing-blog-der-omsag-archiv-online-public-relations\/es-war-einmalein-exkurs-die-kunst-des-erzaehlens\/#article\",\"isPartOf\":{\"@id\":\"https:\/\/www.omsag.de\/proxy\/online-marketing-blog\/online-marketing-blog-der-omsag-archiv-online-public-relations\/es-war-einmalein-exkurs-die-kunst-des-erzaehlens\/\"},\"author\":{\"name\":\"Blogredaktion\",\"@id\":\"https:\/\/www.omsag.de\/proxy\/#\/schema\/person\/8dcdf1052bc5e4a5e82b494f96fba999\"},\"headline\":\"\u201eEs war einmal\u201c\u2026ein Exkurs in die Kunst des Erz\u00e4hlens\",\"datePublished\":\"2014-03-20T15:55:54+00:00\",\"dateModified\":\"2019-01-08T11:07:02+00:00\",\"mainEntityOfPage\":{\"@id\":\"https:\/\/www.omsag.de\/proxy\/online-marketing-blog\/online-marketing-blog-der-omsag-archiv-online-public-relations\/es-war-einmalein-exkurs-die-kunst-des-erzaehlens\/\"},\"wordCount\":358,\"commentCount\":0,\"publisher\":{\"@id\":\"https:\/\/www.omsag.de\/proxy\/#organization\"},\"articleSection\":[\"Online Public Relations\"],\"inLanguage\":\"de\",\"potentialAction\":[{\"@type\":\"CommentAction\",\"name\":\"Comment\",\"target\":[\"https:\/\/www.omsag.de\/proxy\/online-marketing-blog\/online-marketing-blog-der-omsag-archiv-online-public-relations\/es-war-einmalein-exkurs-die-kunst-des-erzaehlens\/#respond\"]}]},{\"@type\":\"WebPage\",\"@id\":\"https:\/\/www.omsag.de\/proxy\/online-marketing-blog\/online-marketing-blog-der-omsag-archiv-online-public-relations\/es-war-einmalein-exkurs-die-kunst-des-erzaehlens\/\",\"url\":\"https:\/\/www.omsag.de\/proxy\/online-marketing-blog\/online-marketing-blog-der-omsag-archiv-online-public-relations\/es-war-einmalein-exkurs-die-kunst-des-erzaehlens\/\",\"name\":\"Heute, am 20. M\u00e4rz ist Weltgeschichtentag \u2013 der \u201eWorld Storytelling Day\u201c\",\"isPartOf\":{\"@id\":\"https:\/\/www.omsag.de\/proxy\/#website\"},\"datePublished\":\"2014-03-20T15:55:54+00:00\",\"dateModified\":\"2019-01-08T11:07:02+00:00\",\"description\":\"\u201eEs war einmal...\u201c - heute, am 20. M\u00e4rz ist Weltgeschichtentag. Was hat es genau damit auf sich hat? Erfahrt es auf dem OMSAG-Blog.\",\"breadcrumb\":{\"@id\":\"https:\/\/www.omsag.de\/proxy\/online-marketing-blog\/online-marketing-blog-der-omsag-archiv-online-public-relations\/es-war-einmalein-exkurs-die-kunst-des-erzaehlens\/#breadcrumb\"},\"inLanguage\":\"de\",\"potentialAction\":[{\"@type\":\"ReadAction\",\"target\":[\"https:\/\/www.omsag.de\/proxy\/online-marketing-blog\/online-marketing-blog-der-omsag-archiv-online-public-relations\/es-war-einmalein-exkurs-die-kunst-des-erzaehlens\/\"]}]},{\"@type\":\"BreadcrumbList\",\"@id\":\"https:\/\/www.omsag.de\/proxy\/online-marketing-blog\/online-marketing-blog-der-omsag-archiv-online-public-relations\/es-war-einmalein-exkurs-die-kunst-des-erzaehlens\/#breadcrumb\",\"itemListElement\":[{\"@type\":\"ListItem\",\"position\":1,\"name\":\"Startseite\",\"item\":\"https:\/\/www.omsag.de\/proxy\/\"},{\"@type\":\"ListItem\",\"position\":2,\"name\":\"Online Public Relations\",\"item\":\"https:\/\/www.omsag.de\/proxy\/online-marketing-blog\/online-marketing-blog-der-omsag-archiv-online-public-relations\/\"},{\"@type\":\"ListItem\",\"position\":3,\"name\":\"\u201eEs war einmal\u201c\u2026ein Exkurs in die Kunst des Erz\u00e4hlens\"}]},{\"@type\":\"WebSite\",\"@id\":\"https:\/\/www.omsag.de\/proxy\/#website\",\"url\":\"https:\/\/www.omsag.de\/proxy\/\",\"name\":\"Online Marketing & Suchmaschinenmarketing Agentur OMSAG\",\"description\":\"\",\"publisher\":{\"@id\":\"https:\/\/www.omsag.de\/proxy\/#organization\"},\"potentialAction\":[{\"@type\":\"SearchAction\",\"target\":{\"@type\":\"EntryPoint\",\"urlTemplate\":\"https:\/\/www.omsag.de\/proxy\/?s={search_term_string}\"},\"query-input\":\"required name=search_term_string\"}],\"inLanguage\":\"de\"},{\"@type\":\"Organization\",\"@id\":\"https:\/\/www.omsag.de\/proxy\/#organization\",\"name\":\"OMSAG\",\"url\":\"https:\/\/www.omsag.de\/proxy\/\",\"logo\":{\"@type\":\"ImageObject\",\"inLanguage\":\"de\",\"@id\":\"https:\/\/www.omsag.de\/proxy\/#\/schema\/logo\/image\/\",\"url\":\"https:\/\/www.omsag.de\/proxy\/wp-content\/uploads\/2020\/08\/oms-logo-1.jpg\",\"contentUrl\":\"https:\/\/www.omsag.de\/proxy\/wp-content\/uploads\/2020\/08\/oms-logo-1.jpg\",\"width\":500,\"height\":148,\"caption\":\"OMSAG\"},\"image\":{\"@id\":\"https:\/\/www.omsag.de\/proxy\/#\/schema\/logo\/image\/\"},\"sameAs\":[\"https:\/\/www.facebook.com\/Online.Marketing.Solutions.AG\",\"https:\/\/www.instagram.com\/omsag\/\",\"https:\/\/de.linkedin.com\/company\/online-marketing-solutions-ag\"]},{\"@type\":\"Person\",\"@id\":\"https:\/\/www.omsag.de\/proxy\/#\/schema\/person\/8dcdf1052bc5e4a5e82b494f96fba999\",\"name\":\"Blogredaktion\",\"description\":\"Unter \u201eBlogredaktion\u201c werden Fachbeitr\u00e4ge verschiedener Experten aus dem Unternehmen ohne Autorenkennzeichnung publiziert. Ihr habt Fragen oder Anregungen zu einem speziellen Beitrag? Kein Problem, die Blogredaktion steht euch daf\u00fcr gerne hier zur Verf\u00fcgung.\",\"sameAs\":[\"https:\/\/www.omsag.de\"],\"url\":\"https:\/\/www.omsag.de\/proxy\/online-marketing-blog\/author\/blogredaktion\/\"}]}<\/script>\n<!-- \/ Yoast SEO plugin. -->","yoast_head_json":{"title":"Heute, am 20. M\u00e4rz ist Weltgeschichtentag \u2013 der \u201eWorld Storytelling Day\u201c","description":"\u201eEs war einmal...\u201c - heute, am 20. M\u00e4rz ist Weltgeschichtentag. Was hat es genau damit auf sich hat? Erfahrt es auf dem OMSAG-Blog.","robots":{"index":"index","follow":"follow","max-snippet":"max-snippet:-1","max-image-preview":"max-image-preview:large","max-video-preview":"max-video-preview:-1"},"canonical":"https:\/\/www.omsag.de\/proxy\/online-marketing-blog\/online-marketing-blog-der-omsag-archiv-online-public-relations\/es-war-einmalein-exkurs-die-kunst-des-erzaehlens\/","og_locale":"de_DE","og_type":"article","og_title":"Heute, am 20. M\u00e4rz ist Weltgeschichtentag \u2013 der \u201eWorld Storytelling Day\u201c","og_description":"\u201eEs war einmal...\u201c - heute, am 20. M\u00e4rz ist Weltgeschichtentag. Was hat es genau damit auf sich hat? Erfahrt es auf dem OMSAG-Blog.","og_url":"https:\/\/www.omsag.de\/proxy\/online-marketing-blog\/online-marketing-blog-der-omsag-archiv-online-public-relations\/es-war-einmalein-exkurs-die-kunst-des-erzaehlens\/","og_site_name":"Online Marketing &amp; Suchmaschinenmarketing Agentur OMSAG","article_publisher":"https:\/\/www.facebook.com\/Online.Marketing.Solutions.AG","article_published_time":"2014-03-20T15:55:54+00:00","article_modified_time":"2019-01-08T11:07:02+00:00","author":"Blogredaktion","twitter_card":"summary_large_image","twitter_misc":{"Verfasst von":"Blogredaktion","Gesch\u00e4tzte Lesezeit":"2\u00a0Minuten"},"schema":{"@context":"https:\/\/schema.org","@graph":[{"@type":"Article","@id":"https:\/\/www.omsag.de\/proxy\/online-marketing-blog\/online-marketing-blog-der-omsag-archiv-online-public-relations\/es-war-einmalein-exkurs-die-kunst-des-erzaehlens\/#article","isPartOf":{"@id":"https:\/\/www.omsag.de\/proxy\/online-marketing-blog\/online-marketing-blog-der-omsag-archiv-online-public-relations\/es-war-einmalein-exkurs-die-kunst-des-erzaehlens\/"},"author":{"name":"Blogredaktion","@id":"https:\/\/www.omsag.de\/proxy\/#\/schema\/person\/8dcdf1052bc5e4a5e82b494f96fba999"},"headline":"\u201eEs war einmal\u201c\u2026ein Exkurs in die Kunst des Erz\u00e4hlens","datePublished":"2014-03-20T15:55:54+00:00","dateModified":"2019-01-08T11:07:02+00:00","mainEntityOfPage":{"@id":"https:\/\/www.omsag.de\/proxy\/online-marketing-blog\/online-marketing-blog-der-omsag-archiv-online-public-relations\/es-war-einmalein-exkurs-die-kunst-des-erzaehlens\/"},"wordCount":358,"commentCount":0,"publisher":{"@id":"https:\/\/www.omsag.de\/proxy\/#organization"},"articleSection":["Online Public Relations"],"inLanguage":"de","potentialAction":[{"@type":"CommentAction","name":"Comment","target":["https:\/\/www.omsag.de\/proxy\/online-marketing-blog\/online-marketing-blog-der-omsag-archiv-online-public-relations\/es-war-einmalein-exkurs-die-kunst-des-erzaehlens\/#respond"]}]},{"@type":"WebPage","@id":"https:\/\/www.omsag.de\/proxy\/online-marketing-blog\/online-marketing-blog-der-omsag-archiv-online-public-relations\/es-war-einmalein-exkurs-die-kunst-des-erzaehlens\/","url":"https:\/\/www.omsag.de\/proxy\/online-marketing-blog\/online-marketing-blog-der-omsag-archiv-online-public-relations\/es-war-einmalein-exkurs-die-kunst-des-erzaehlens\/","name":"Heute, am 20. M\u00e4rz ist Weltgeschichtentag \u2013 der \u201eWorld Storytelling Day\u201c","isPartOf":{"@id":"https:\/\/www.omsag.de\/proxy\/#website"},"datePublished":"2014-03-20T15:55:54+00:00","dateModified":"2019-01-08T11:07:02+00:00","description":"\u201eEs war einmal...\u201c - heute, am 20. M\u00e4rz ist Weltgeschichtentag. Was hat es genau damit auf sich hat? Erfahrt es auf dem OMSAG-Blog.","breadcrumb":{"@id":"https:\/\/www.omsag.de\/proxy\/online-marketing-blog\/online-marketing-blog-der-omsag-archiv-online-public-relations\/es-war-einmalein-exkurs-die-kunst-des-erzaehlens\/#breadcrumb"},"inLanguage":"de","potentialAction":[{"@type":"ReadAction","target":["https:\/\/www.omsag.de\/proxy\/online-marketing-blog\/online-marketing-blog-der-omsag-archiv-online-public-relations\/es-war-einmalein-exkurs-die-kunst-des-erzaehlens\/"]}]},{"@type":"BreadcrumbList","@id":"https:\/\/www.omsag.de\/proxy\/online-marketing-blog\/online-marketing-blog-der-omsag-archiv-online-public-relations\/es-war-einmalein-exkurs-die-kunst-des-erzaehlens\/#breadcrumb","itemListElement":[{"@type":"ListItem","position":1,"name":"Startseite","item":"https:\/\/www.omsag.de\/proxy\/"},{"@type":"ListItem","position":2,"name":"Online Public Relations","item":"https:\/\/www.omsag.de\/proxy\/online-marketing-blog\/online-marketing-blog-der-omsag-archiv-online-public-relations\/"},{"@type":"ListItem","position":3,"name":"\u201eEs war einmal\u201c\u2026ein Exkurs in die Kunst des Erz\u00e4hlens"}]},{"@type":"WebSite","@id":"https:\/\/www.omsag.de\/proxy\/#website","url":"https:\/\/www.omsag.de\/proxy\/","name":"Online Marketing & Suchmaschinenmarketing Agentur OMSAG","description":"","publisher":{"@id":"https:\/\/www.omsag.de\/proxy\/#organization"},"potentialAction":[{"@type":"SearchAction","target":{"@type":"EntryPoint","urlTemplate":"https:\/\/www.omsag.de\/proxy\/?s={search_term_string}"},"query-input":"required name=search_term_string"}],"inLanguage":"de"},{"@type":"Organization","@id":"https:\/\/www.omsag.de\/proxy\/#organization","name":"OMSAG","url":"https:\/\/www.omsag.de\/proxy\/","logo":{"@type":"ImageObject","inLanguage":"de","@id":"https:\/\/www.omsag.de\/proxy\/#\/schema\/logo\/image\/","url":"https:\/\/www.omsag.de\/proxy\/wp-content\/uploads\/2020\/08\/oms-logo-1.jpg","contentUrl":"https:\/\/www.omsag.de\/proxy\/wp-content\/uploads\/2020\/08\/oms-logo-1.jpg","width":500,"height":148,"caption":"OMSAG"},"image":{"@id":"https:\/\/www.omsag.de\/proxy\/#\/schema\/logo\/image\/"},"sameAs":["https:\/\/www.facebook.com\/Online.Marketing.Solutions.AG","https:\/\/www.instagram.com\/omsag\/","https:\/\/de.linkedin.com\/company\/online-marketing-solutions-ag"]},{"@type":"Person","@id":"https:\/\/www.omsag.de\/proxy\/#\/schema\/person\/8dcdf1052bc5e4a5e82b494f96fba999","name":"Blogredaktion","description":"Unter \u201eBlogredaktion\u201c werden Fachbeitr\u00e4ge verschiedener Experten aus dem Unternehmen ohne Autorenkennzeichnung publiziert. Ihr habt Fragen oder Anregungen zu einem speziellen Beitrag? Kein Problem, die Blogredaktion steht euch daf\u00fcr gerne hier zur Verf\u00fcgung.","sameAs":["https:\/\/www.omsag.de"],"url":"https:\/\/www.omsag.de\/proxy\/online-marketing-blog\/author\/blogredaktion\/"}]}},"_links":{"self":[{"href":"https:\/\/www.omsag.de\/proxy\/wp-json\/wp\/v2\/posts\/3513"}],"collection":[{"href":"https:\/\/www.omsag.de\/proxy\/wp-json\/wp\/v2\/posts"}],"about":[{"href":"https:\/\/www.omsag.de\/proxy\/wp-json\/wp\/v2\/types\/post"}],"author":[{"embeddable":true,"href":"https:\/\/www.omsag.de\/proxy\/wp-json\/wp\/v2\/users\/4"}],"replies":[{"embeddable":true,"href":"https:\/\/www.omsag.de\/proxy\/wp-json\/wp\/v2\/comments?post=3513"}],"version-history":[{"count":0,"href":"https:\/\/www.omsag.de\/proxy\/wp-json\/wp\/v2\/posts\/3513\/revisions"}],"wp:attachment":[{"href":"https:\/\/www.omsag.de\/proxy\/wp-json\/wp\/v2\/media?parent=3513"}],"wp:term":[{"taxonomy":"category","embeddable":true,"href":"https:\/\/www.omsag.de\/proxy\/wp-json\/wp\/v2\/categories?post=3513"},{"taxonomy":"post_tag","embeddable":true,"href":"https:\/\/www.omsag.de\/proxy\/wp-json\/wp\/v2\/tags?post=3513"}],"curies":[{"name":"wp","href":"https:\/\/api.w.org\/{rel}","templated":true}]}}