{"id":2629,"date":"2013-10-07T14:46:09","date_gmt":"2013-10-07T12:46:09","guid":{"rendered":"https:\/\/www.omsag.de\/blog\/?p=2629"},"modified":"2019-01-16T13:05:58","modified_gmt":"2019-01-16T12:05:58","slug":"seokanzler-2013-seoday-contest","status":"publish","type":"post","link":"https:\/\/www.omsag.de\/proxy\/online-marketing-blog\/seo\/seokanzler-2013-seoday-contest\/","title":{"rendered":"Wer wird SEOKanzler \u2013 der SEO-DAY Contest 2013 \u2013 wir sind dabei!"},"content":{"rendered":"<p><strong>Es ist endlich wieder soweit.<\/strong> 11 Monate haben wir sehns\u00fcchtig gewartet, dass der n\u00e4chste SEODAY Contest mit dem Titel <em>\u201eseokanzler\u201c<\/em> gestartet wird. Und zum Gl\u00fcck bin ich auf der DMEXCO mit Fabian Rossbacher essen gegangen, ansonsten h\u00e4tte es den Contest oder <em>\u201eProjektK\u201c<\/em> wie er im Vorfeld genannt worden ist, vielleicht dieses Jahr gar nicht gegeben.<br \/>\n<!--more--><\/p>\n<p>Wir hatten letztes Jahr beim \u201eMegaabstauberseo\u201c Platz 4 und 9 gemacht (http:\/\/www.seo-day.de\/die-gewinner-des-megaabstauberseo-contest.html). Den 4. mit einer Unterseite auf der online-marketing-solutions.com Webseite und den 9. mit einer Pressemeldung \u00fcber unseren DGAP-Verteiler. Die Pressemitteilung hatten wir erst einen Tag vorher ver\u00f6ffentlicht. Bei der Siegerehrung bin ich dann zwei Mal hoch gelaufen um die Medaillen entgegenzunehmen. Beim zweiten Mal sagte Fabian: <em>\u201eDu warst doch grade schon mal hier?!\u201c<\/em>.<\/p>\n<p>Wir hatten letztes Jahr erst zwei Tage nach Contest-Start davon Wind bekommen, daher hinkten wir etwas hinterher. Diesen Fehler wollten wir dieses Jahr beim seokanzler-Contest nicht wieder machen. Daher haben wir schon seit einer Woche st\u00e4ndig auf den SEO DAY-Blog nachgeschaut. Dann auf Facebook den Hint zum \u201eProjektK\u201c gesehen\u2026 und heute Morgen um 10 Uhr schon mit dem Domainrobot im Anschlag gewartet. Jetzt haben wir f\u00fcr den deutschen Raum die www.seokanzler.de und f\u00fcr den .at Bereich leider nur die www.seokanzler-2013.at ergattern k\u00f6nnen. Zus\u00e4tzlich gehen wir nat\u00fcrlich auch \u00fcber unsere starke Firmenwebseite, so wie auch schon letztes Jahr. Den seokanzler auf unserer Seite findet ihr hier.<\/p>\n<p>Wir schauen auch noch ob wir vielleicht eine Domain mit Schwarzkopf-Ma\u00dfnahmen erstellen, um einfach mal das b\u00f6se SEO auszuprobieren. Da wir das im normalen Alltag \u00fcberhaupt nicht anwenden d\u00fcrfen und wollen, w\u00e4re dies auch mal ne Abwechslung, die sicherlich Spa\u00df macht. Das ist aber sekund\u00e4r.<\/p>\n<p>Wir werden jetzt alle drei Domains bzw. Bereiche nach und nach mit Content f\u00fcllen, Backlinks organisieren, Social Signals und Pressemeldung posten. Mal schauen, wie es l\u00e4uft. Gerade das Thema .at in Kombination mit 5 Wochen Laufzeit macht uns gute Hoffnung, da wir wieder mit gutem Inhalt und K\u00f6pfchen an die Sache gehen wollen. Letztes Jahr standen wir 4 Wochen nach dem Contest auf Platz 1 und stehen auch heute noch da.<br \/>\nUnsere Azubis werden wieder sch\u00f6ne Bildchen machen und die Textabteilung wieder coole Beitr\u00e4ge verfassen\u2026 ich bin wirklich gespannt!<\/p>\n<p><strong>Also \u2013 m\u00f6ge der beste SEO Mega-bundes-seo-abstauber-kanzler werden. Viel Erfolg und Gl\u00fcck an alle!<\/strong><\/p>\n<address style=\"text-align: justify;\">Der Beitrag wurde verfasst von:<br \/>\nMario<\/address>\n","protected":false},"excerpt":{"rendered":"<p>Es ist endlich wieder soweit. 11 Monate haben wir sehns\u00fcchtig gewartet, dass der n\u00e4chste SEODAY Contest mit dem Titel \u201eseokanzler\u201c gestartet wird. Und zum Gl\u00fcck bin ich auf der DMEXCO mit Fabian Rossbacher essen gegangen, ansonsten h\u00e4tte es den Contest oder \u201eProjektK\u201c wie er im Vorfeld genannt worden ist, vielleicht dieses Jahr gar nicht gegeben.<\/p>\n","protected":false},"author":4,"featured_media":0,"comment_status":"open","ping_status":"closed","sticky":false,"template":"","format":"standard","meta":{"content-type":"","footnotes":""},"categories":[155,1],"tags":[171,172,173,174],"yoast_head":"<!-- This site is optimized with the Yoast SEO plugin v22.8 - https:\/\/yoast.com\/wordpress\/plugins\/seo\/ -->\n<title>Der n\u00e4chste SEODAY Contest mit dem Titel \u201eseokanzler\u201c wird gestartet.<\/title>\n<meta name=\"description\" content=\"Wir mischen mit! Die OMSAG nimmt am diesj\u00e4hrigen SEO Wettbewerb zum zugeh\u00f6rigen SEO Day 2013 teil. Erfahrt jetzt von unserer Vorgehensweise!\" \/>\n<meta name=\"robots\" content=\"index, follow, max-snippet:-1, max-image-preview:large, max-video-preview:-1\" \/>\n<link rel=\"canonical\" href=\"https:\/\/www.omsag.de\/proxy\/online-marketing-blog\/seo\/seokanzler-2013-seoday-contest\/\" \/>\n<meta property=\"og:locale\" content=\"de_DE\" \/>\n<meta property=\"og:type\" content=\"article\" \/>\n<meta property=\"og:title\" content=\"Der n\u00e4chste SEODAY Contest mit dem Titel \u201eseokanzler\u201c wird gestartet.\" \/>\n<meta property=\"og:description\" content=\"Wir mischen mit! Die OMSAG nimmt am diesj\u00e4hrigen SEO Wettbewerb zum zugeh\u00f6rigen SEO Day 2013 teil. Erfahrt jetzt von unserer Vorgehensweise!\" \/>\n<meta property=\"og:url\" content=\"https:\/\/www.omsag.de\/proxy\/online-marketing-blog\/seo\/seokanzler-2013-seoday-contest\/\" \/>\n<meta property=\"og:site_name\" content=\"Online Marketing &amp; Suchmaschinenmarketing Agentur OMSAG\" \/>\n<meta property=\"article:publisher\" content=\"https:\/\/www.facebook.com\/Online.Marketing.Solutions.AG\" \/>\n<meta property=\"article:published_time\" content=\"2013-10-07T12:46:09+00:00\" \/>\n<meta property=\"article:modified_time\" content=\"2019-01-16T12:05:58+00:00\" \/>\n<meta name=\"author\" content=\"Blogredaktion\" \/>\n<meta name=\"twitter:card\" content=\"summary_large_image\" \/>\n<meta name=\"twitter:label1\" content=\"Verfasst von\" \/>\n\t<meta name=\"twitter:data1\" content=\"Blogredaktion\" \/>\n\t<meta name=\"twitter:label2\" content=\"Gesch\u00e4tzte Lesezeit\" \/>\n\t<meta name=\"twitter:data2\" content=\"2\u00a0Minuten\" \/>\n<script type=\"application\/ld+json\" class=\"yoast-schema-graph\">{\"@context\":\"https:\/\/schema.org\",\"@graph\":[{\"@type\":\"Article\",\"@id\":\"https:\/\/www.omsag.de\/proxy\/online-marketing-blog\/seo\/seokanzler-2013-seoday-contest\/#article\",\"isPartOf\":{\"@id\":\"https:\/\/www.omsag.de\/proxy\/online-marketing-blog\/seo\/seokanzler-2013-seoday-contest\/\"},\"author\":{\"name\":\"Blogredaktion\",\"@id\":\"https:\/\/www.omsag.de\/proxy\/#\/schema\/person\/8dcdf1052bc5e4a5e82b494f96fba999\"},\"headline\":\"Wer wird SEOKanzler \u2013 der SEO-DAY Contest 2013 \u2013 wir sind dabei!\",\"datePublished\":\"2013-10-07T12:46:09+00:00\",\"dateModified\":\"2019-01-16T12:05:58+00:00\",\"mainEntityOfPage\":{\"@id\":\"https:\/\/www.omsag.de\/proxy\/online-marketing-blog\/seo\/seokanzler-2013-seoday-contest\/\"},\"wordCount\":411,\"commentCount\":4,\"publisher\":{\"@id\":\"https:\/\/www.omsag.de\/proxy\/#organization\"},\"keywords\":[\"seo contest\",\"seo-kanzler\",\"seoday\",\"seokanzler\"],\"articleSection\":[\"Digi-Trends\",\"SEO\"],\"inLanguage\":\"de\",\"potentialAction\":[{\"@type\":\"CommentAction\",\"name\":\"Comment\",\"target\":[\"https:\/\/www.omsag.de\/proxy\/online-marketing-blog\/seo\/seokanzler-2013-seoday-contest\/#respond\"]}]},{\"@type\":\"WebPage\",\"@id\":\"https:\/\/www.omsag.de\/proxy\/online-marketing-blog\/seo\/seokanzler-2013-seoday-contest\/\",\"url\":\"https:\/\/www.omsag.de\/proxy\/online-marketing-blog\/seo\/seokanzler-2013-seoday-contest\/\",\"name\":\"Der n\u00e4chste SEODAY Contest mit dem Titel \u201eseokanzler\u201c wird gestartet.\",\"isPartOf\":{\"@id\":\"https:\/\/www.omsag.de\/proxy\/#website\"},\"datePublished\":\"2013-10-07T12:46:09+00:00\",\"dateModified\":\"2019-01-16T12:05:58+00:00\",\"description\":\"Wir mischen mit! Die OMSAG nimmt am diesj\u00e4hrigen SEO Wettbewerb zum zugeh\u00f6rigen SEO Day 2013 teil. Erfahrt jetzt von unserer Vorgehensweise!\",\"breadcrumb\":{\"@id\":\"https:\/\/www.omsag.de\/proxy\/online-marketing-blog\/seo\/seokanzler-2013-seoday-contest\/#breadcrumb\"},\"inLanguage\":\"de\",\"potentialAction\":[{\"@type\":\"ReadAction\",\"target\":[\"https:\/\/www.omsag.de\/proxy\/online-marketing-blog\/seo\/seokanzler-2013-seoday-contest\/\"]}]},{\"@type\":\"BreadcrumbList\",\"@id\":\"https:\/\/www.omsag.de\/proxy\/online-marketing-blog\/seo\/seokanzler-2013-seoday-contest\/#breadcrumb\",\"itemListElement\":[{\"@type\":\"ListItem\",\"position\":1,\"name\":\"Startseite\",\"item\":\"https:\/\/www.omsag.de\/proxy\/\"},{\"@type\":\"ListItem\",\"position\":2,\"name\":\"Digi-Trends\",\"item\":\"https:\/\/www.omsag.de\/proxy\/online-marketing-blog\/digi-trends\/\"},{\"@type\":\"ListItem\",\"position\":3,\"name\":\"Wer wird SEOKanzler \u2013 der SEO-DAY Contest 2013 \u2013 wir sind dabei!\"}]},{\"@type\":\"WebSite\",\"@id\":\"https:\/\/www.omsag.de\/proxy\/#website\",\"url\":\"https:\/\/www.omsag.de\/proxy\/\",\"name\":\"Online Marketing & Suchmaschinenmarketing Agentur OMSAG\",\"description\":\"\",\"publisher\":{\"@id\":\"https:\/\/www.omsag.de\/proxy\/#organization\"},\"potentialAction\":[{\"@type\":\"SearchAction\",\"target\":{\"@type\":\"EntryPoint\",\"urlTemplate\":\"https:\/\/www.omsag.de\/proxy\/?s={search_term_string}\"},\"query-input\":\"required name=search_term_string\"}],\"inLanguage\":\"de\"},{\"@type\":\"Organization\",\"@id\":\"https:\/\/www.omsag.de\/proxy\/#organization\",\"name\":\"OMSAG\",\"url\":\"https:\/\/www.omsag.de\/proxy\/\",\"logo\":{\"@type\":\"ImageObject\",\"inLanguage\":\"de\",\"@id\":\"https:\/\/www.omsag.de\/proxy\/#\/schema\/logo\/image\/\",\"url\":\"https:\/\/www.omsag.de\/proxy\/wp-content\/uploads\/2020\/08\/oms-logo-1.jpg\",\"contentUrl\":\"https:\/\/www.omsag.de\/proxy\/wp-content\/uploads\/2020\/08\/oms-logo-1.jpg\",\"width\":500,\"height\":148,\"caption\":\"OMSAG\"},\"image\":{\"@id\":\"https:\/\/www.omsag.de\/proxy\/#\/schema\/logo\/image\/\"},\"sameAs\":[\"https:\/\/www.facebook.com\/Online.Marketing.Solutions.AG\",\"https:\/\/www.instagram.com\/omsag\/\",\"https:\/\/de.linkedin.com\/company\/online-marketing-solutions-ag\"]},{\"@type\":\"Person\",\"@id\":\"https:\/\/www.omsag.de\/proxy\/#\/schema\/person\/8dcdf1052bc5e4a5e82b494f96fba999\",\"name\":\"Blogredaktion\",\"description\":\"Unter \u201eBlogredaktion\u201c werden Fachbeitr\u00e4ge verschiedener Experten aus dem Unternehmen ohne Autorenkennzeichnung publiziert. Ihr habt Fragen oder Anregungen zu einem speziellen Beitrag? Kein Problem, die Blogredaktion steht euch daf\u00fcr gerne hier zur Verf\u00fcgung.\",\"sameAs\":[\"https:\/\/www.omsag.de\"],\"url\":\"https:\/\/www.omsag.de\/proxy\/online-marketing-blog\/author\/blogredaktion\/\"}]}<\/script>\n<!-- \/ Yoast SEO plugin. -->","yoast_head_json":{"title":"Der n\u00e4chste SEODAY Contest mit dem Titel \u201eseokanzler\u201c wird gestartet.","description":"Wir mischen mit! Die OMSAG nimmt am diesj\u00e4hrigen SEO Wettbewerb zum zugeh\u00f6rigen SEO Day 2013 teil. Erfahrt jetzt von unserer Vorgehensweise!","robots":{"index":"index","follow":"follow","max-snippet":"max-snippet:-1","max-image-preview":"max-image-preview:large","max-video-preview":"max-video-preview:-1"},"canonical":"https:\/\/www.omsag.de\/proxy\/online-marketing-blog\/seo\/seokanzler-2013-seoday-contest\/","og_locale":"de_DE","og_type":"article","og_title":"Der n\u00e4chste SEODAY Contest mit dem Titel \u201eseokanzler\u201c wird gestartet.","og_description":"Wir mischen mit! Die OMSAG nimmt am diesj\u00e4hrigen SEO Wettbewerb zum zugeh\u00f6rigen SEO Day 2013 teil. Erfahrt jetzt von unserer Vorgehensweise!","og_url":"https:\/\/www.omsag.de\/proxy\/online-marketing-blog\/seo\/seokanzler-2013-seoday-contest\/","og_site_name":"Online Marketing &amp; Suchmaschinenmarketing Agentur OMSAG","article_publisher":"https:\/\/www.facebook.com\/Online.Marketing.Solutions.AG","article_published_time":"2013-10-07T12:46:09+00:00","article_modified_time":"2019-01-16T12:05:58+00:00","author":"Blogredaktion","twitter_card":"summary_large_image","twitter_misc":{"Verfasst von":"Blogredaktion","Gesch\u00e4tzte Lesezeit":"2\u00a0Minuten"},"schema":{"@context":"https:\/\/schema.org","@graph":[{"@type":"Article","@id":"https:\/\/www.omsag.de\/proxy\/online-marketing-blog\/seo\/seokanzler-2013-seoday-contest\/#article","isPartOf":{"@id":"https:\/\/www.omsag.de\/proxy\/online-marketing-blog\/seo\/seokanzler-2013-seoday-contest\/"},"author":{"name":"Blogredaktion","@id":"https:\/\/www.omsag.de\/proxy\/#\/schema\/person\/8dcdf1052bc5e4a5e82b494f96fba999"},"headline":"Wer wird SEOKanzler \u2013 der SEO-DAY Contest 2013 \u2013 wir sind dabei!","datePublished":"2013-10-07T12:46:09+00:00","dateModified":"2019-01-16T12:05:58+00:00","mainEntityOfPage":{"@id":"https:\/\/www.omsag.de\/proxy\/online-marketing-blog\/seo\/seokanzler-2013-seoday-contest\/"},"wordCount":411,"commentCount":4,"publisher":{"@id":"https:\/\/www.omsag.de\/proxy\/#organization"},"keywords":["seo contest","seo-kanzler","seoday","seokanzler"],"articleSection":["Digi-Trends","SEO"],"inLanguage":"de","potentialAction":[{"@type":"CommentAction","name":"Comment","target":["https:\/\/www.omsag.de\/proxy\/online-marketing-blog\/seo\/seokanzler-2013-seoday-contest\/#respond"]}]},{"@type":"WebPage","@id":"https:\/\/www.omsag.de\/proxy\/online-marketing-blog\/seo\/seokanzler-2013-seoday-contest\/","url":"https:\/\/www.omsag.de\/proxy\/online-marketing-blog\/seo\/seokanzler-2013-seoday-contest\/","name":"Der n\u00e4chste SEODAY Contest mit dem Titel \u201eseokanzler\u201c wird gestartet.","isPartOf":{"@id":"https:\/\/www.omsag.de\/proxy\/#website"},"datePublished":"2013-10-07T12:46:09+00:00","dateModified":"2019-01-16T12:05:58+00:00","description":"Wir mischen mit! Die OMSAG nimmt am diesj\u00e4hrigen SEO Wettbewerb zum zugeh\u00f6rigen SEO Day 2013 teil. Erfahrt jetzt von unserer Vorgehensweise!","breadcrumb":{"@id":"https:\/\/www.omsag.de\/proxy\/online-marketing-blog\/seo\/seokanzler-2013-seoday-contest\/#breadcrumb"},"inLanguage":"de","potentialAction":[{"@type":"ReadAction","target":["https:\/\/www.omsag.de\/proxy\/online-marketing-blog\/seo\/seokanzler-2013-seoday-contest\/"]}]},{"@type":"BreadcrumbList","@id":"https:\/\/www.omsag.de\/proxy\/online-marketing-blog\/seo\/seokanzler-2013-seoday-contest\/#breadcrumb","itemListElement":[{"@type":"ListItem","position":1,"name":"Startseite","item":"https:\/\/www.omsag.de\/proxy\/"},{"@type":"ListItem","position":2,"name":"Digi-Trends","item":"https:\/\/www.omsag.de\/proxy\/online-marketing-blog\/digi-trends\/"},{"@type":"ListItem","position":3,"name":"Wer wird SEOKanzler \u2013 der SEO-DAY Contest 2013 \u2013 wir sind dabei!"}]},{"@type":"WebSite","@id":"https:\/\/www.omsag.de\/proxy\/#website","url":"https:\/\/www.omsag.de\/proxy\/","name":"Online Marketing & Suchmaschinenmarketing Agentur OMSAG","description":"","publisher":{"@id":"https:\/\/www.omsag.de\/proxy\/#organization"},"potentialAction":[{"@type":"SearchAction","target":{"@type":"EntryPoint","urlTemplate":"https:\/\/www.omsag.de\/proxy\/?s={search_term_string}"},"query-input":"required name=search_term_string"}],"inLanguage":"de"},{"@type":"Organization","@id":"https:\/\/www.omsag.de\/proxy\/#organization","name":"OMSAG","url":"https:\/\/www.omsag.de\/proxy\/","logo":{"@type":"ImageObject","inLanguage":"de","@id":"https:\/\/www.omsag.de\/proxy\/#\/schema\/logo\/image\/","url":"https:\/\/www.omsag.de\/proxy\/wp-content\/uploads\/2020\/08\/oms-logo-1.jpg","contentUrl":"https:\/\/www.omsag.de\/proxy\/wp-content\/uploads\/2020\/08\/oms-logo-1.jpg","width":500,"height":148,"caption":"OMSAG"},"image":{"@id":"https:\/\/www.omsag.de\/proxy\/#\/schema\/logo\/image\/"},"sameAs":["https:\/\/www.facebook.com\/Online.Marketing.Solutions.AG","https:\/\/www.instagram.com\/omsag\/","https:\/\/de.linkedin.com\/company\/online-marketing-solutions-ag"]},{"@type":"Person","@id":"https:\/\/www.omsag.de\/proxy\/#\/schema\/person\/8dcdf1052bc5e4a5e82b494f96fba999","name":"Blogredaktion","description":"Unter \u201eBlogredaktion\u201c werden Fachbeitr\u00e4ge verschiedener Experten aus dem Unternehmen ohne Autorenkennzeichnung publiziert. Ihr habt Fragen oder Anregungen zu einem speziellen Beitrag? Kein Problem, die Blogredaktion steht euch daf\u00fcr gerne hier zur Verf\u00fcgung.","sameAs":["https:\/\/www.omsag.de"],"url":"https:\/\/www.omsag.de\/proxy\/online-marketing-blog\/author\/blogredaktion\/"}]}},"_links":{"self":[{"href":"https:\/\/www.omsag.de\/proxy\/wp-json\/wp\/v2\/posts\/2629"}],"collection":[{"href":"https:\/\/www.omsag.de\/proxy\/wp-json\/wp\/v2\/posts"}],"about":[{"href":"https:\/\/www.omsag.de\/proxy\/wp-json\/wp\/v2\/types\/post"}],"author":[{"embeddable":true,"href":"https:\/\/www.omsag.de\/proxy\/wp-json\/wp\/v2\/users\/4"}],"replies":[{"embeddable":true,"href":"https:\/\/www.omsag.de\/proxy\/wp-json\/wp\/v2\/comments?post=2629"}],"version-history":[{"count":0,"href":"https:\/\/www.omsag.de\/proxy\/wp-json\/wp\/v2\/posts\/2629\/revisions"}],"wp:attachment":[{"href":"https:\/\/www.omsag.de\/proxy\/wp-json\/wp\/v2\/media?parent=2629"}],"wp:term":[{"taxonomy":"category","embeddable":true,"href":"https:\/\/www.omsag.de\/proxy\/wp-json\/wp\/v2\/categories?post=2629"},{"taxonomy":"post_tag","embeddable":true,"href":"https:\/\/www.omsag.de\/proxy\/wp-json\/wp\/v2\/tags?post=2629"}],"curies":[{"name":"wp","href":"https:\/\/api.w.org\/{rel}","templated":true}]}}