{"id":2524,"date":"2012-11-14T13:52:22","date_gmt":"2012-11-14T11:52:22","guid":{"rendered":"https:\/\/www.omsag.de\/blog\/?p=2524"},"modified":"2018-11-20T14:44:01","modified_gmt":"2018-11-20T13:44:01","slug":"unsere-azubis-stellen-sich-vor-manuel-begeistert-von-der-top-ausstattung-in-der-berufsschule","status":"publish","type":"post","link":"https:\/\/www.omsag.de\/proxy\/online-marketing-blog\/unternehmensnachrichten\/unsere-azubis-stellen-sich-vor-manuel-begeistert-von-der-top-ausstattung-in-der-berufsschule\/","title":{"rendered":"Unsere Azubis stellen sich vor: Manuel &#8211; begeistert von der Top-Ausstattung in der Berufsschule"},"content":{"rendered":"<p style=\"text-align: justify;\">Hallo Leserinnen und Leser, heute Morgen war etwas anders als sonst. Beim Checken meiner E-Mails habe ich die Aufgabe bekommen mich hier auf dem Blog der OMSAG vorzustellen: Mein Name ist Manuel, bin 19 Jahre jung, wohne in Bad Homburg und seit dem 01.08.2012 Auszubildender Mediengestalter bei der Online Marketing Solutions AG in Eschborn.<\/p>\n<p><!--more--><\/p>\n<p style=\"text-align: justify;\"><strong>Wieso ich mich ausgerechnet bei der OMSAG beworben habe?<\/strong><\/p>\n<p style=\"text-align: justify;\">Ich besch\u00e4ftige mich in meiner Freizeit viel mit dem Gestalten und Umsetzen von Webseiten und f\u00fchre auch <strong>einen eigenen HipHop-Blog<\/strong>, weshalb SEO f\u00fcr mich seit l\u00e4ngerem schon ein wichtiges Thema ist. Beim Vorstellungsgespr\u00e4ch und Probearbeiten\u00a0 war mir bereits klar, dass ich hier gut aufgehoben bin.<\/p>\n<p style=\"text-align: justify;\">Dieser Eindruck best\u00e4tigte sich in den ersten Wochen hier in der Technik Abteilung. Ich h\u00e4tte nicht gedacht, dass ich von Anfang an als vollwertiges Mitglied der Abteilung angesehen werde und <strong>direkt an Kundenprojekten mitarbeiten<\/strong> darf, was f\u00fcr mich nat\u00fcrlich unglaublich toll ist. Au\u00dferdem ist es \u00fcberw\u00e4ltigend, wie vielf\u00e4ltig der Bereich SEM ist und wie viel neues mir hier t\u00e4glich beigebracht wird. Das <strong>Arbeitsklima<\/strong> hier gef\u00e4llt mir au\u00dferdem besonders gut.<\/p>\n<p>Als n\u00e4chstes m\u00f6chte ich noch etwas zu meiner <strong>Berufsschule<\/strong> in Frankfurt\u00a0 sagen, der Gutenbergschule. Meine Lust auf Schule nach bereits 12 absolvierten Schuljahren hielt sich in Grenzen, doch die 3 Schultage, die ich bis jetzt hatte, haben mir sogar <strong>Spa\u00df<\/strong> bereitet. Die Fachr\u00e4ume dort sind mit neuen Macs und Adobe CS6 Software ausgestattet. Auch sonst ist die Schule von der Ausstattung her auf dem aktuellsten Stand, was in dieser Branche sehr wichtig ist.<\/p>\n<p style=\"text-align: justify;\">Dazu muss ich erw\u00e4hnen, dass ich privat nur an Apple Produkten arbeite, also f\u00fcr mich in der Schule keine Umstellung notwendig ist. Dazu kommt, dass man <strong>Themen wie Typografie, Cinema 4D, Photoshop etc<\/strong>. nicht als langweiligen allt\u00e4glichen Schulstoff bezeichnen kann \u2013 ganz im Gegenteil!!<br \/>\nAuch \u00fcber meine Lehrer kann ich mich bis zum jetzigen Zeitpunkt noch nicht beschweren\u2026 \ud83d\ude09<\/p>\n<p style=\"text-align: justify;\">Ich bin froh dar\u00fcber, dass ich mich f\u00fcr die OMSAG entschieden habe und bin sehr gespannt und motiviert auf meine weitere Ausbildungszeit hier. Ich bin mir sicher, dass mich noch viele aufregende aber mit Sicherheit auch schwierige <strong>Aufgaben<\/strong> erwarten werden.<br \/>\nVielleicht werdet ihr ja bald nochmal einen Bericht von mir zu lesen bekommen, wenn ich etwas mehr Erfahrungen hier gesammelt habe.<\/p>\n<p style=\"text-align: justify;\">Bis dahin viel Spa\u00df beim Lesen der anderen Blogbeitr\u00e4ge \ud83d\ude42<\/p>\n<p style=\"text-align: justify;\">Liebe Gr\u00fc\u00dfe<\/p>\n<p style=\"text-align: justify;\">Manuel<\/p>\n","protected":false},"excerpt":{"rendered":"<p>Hallo Leserinnen und Leser, heute Morgen war etwas anders als sonst. Beim Checken meiner E-Mails habe ich die Aufgabe bekommen mich hier auf dem Blog der OMSAG vorzustellen: Mein Name ist Manuel, bin 19 Jahre jung, wohne in Bad Homburg und seit dem 01.08.2012 Auszubildender Mediengestalter bei der Online Marketing Solutions AG in Eschborn.<\/p>\n","protected":false},"author":2,"featured_media":0,"comment_status":"open","ping_status":"closed","sticky":false,"template":"","format":"standard","meta":{"content-type":"","footnotes":""},"categories":[39],"tags":[162,106,29,31],"yoast_head":"<!-- This site is optimized with the Yoast SEO plugin v22.8 - https:\/\/yoast.com\/wordpress\/plugins\/seo\/ -->\n<title>OMSAG Azubis stellen sich vor: Manuel- begeistert von der Berufsschule<\/title>\n<meta name=\"description\" content=\"Unser Azubi stellt sich vor: Manuel, Auszubildender vermittelt seinem ersten Eindruck von der OMSAG, der Berufsschule und dessen Ausstattung.\" \/>\n<meta name=\"robots\" content=\"index, follow, max-snippet:-1, max-image-preview:large, max-video-preview:-1\" \/>\n<link rel=\"canonical\" href=\"https:\/\/www.omsag.de\/proxy\/online-marketing-blog\/unternehmensnachrichten\/unsere-azubis-stellen-sich-vor-manuel-begeistert-von-der-top-ausstattung-in-der-berufsschule\/\" \/>\n<meta property=\"og:locale\" content=\"de_DE\" \/>\n<meta property=\"og:type\" content=\"article\" \/>\n<meta property=\"og:title\" content=\"OMSAG Azubis stellen sich vor: Manuel- begeistert von der Berufsschule\" \/>\n<meta property=\"og:description\" content=\"Unser Azubi stellt sich vor: Manuel, Auszubildender vermittelt seinem ersten Eindruck von der OMSAG, der Berufsschule und dessen Ausstattung.\" \/>\n<meta property=\"og:url\" content=\"https:\/\/www.omsag.de\/proxy\/online-marketing-blog\/unternehmensnachrichten\/unsere-azubis-stellen-sich-vor-manuel-begeistert-von-der-top-ausstattung-in-der-berufsschule\/\" \/>\n<meta property=\"og:site_name\" content=\"Online Marketing &amp; Suchmaschinenmarketing Agentur OMSAG\" \/>\n<meta property=\"article:publisher\" content=\"https:\/\/www.facebook.com\/Online.Marketing.Solutions.AG\" \/>\n<meta property=\"article:published_time\" content=\"2012-11-14T11:52:22+00:00\" \/>\n<meta property=\"article:modified_time\" content=\"2018-11-20T13:44:01+00:00\" \/>\n<meta name=\"author\" content=\"Manuel\" \/>\n<meta name=\"twitter:card\" content=\"summary_large_image\" \/>\n<meta name=\"twitter:label1\" content=\"Verfasst von\" \/>\n\t<meta name=\"twitter:data1\" content=\"Manuel\" \/>\n\t<meta name=\"twitter:label2\" content=\"Gesch\u00e4tzte Lesezeit\" \/>\n\t<meta name=\"twitter:data2\" content=\"2\u00a0Minuten\" \/>\n<script type=\"application\/ld+json\" class=\"yoast-schema-graph\">{\"@context\":\"https:\/\/schema.org\",\"@graph\":[{\"@type\":\"Article\",\"@id\":\"https:\/\/www.omsag.de\/proxy\/online-marketing-blog\/unternehmensnachrichten\/unsere-azubis-stellen-sich-vor-manuel-begeistert-von-der-top-ausstattung-in-der-berufsschule\/#article\",\"isPartOf\":{\"@id\":\"https:\/\/www.omsag.de\/proxy\/online-marketing-blog\/unternehmensnachrichten\/unsere-azubis-stellen-sich-vor-manuel-begeistert-von-der-top-ausstattung-in-der-berufsschule\/\"},\"author\":{\"name\":\"Manuel\",\"@id\":\"https:\/\/www.omsag.de\/proxy\/#\/schema\/person\/4880afb186467231d205297f370dd2ce\"},\"headline\":\"Unsere Azubis stellen sich vor: Manuel &#8211; begeistert von der Top-Ausstattung in der Berufsschule\",\"datePublished\":\"2012-11-14T11:52:22+00:00\",\"dateModified\":\"2018-11-20T13:44:01+00:00\",\"mainEntityOfPage\":{\"@id\":\"https:\/\/www.omsag.de\/proxy\/online-marketing-blog\/unternehmensnachrichten\/unsere-azubis-stellen-sich-vor-manuel-begeistert-von-der-top-ausstattung-in-der-berufsschule\/\"},\"wordCount\":415,\"commentCount\":6,\"publisher\":{\"@id\":\"https:\/\/www.omsag.de\/proxy\/#organization\"},\"keywords\":[\"azubis\",\"jobs\",\"karriere\",\"online marketing solutions ag\"],\"articleSection\":[\"Unternehmensnachrichten\"],\"inLanguage\":\"de\",\"potentialAction\":[{\"@type\":\"CommentAction\",\"name\":\"Comment\",\"target\":[\"https:\/\/www.omsag.de\/proxy\/online-marketing-blog\/unternehmensnachrichten\/unsere-azubis-stellen-sich-vor-manuel-begeistert-von-der-top-ausstattung-in-der-berufsschule\/#respond\"]}]},{\"@type\":\"WebPage\",\"@id\":\"https:\/\/www.omsag.de\/proxy\/online-marketing-blog\/unternehmensnachrichten\/unsere-azubis-stellen-sich-vor-manuel-begeistert-von-der-top-ausstattung-in-der-berufsschule\/\",\"url\":\"https:\/\/www.omsag.de\/proxy\/online-marketing-blog\/unternehmensnachrichten\/unsere-azubis-stellen-sich-vor-manuel-begeistert-von-der-top-ausstattung-in-der-berufsschule\/\",\"name\":\"OMSAG Azubis stellen sich vor: Manuel- begeistert von der Berufsschule\",\"isPartOf\":{\"@id\":\"https:\/\/www.omsag.de\/proxy\/#website\"},\"datePublished\":\"2012-11-14T11:52:22+00:00\",\"dateModified\":\"2018-11-20T13:44:01+00:00\",\"description\":\"Unser Azubi stellt sich vor: Manuel, Auszubildender vermittelt seinem ersten Eindruck von der OMSAG, der Berufsschule und dessen Ausstattung.\",\"breadcrumb\":{\"@id\":\"https:\/\/www.omsag.de\/proxy\/online-marketing-blog\/unternehmensnachrichten\/unsere-azubis-stellen-sich-vor-manuel-begeistert-von-der-top-ausstattung-in-der-berufsschule\/#breadcrumb\"},\"inLanguage\":\"de\",\"potentialAction\":[{\"@type\":\"ReadAction\",\"target\":[\"https:\/\/www.omsag.de\/proxy\/online-marketing-blog\/unternehmensnachrichten\/unsere-azubis-stellen-sich-vor-manuel-begeistert-von-der-top-ausstattung-in-der-berufsschule\/\"]}]},{\"@type\":\"BreadcrumbList\",\"@id\":\"https:\/\/www.omsag.de\/proxy\/online-marketing-blog\/unternehmensnachrichten\/unsere-azubis-stellen-sich-vor-manuel-begeistert-von-der-top-ausstattung-in-der-berufsschule\/#breadcrumb\",\"itemListElement\":[{\"@type\":\"ListItem\",\"position\":1,\"name\":\"Startseite\",\"item\":\"https:\/\/www.omsag.de\/proxy\/\"},{\"@type\":\"ListItem\",\"position\":2,\"name\":\"Unternehmensnachrichten\",\"item\":\"https:\/\/www.omsag.de\/proxy\/online-marketing-blog\/unternehmensnachrichten\/\"},{\"@type\":\"ListItem\",\"position\":3,\"name\":\"Unsere Azubis stellen sich vor: Manuel &#8211; begeistert von der Top-Ausstattung in der Berufsschule\"}]},{\"@type\":\"WebSite\",\"@id\":\"https:\/\/www.omsag.de\/proxy\/#website\",\"url\":\"https:\/\/www.omsag.de\/proxy\/\",\"name\":\"Online Marketing & Suchmaschinenmarketing Agentur OMSAG\",\"description\":\"\",\"publisher\":{\"@id\":\"https:\/\/www.omsag.de\/proxy\/#organization\"},\"potentialAction\":[{\"@type\":\"SearchAction\",\"target\":{\"@type\":\"EntryPoint\",\"urlTemplate\":\"https:\/\/www.omsag.de\/proxy\/?s={search_term_string}\"},\"query-input\":\"required name=search_term_string\"}],\"inLanguage\":\"de\"},{\"@type\":\"Organization\",\"@id\":\"https:\/\/www.omsag.de\/proxy\/#organization\",\"name\":\"OMSAG\",\"url\":\"https:\/\/www.omsag.de\/proxy\/\",\"logo\":{\"@type\":\"ImageObject\",\"inLanguage\":\"de\",\"@id\":\"https:\/\/www.omsag.de\/proxy\/#\/schema\/logo\/image\/\",\"url\":\"https:\/\/www.omsag.de\/proxy\/wp-content\/uploads\/2020\/08\/oms-logo-1.jpg\",\"contentUrl\":\"https:\/\/www.omsag.de\/proxy\/wp-content\/uploads\/2020\/08\/oms-logo-1.jpg\",\"width\":500,\"height\":148,\"caption\":\"OMSAG\"},\"image\":{\"@id\":\"https:\/\/www.omsag.de\/proxy\/#\/schema\/logo\/image\/\"},\"sameAs\":[\"https:\/\/www.facebook.com\/Online.Marketing.Solutions.AG\",\"https:\/\/www.instagram.com\/omsag\/\",\"https:\/\/de.linkedin.com\/company\/online-marketing-solutions-ag\"]},{\"@type\":\"Person\",\"@id\":\"https:\/\/www.omsag.de\/proxy\/#\/schema\/person\/4880afb186467231d205297f370dd2ce\",\"name\":\"Manuel\",\"description\":\"Manuel ist im IT-Projektmanagement bei der OMSAG t\u00e4tig. Seit einigen Jahren besch\u00e4ftige er sich mit der Gestaltung, Umsetzung und Optimierung von Websites. Seitdem hat er bereits an vielen anspruchsvollen Projekten selbstst\u00e4ndig und im Team gearbeitet. Manuel bloggt gerne \u00fcber Design-Themen, da er sich bei der t\u00e4glichen Arbeit und in der Freizeit damit auseinandersetzt.\",\"url\":\"https:\/\/www.omsag.de\/proxy\/online-marketing-blog\/author\/manuel\/\"}]}<\/script>\n<!-- \/ Yoast SEO plugin. -->","yoast_head_json":{"title":"OMSAG Azubis stellen sich vor: Manuel- begeistert von der Berufsschule","description":"Unser Azubi stellt sich vor: Manuel, Auszubildender vermittelt seinem ersten Eindruck von der OMSAG, der Berufsschule und dessen Ausstattung.","robots":{"index":"index","follow":"follow","max-snippet":"max-snippet:-1","max-image-preview":"max-image-preview:large","max-video-preview":"max-video-preview:-1"},"canonical":"https:\/\/www.omsag.de\/proxy\/online-marketing-blog\/unternehmensnachrichten\/unsere-azubis-stellen-sich-vor-manuel-begeistert-von-der-top-ausstattung-in-der-berufsschule\/","og_locale":"de_DE","og_type":"article","og_title":"OMSAG Azubis stellen sich vor: Manuel- begeistert von der Berufsschule","og_description":"Unser Azubi stellt sich vor: Manuel, Auszubildender vermittelt seinem ersten Eindruck von der OMSAG, der Berufsschule und dessen Ausstattung.","og_url":"https:\/\/www.omsag.de\/proxy\/online-marketing-blog\/unternehmensnachrichten\/unsere-azubis-stellen-sich-vor-manuel-begeistert-von-der-top-ausstattung-in-der-berufsschule\/","og_site_name":"Online Marketing &amp; Suchmaschinenmarketing Agentur OMSAG","article_publisher":"https:\/\/www.facebook.com\/Online.Marketing.Solutions.AG","article_published_time":"2012-11-14T11:52:22+00:00","article_modified_time":"2018-11-20T13:44:01+00:00","author":"Manuel","twitter_card":"summary_large_image","twitter_misc":{"Verfasst von":"Manuel","Gesch\u00e4tzte Lesezeit":"2\u00a0Minuten"},"schema":{"@context":"https:\/\/schema.org","@graph":[{"@type":"Article","@id":"https:\/\/www.omsag.de\/proxy\/online-marketing-blog\/unternehmensnachrichten\/unsere-azubis-stellen-sich-vor-manuel-begeistert-von-der-top-ausstattung-in-der-berufsschule\/#article","isPartOf":{"@id":"https:\/\/www.omsag.de\/proxy\/online-marketing-blog\/unternehmensnachrichten\/unsere-azubis-stellen-sich-vor-manuel-begeistert-von-der-top-ausstattung-in-der-berufsschule\/"},"author":{"name":"Manuel","@id":"https:\/\/www.omsag.de\/proxy\/#\/schema\/person\/4880afb186467231d205297f370dd2ce"},"headline":"Unsere Azubis stellen sich vor: Manuel &#8211; begeistert von der Top-Ausstattung in der Berufsschule","datePublished":"2012-11-14T11:52:22+00:00","dateModified":"2018-11-20T13:44:01+00:00","mainEntityOfPage":{"@id":"https:\/\/www.omsag.de\/proxy\/online-marketing-blog\/unternehmensnachrichten\/unsere-azubis-stellen-sich-vor-manuel-begeistert-von-der-top-ausstattung-in-der-berufsschule\/"},"wordCount":415,"commentCount":6,"publisher":{"@id":"https:\/\/www.omsag.de\/proxy\/#organization"},"keywords":["azubis","jobs","karriere","online marketing solutions ag"],"articleSection":["Unternehmensnachrichten"],"inLanguage":"de","potentialAction":[{"@type":"CommentAction","name":"Comment","target":["https:\/\/www.omsag.de\/proxy\/online-marketing-blog\/unternehmensnachrichten\/unsere-azubis-stellen-sich-vor-manuel-begeistert-von-der-top-ausstattung-in-der-berufsschule\/#respond"]}]},{"@type":"WebPage","@id":"https:\/\/www.omsag.de\/proxy\/online-marketing-blog\/unternehmensnachrichten\/unsere-azubis-stellen-sich-vor-manuel-begeistert-von-der-top-ausstattung-in-der-berufsschule\/","url":"https:\/\/www.omsag.de\/proxy\/online-marketing-blog\/unternehmensnachrichten\/unsere-azubis-stellen-sich-vor-manuel-begeistert-von-der-top-ausstattung-in-der-berufsschule\/","name":"OMSAG Azubis stellen sich vor: Manuel- begeistert von der Berufsschule","isPartOf":{"@id":"https:\/\/www.omsag.de\/proxy\/#website"},"datePublished":"2012-11-14T11:52:22+00:00","dateModified":"2018-11-20T13:44:01+00:00","description":"Unser Azubi stellt sich vor: Manuel, Auszubildender vermittelt seinem ersten Eindruck von der OMSAG, der Berufsschule und dessen Ausstattung.","breadcrumb":{"@id":"https:\/\/www.omsag.de\/proxy\/online-marketing-blog\/unternehmensnachrichten\/unsere-azubis-stellen-sich-vor-manuel-begeistert-von-der-top-ausstattung-in-der-berufsschule\/#breadcrumb"},"inLanguage":"de","potentialAction":[{"@type":"ReadAction","target":["https:\/\/www.omsag.de\/proxy\/online-marketing-blog\/unternehmensnachrichten\/unsere-azubis-stellen-sich-vor-manuel-begeistert-von-der-top-ausstattung-in-der-berufsschule\/"]}]},{"@type":"BreadcrumbList","@id":"https:\/\/www.omsag.de\/proxy\/online-marketing-blog\/unternehmensnachrichten\/unsere-azubis-stellen-sich-vor-manuel-begeistert-von-der-top-ausstattung-in-der-berufsschule\/#breadcrumb","itemListElement":[{"@type":"ListItem","position":1,"name":"Startseite","item":"https:\/\/www.omsag.de\/proxy\/"},{"@type":"ListItem","position":2,"name":"Unternehmensnachrichten","item":"https:\/\/www.omsag.de\/proxy\/online-marketing-blog\/unternehmensnachrichten\/"},{"@type":"ListItem","position":3,"name":"Unsere Azubis stellen sich vor: Manuel &#8211; begeistert von der Top-Ausstattung in der Berufsschule"}]},{"@type":"WebSite","@id":"https:\/\/www.omsag.de\/proxy\/#website","url":"https:\/\/www.omsag.de\/proxy\/","name":"Online Marketing & Suchmaschinenmarketing Agentur OMSAG","description":"","publisher":{"@id":"https:\/\/www.omsag.de\/proxy\/#organization"},"potentialAction":[{"@type":"SearchAction","target":{"@type":"EntryPoint","urlTemplate":"https:\/\/www.omsag.de\/proxy\/?s={search_term_string}"},"query-input":"required name=search_term_string"}],"inLanguage":"de"},{"@type":"Organization","@id":"https:\/\/www.omsag.de\/proxy\/#organization","name":"OMSAG","url":"https:\/\/www.omsag.de\/proxy\/","logo":{"@type":"ImageObject","inLanguage":"de","@id":"https:\/\/www.omsag.de\/proxy\/#\/schema\/logo\/image\/","url":"https:\/\/www.omsag.de\/proxy\/wp-content\/uploads\/2020\/08\/oms-logo-1.jpg","contentUrl":"https:\/\/www.omsag.de\/proxy\/wp-content\/uploads\/2020\/08\/oms-logo-1.jpg","width":500,"height":148,"caption":"OMSAG"},"image":{"@id":"https:\/\/www.omsag.de\/proxy\/#\/schema\/logo\/image\/"},"sameAs":["https:\/\/www.facebook.com\/Online.Marketing.Solutions.AG","https:\/\/www.instagram.com\/omsag\/","https:\/\/de.linkedin.com\/company\/online-marketing-solutions-ag"]},{"@type":"Person","@id":"https:\/\/www.omsag.de\/proxy\/#\/schema\/person\/4880afb186467231d205297f370dd2ce","name":"Manuel","description":"Manuel ist im IT-Projektmanagement bei der OMSAG t\u00e4tig. Seit einigen Jahren besch\u00e4ftige er sich mit der Gestaltung, Umsetzung und Optimierung von Websites. Seitdem hat er bereits an vielen anspruchsvollen Projekten selbstst\u00e4ndig und im Team gearbeitet. Manuel bloggt gerne \u00fcber Design-Themen, da er sich bei der t\u00e4glichen Arbeit und in der Freizeit damit auseinandersetzt.","url":"https:\/\/www.omsag.de\/proxy\/online-marketing-blog\/author\/manuel\/"}]}},"_links":{"self":[{"href":"https:\/\/www.omsag.de\/proxy\/wp-json\/wp\/v2\/posts\/2524"}],"collection":[{"href":"https:\/\/www.omsag.de\/proxy\/wp-json\/wp\/v2\/posts"}],"about":[{"href":"https:\/\/www.omsag.de\/proxy\/wp-json\/wp\/v2\/types\/post"}],"author":[{"embeddable":true,"href":"https:\/\/www.omsag.de\/proxy\/wp-json\/wp\/v2\/users\/2"}],"replies":[{"embeddable":true,"href":"https:\/\/www.omsag.de\/proxy\/wp-json\/wp\/v2\/comments?post=2524"}],"version-history":[{"count":0,"href":"https:\/\/www.omsag.de\/proxy\/wp-json\/wp\/v2\/posts\/2524\/revisions"}],"wp:attachment":[{"href":"https:\/\/www.omsag.de\/proxy\/wp-json\/wp\/v2\/media?parent=2524"}],"wp:term":[{"taxonomy":"category","embeddable":true,"href":"https:\/\/www.omsag.de\/proxy\/wp-json\/wp\/v2\/categories?post=2524"},{"taxonomy":"post_tag","embeddable":true,"href":"https:\/\/www.omsag.de\/proxy\/wp-json\/wp\/v2\/tags?post=2524"}],"curies":[{"name":"wp","href":"https:\/\/api.w.org\/{rel}","templated":true}]}}