{"id":2461,"date":"2012-09-25T15:48:24","date_gmt":"2012-09-25T13:48:24","guid":{"rendered":"https:\/\/www.omsag.de\/blog\/?p=2461"},"modified":"2019-01-16T11:58:09","modified_gmt":"2019-01-16T10:58:09","slug":"interview-fabian-rossbacher-uber-den-seo-day-in-koln","status":"publish","type":"post","link":"https:\/\/www.omsag.de\/proxy\/online-marketing-blog\/seo\/interview-fabian-rossbacher-uber-den-seo-day-in-koln\/","title":{"rendered":"Interview: Fabian Rossbacher \u00fcber den SEO DAY in K\u00f6ln"},"content":{"rendered":"<p>Ich freue mich, heute einen Gast auf unserem Blog begr\u00fc\u00dfen zu d\u00fcrfen. F\u00fcr unsere Blog-Leser habe ich n\u00e4mlich <strong>Fabian Rossbacher<\/strong> ein paar Fragen gestellt. Viel Spa\u00df beim lesen!<\/p>\n<p style=\"text-align: justify;\">Hallo Fabian, herzlich willkommen auf dem Blog der OMSAG! Du bist in der deutschen Szene als Seoprogrammierer bekannt und einer der Verfechter einer technischen Herangehensweise an die Suchmaschinenoptimierung. Zudem engagierst Du dich bei zahlreichen Projekten &#8211; unter anderem bist du einer der Veranstalter der K\u00f6lner Online Marketing-Konferenz SEO Day.<\/p>\n<p><!--more--><\/p>\n<h2 style=\"text-align: justify;\">Damit sich unsere Leser eine Vorstellung davon machen k\u00f6nnen, was der SEO Day ist\u2026<\/h2>\n<p style=\"text-align: justify;\"><span style=\"color: #99cc00;\">Wie bist du auf die Idee gekommen, eine SEO-Konferenz auf die Beine zu stellen?<\/span><\/p>\n<p style=\"text-align: justify;\">Hallo Blanka, vielen Dank f\u00fcr die M\u00f6glichkeit dieses Interviews mit Dir. Und nun zur ersten Antwort. Chris [Anm. d.R.: Christian Weis] und ich hatten uns zum Mittag verabredet und \u00fcber diverse Themen gesprochen. Dies war im April 2011. Irgendwie sind wir auf meine SEO Stammtische in D\u00fcsseldorf und K\u00f6ln zu sprechen gekommen. Zu dem Zeitpunkt habe ich die Stammtische bereits 3 Jahre organisiert und schon mehrfach mit dem Gedanken gespielt, eine Konferenz zu veranstalten. Chris war der fehlende Part und hat die Idee direkt aufgegriffen. Noch am selben Tag kam mir die Idee, die Veranstaltung SEO DAY zu nennen. Einen Tag sp\u00e4ter haben wir uns getroffen und alles geplant.<\/p>\n<p style=\"text-align: justify;\"><span style=\"color: #99cc00;\">Was unterscheidet den SEO Day von anderen SEO-\/Online Marketing-Veranstaltungen?<\/span><\/p>\n<p style=\"text-align: justify;\">Das Wichtigste ist nat\u00fcrlich, dass die Veranstaltung in unserem geliebten K\u00f6ln stattfindet. Neben der SEO Campixx und seokomm haben wir keine SEO-Only events die im Mainstream angekommen sind. Dank des SEO DAY treffen sich einmal im Jahr alle in K\u00f6ln und das ist einzigartig. Dar\u00fcber hinaus wollte ich kein reines Szene-Event sondern die Szene mit den non-SEO&#8217;s mischen. Dies bedeutet nat\u00fcrlich nicht, dass wir uns vom SEO Thema wegbewegen. Wir mischen lediglich die Experten mit den Einsteigern in der Szene. Dieses Konzept hat sich vor allem f\u00fcr die SEO Companies bew\u00e4hrt. Letztes Jahr sind haufenweise Auftr\u00e4ge und Kunden \u00fcber die SEO DAY-Theke gegangen. Dies soll auch so sein. Ich sehe den SEO DAY vor allem als Wissensplattform und die M\u00f6glichkeit sich auszutauschen.<\/p>\n<p style=\"text-align: justify;\"><span style=\"color: #99cc00;\">Welche Zielgruppe m\u00f6chtet Ihr beim SEO Day schwerpunktm\u00e4\u00dfig ansprechen?<\/span><\/p>\n<p style=\"text-align: justify;\">Auf der einen Seite nat\u00fcrlich die Experten und Highskiller der Szene. Aber auch die Einsteiger und Newcomer. \u00a0Vor allem habe ich es mir zur Aufgabe gemacht, jedes Jahr 5 neue Speaker, welche vorher noch nie gesprochen haben, vorstellen.<\/p>\n<p style=\"text-align: justify;\"><span style=\"color: #99cc00;\">Gibt es dieses Jahr Verbesserungen, auf die sich SEO Day Besucher von letztem Jahr freuen k\u00f6nnen?<\/span><\/p>\n<p style=\"text-align: justify;\">Selbstverst\u00e4ndlich! Die Panels werden dieses Jahr mit dem Flag &#8222;Anf\u00e4nger&#8220;, &#8222;Fortgeschritten&#8220;, &#8222;Expert&#8220; gekennzeichnet. Somit hat man die M\u00f6glichkeit, genau das Level an Vortr\u00e4gen abzuholen, welches man sich w\u00fcnscht. Die Party wird dieses Jahr ab 2 Uhr in einer Disco auf den Ringen weitergehen. Letztes Jahr sind wir zwar auch schon weiter gezogen, aber dieses Jahr ist alles organisiert.<\/p>\n<h2 style=\"text-align: justify;\">Was ich dich als bekannten SEO-Experten schon immer mal fragen wollte\u2026<\/h2>\n<p style=\"text-align: justify;\"><span style=\"color: #99cc00;\">Was w\u00e4re dein Traum-SEO-Kunde?<\/span><\/p>\n<p style=\"text-align: justify;\">Schwer zu sagen, da ich selbst keine Kunden handle und nur eigene Projekte mache. Ein &#8222;Traum-SEO-Kunde&#8220; w\u00e4re f\u00fcr mich jemand, der die Materie richtig versteht und zusammen mit mir nach neuen Erkenntnissen forscht. Ich habe in meinem Netzwerk einige Menschen, mit denen ich mich h\u00e4ufig und intensiv austausche. Wenn daf\u00fcr auch noch Geld flie\u00dft w\u00e4re es gut, aber ich w\u00fcrde es auch umsonst tun.<\/p>\n<p style=\"text-align: justify;\"><span style=\"color: #99cc00;\">Du bezeichnest dich als seos\u00fcchtig. Was schickt dich so richtig drauf \u2013 onsite oder offsite?<\/span><\/p>\n<p style=\"text-align: justify;\">Mich begeistern vor allem au\u00dfergew\u00f6hnliche Erkenntnisse wie zum Beispiel der Blackhat-Beweis von vor 4 Wochen oder die Ideen von Martin Mi\u00dffeld oder Karl Kratz. Alles was ich noch nicht wei\u00df, macht mich neugierig. Ich bin ein Forscher und muss immer das Neuste sehen und verstehen.<\/p>\n<p style=\"text-align: justify;\"><span style=\"color: #99cc00;\">Wenn man ein Web-Projekt startet, was sind die ersten SEO-Schritte, mit denen man deiner Meinung nach starten sollte?<\/span><\/p>\n<p style=\"text-align: justify;\">WordPress mit yoast-plugin und ordentlichem permalinks. Dann pro Tag 3 gute Inhalte und 10 gute Links pro Monat. Die Inhalte sch\u00f6n \u00fcber Social-Media verteilen und zur\u00fcck lehnen \ud83d\ude42<\/p>\n<p style=\"text-align: justify;\"><span style=\"color: #99cc00;\">Gab es deiner Meinung nach dieses Jahr tats\u00e4chlich ein Google-Update, dass als einschneidendes Ereignis in die SEO-Welt eingehen wird, oder ist es wie immer nur die \u00fcbliche Show und SEO wird wie eh und je weiterleben?<\/span><\/p>\n<p style=\"text-align: justify;\">Panda hat meiner Meinung nach die gr\u00f6\u00dfte Auswirkung die ich in den letzten 3 Jahren erlebt habe. Links sind nach wie vor trotzdem alles. Du musst halt dort kaufen, tauschen und \u00fcberreden, wo der Rest der Szene nicht einkauft. Die Show geht also weiter, aber die gro\u00dfen Linknetze da drau\u00dfen sind zum Tode verurteilt.<\/p>\n<p style=\"text-align: justify;\"><span style=\"color: #99cc00;\">Wird sich die Frage, ob Social Signals f\u00fcr das Ranking relevant sind und wenn ja in welchem Ma\u00dfe, jemals endg\u00fcltig kl\u00e4ren lassen?<\/span><\/p>\n<p style=\"text-align: justify;\">Das key &#8222;seo blackhat&#8220; hat durch Tweets und Shares vor knapp 4 Wochen Platz 5 erobert. Dies ist beachtlich, da unsere domain f\u00fcr kein anderes non-brand keyword rankt. Ich denke es gibt social-signals aber sie m\u00fcssen von guten Profilen kommen. Wenn ich w\u00e4hlen k\u00f6nnte zwischen 10 guten Links und 10 guten Shares w\u00fcrde ich die Links nehmen.<\/p>\n<p style=\"text-align: justify;\"><span style=\"color: #99cc00;\">Ok, und das Beste kommt zu Letzt: Was ist deine ultimative SEO-Geheimwaffe \ud83d\ude09 ?<\/span><\/p>\n<p style=\"text-align: justify;\">Meine Kontakte. Die besten Links bekomme ich \u00fcber mein Netzwerk und auf Partys. Letzten Mittwoch auf der SEO DAY\/OS Party habe ich zum Beispiel den Kontakt zu einer neuen Quelle erhalten. Ohne meine Kontakte h\u00e4tte ich diesen exklusiven Deal wohl niemals gefixed.<\/p>\n<h2 style=\"text-align: justify;\">Vielen lieben Dank f\u00fcr das interessante Interview!<\/h2>\n<p>Und falls jemand nun auf den Geschmack gekommen ist und sich den SEO Day einmal live und vor Ort anschauen m\u00f6chte, kann sich hier ganz schnell noch eine Eintrittskarte sichern: http:\/\/www.seo-day.de\/tickets<\/p>\n<address style=\"text-align: justify;\">Die Fragen wurden gestellt von Blanka<\/address>\n<address style=\"text-align: justify;\">\u00a0<\/address>\n<h2 style=\"text-align: justify;\">Nachtrag: SEO-DAY veranstaltet einen SEO Contest &#8211; wir machen mit!<\/h2>\n<p>Es geht bei dem Contest darum, dass Keyword &#8222;megaabstauberseo&#8220; innerhalb der 14 Tage bis zum SEO-DAY m\u00f6glichst auf Seite 1 und Platz 1 bei google zu platzieren. Dazu sind alle Mittel recht. Wir gehen den klassischen Weg \u00fcber Content und Verlinkungen. M\u00f6ge der Beste gewinnen!<\/p>\n<p>Hier geht&#8217;s zu unserem MegaAbstauberSEO.<\/p>\n","protected":false},"excerpt":{"rendered":"<p>Ich freue mich, heute einen Gast auf unserem Blog begr\u00fc\u00dfen zu d\u00fcrfen. F\u00fcr unsere Blog-Leser habe ich n\u00e4mlich Fabian Rossbacher ein paar Fragen gestellt. Viel Spa\u00df beim lesen! Hallo Fabian, herzlich willkommen auf dem Blog der OMSAG! Du bist in der deutschen Szene als Seoprogrammierer bekannt und einer der Verfechter einer technischen Herangehensweise an die [&hellip;]<\/p>\n","protected":false},"author":4,"featured_media":0,"comment_status":"open","ping_status":"closed","sticky":false,"template":"","format":"standard","meta":{"content-type":"","footnotes":""},"categories":[155,1],"tags":[112,144],"yoast_head":"<!-- This site is optimized with the Yoast SEO plugin v22.8 - https:\/\/yoast.com\/wordpress\/plugins\/seo\/ -->\n<title>Was ich dich als bekannten SEO-Experten schon immer mal fragen wollte<\/title>\n<meta name=\"description\" content=\"Interview - Heute f\u00fchren wir ein Interview mit Fabian Rossbacher, einer bekannten Gr\u00f6\u00dfe im SEO-Bereich zum SEO Day 2012 in K\u00f6ln.\" \/>\n<meta name=\"robots\" content=\"index, follow, max-snippet:-1, max-image-preview:large, max-video-preview:-1\" \/>\n<link rel=\"canonical\" href=\"https:\/\/www.omsag.de\/proxy\/online-marketing-blog\/seo\/interview-fabian-rossbacher-uber-den-seo-day-in-koln\/\" \/>\n<meta property=\"og:locale\" content=\"de_DE\" \/>\n<meta property=\"og:type\" content=\"article\" \/>\n<meta property=\"og:title\" content=\"Was ich dich als bekannten SEO-Experten schon immer mal fragen wollte\" \/>\n<meta property=\"og:description\" content=\"Interview - Heute f\u00fchren wir ein Interview mit Fabian Rossbacher, einer bekannten Gr\u00f6\u00dfe im SEO-Bereich zum SEO Day 2012 in K\u00f6ln.\" \/>\n<meta property=\"og:url\" content=\"https:\/\/www.omsag.de\/proxy\/online-marketing-blog\/seo\/interview-fabian-rossbacher-uber-den-seo-day-in-koln\/\" \/>\n<meta property=\"og:site_name\" content=\"Online Marketing &amp; Suchmaschinenmarketing Agentur OMSAG\" \/>\n<meta property=\"article:publisher\" content=\"https:\/\/www.facebook.com\/Online.Marketing.Solutions.AG\" \/>\n<meta property=\"article:published_time\" content=\"2012-09-25T13:48:24+00:00\" \/>\n<meta property=\"article:modified_time\" content=\"2019-01-16T10:58:09+00:00\" \/>\n<meta name=\"author\" content=\"Blogredaktion\" \/>\n<meta name=\"twitter:card\" content=\"summary_large_image\" \/>\n<meta name=\"twitter:label1\" content=\"Verfasst von\" \/>\n\t<meta name=\"twitter:data1\" content=\"Blogredaktion\" \/>\n\t<meta name=\"twitter:label2\" content=\"Gesch\u00e4tzte Lesezeit\" \/>\n\t<meta name=\"twitter:data2\" content=\"5\u00a0Minuten\" \/>\n<script type=\"application\/ld+json\" class=\"yoast-schema-graph\">{\"@context\":\"https:\/\/schema.org\",\"@graph\":[{\"@type\":\"Article\",\"@id\":\"https:\/\/www.omsag.de\/proxy\/online-marketing-blog\/seo\/interview-fabian-rossbacher-uber-den-seo-day-in-koln\/#article\",\"isPartOf\":{\"@id\":\"https:\/\/www.omsag.de\/proxy\/online-marketing-blog\/seo\/interview-fabian-rossbacher-uber-den-seo-day-in-koln\/\"},\"author\":{\"name\":\"Blogredaktion\",\"@id\":\"https:\/\/www.omsag.de\/proxy\/#\/schema\/person\/8dcdf1052bc5e4a5e82b494f96fba999\"},\"headline\":\"Interview: Fabian Rossbacher \u00fcber den SEO DAY in K\u00f6ln\",\"datePublished\":\"2012-09-25T13:48:24+00:00\",\"dateModified\":\"2019-01-16T10:58:09+00:00\",\"mainEntityOfPage\":{\"@id\":\"https:\/\/www.omsag.de\/proxy\/online-marketing-blog\/seo\/interview-fabian-rossbacher-uber-den-seo-day-in-koln\/\"},\"wordCount\":1042,\"commentCount\":3,\"publisher\":{\"@id\":\"https:\/\/www.omsag.de\/proxy\/#organization\"},\"keywords\":[\"interview\",\"seo\"],\"articleSection\":[\"Digi-Trends\",\"SEO\"],\"inLanguage\":\"de\",\"potentialAction\":[{\"@type\":\"CommentAction\",\"name\":\"Comment\",\"target\":[\"https:\/\/www.omsag.de\/proxy\/online-marketing-blog\/seo\/interview-fabian-rossbacher-uber-den-seo-day-in-koln\/#respond\"]}]},{\"@type\":\"WebPage\",\"@id\":\"https:\/\/www.omsag.de\/proxy\/online-marketing-blog\/seo\/interview-fabian-rossbacher-uber-den-seo-day-in-koln\/\",\"url\":\"https:\/\/www.omsag.de\/proxy\/online-marketing-blog\/seo\/interview-fabian-rossbacher-uber-den-seo-day-in-koln\/\",\"name\":\"Was ich dich als bekannten SEO-Experten schon immer mal fragen wollte\",\"isPartOf\":{\"@id\":\"https:\/\/www.omsag.de\/proxy\/#website\"},\"datePublished\":\"2012-09-25T13:48:24+00:00\",\"dateModified\":\"2019-01-16T10:58:09+00:00\",\"description\":\"Interview - Heute f\u00fchren wir ein Interview mit Fabian Rossbacher, einer bekannten Gr\u00f6\u00dfe im SEO-Bereich zum SEO Day 2012 in K\u00f6ln.\",\"breadcrumb\":{\"@id\":\"https:\/\/www.omsag.de\/proxy\/online-marketing-blog\/seo\/interview-fabian-rossbacher-uber-den-seo-day-in-koln\/#breadcrumb\"},\"inLanguage\":\"de\",\"potentialAction\":[{\"@type\":\"ReadAction\",\"target\":[\"https:\/\/www.omsag.de\/proxy\/online-marketing-blog\/seo\/interview-fabian-rossbacher-uber-den-seo-day-in-koln\/\"]}]},{\"@type\":\"BreadcrumbList\",\"@id\":\"https:\/\/www.omsag.de\/proxy\/online-marketing-blog\/seo\/interview-fabian-rossbacher-uber-den-seo-day-in-koln\/#breadcrumb\",\"itemListElement\":[{\"@type\":\"ListItem\",\"position\":1,\"name\":\"Startseite\",\"item\":\"https:\/\/www.omsag.de\/proxy\/\"},{\"@type\":\"ListItem\",\"position\":2,\"name\":\"Digi-Trends\",\"item\":\"https:\/\/www.omsag.de\/proxy\/online-marketing-blog\/digi-trends\/\"},{\"@type\":\"ListItem\",\"position\":3,\"name\":\"Interview: Fabian Rossbacher \u00fcber den SEO DAY in K\u00f6ln\"}]},{\"@type\":\"WebSite\",\"@id\":\"https:\/\/www.omsag.de\/proxy\/#website\",\"url\":\"https:\/\/www.omsag.de\/proxy\/\",\"name\":\"Online Marketing & Suchmaschinenmarketing Agentur OMSAG\",\"description\":\"\",\"publisher\":{\"@id\":\"https:\/\/www.omsag.de\/proxy\/#organization\"},\"potentialAction\":[{\"@type\":\"SearchAction\",\"target\":{\"@type\":\"EntryPoint\",\"urlTemplate\":\"https:\/\/www.omsag.de\/proxy\/?s={search_term_string}\"},\"query-input\":\"required name=search_term_string\"}],\"inLanguage\":\"de\"},{\"@type\":\"Organization\",\"@id\":\"https:\/\/www.omsag.de\/proxy\/#organization\",\"name\":\"OMSAG\",\"url\":\"https:\/\/www.omsag.de\/proxy\/\",\"logo\":{\"@type\":\"ImageObject\",\"inLanguage\":\"de\",\"@id\":\"https:\/\/www.omsag.de\/proxy\/#\/schema\/logo\/image\/\",\"url\":\"https:\/\/www.omsag.de\/proxy\/wp-content\/uploads\/2020\/08\/oms-logo-1.jpg\",\"contentUrl\":\"https:\/\/www.omsag.de\/proxy\/wp-content\/uploads\/2020\/08\/oms-logo-1.jpg\",\"width\":500,\"height\":148,\"caption\":\"OMSAG\"},\"image\":{\"@id\":\"https:\/\/www.omsag.de\/proxy\/#\/schema\/logo\/image\/\"},\"sameAs\":[\"https:\/\/www.facebook.com\/Online.Marketing.Solutions.AG\",\"https:\/\/www.instagram.com\/omsag\/\",\"https:\/\/de.linkedin.com\/company\/online-marketing-solutions-ag\"]},{\"@type\":\"Person\",\"@id\":\"https:\/\/www.omsag.de\/proxy\/#\/schema\/person\/8dcdf1052bc5e4a5e82b494f96fba999\",\"name\":\"Blogredaktion\",\"description\":\"Unter \u201eBlogredaktion\u201c werden Fachbeitr\u00e4ge verschiedener Experten aus dem Unternehmen ohne Autorenkennzeichnung publiziert. Ihr habt Fragen oder Anregungen zu einem speziellen Beitrag? Kein Problem, die Blogredaktion steht euch daf\u00fcr gerne hier zur Verf\u00fcgung.\",\"sameAs\":[\"https:\/\/www.omsag.de\"],\"url\":\"https:\/\/www.omsag.de\/proxy\/online-marketing-blog\/author\/blogredaktion\/\"}]}<\/script>\n<!-- \/ Yoast SEO plugin. -->","yoast_head_json":{"title":"Was ich dich als bekannten SEO-Experten schon immer mal fragen wollte","description":"Interview - Heute f\u00fchren wir ein Interview mit Fabian Rossbacher, einer bekannten Gr\u00f6\u00dfe im SEO-Bereich zum SEO Day 2012 in K\u00f6ln.","robots":{"index":"index","follow":"follow","max-snippet":"max-snippet:-1","max-image-preview":"max-image-preview:large","max-video-preview":"max-video-preview:-1"},"canonical":"https:\/\/www.omsag.de\/proxy\/online-marketing-blog\/seo\/interview-fabian-rossbacher-uber-den-seo-day-in-koln\/","og_locale":"de_DE","og_type":"article","og_title":"Was ich dich als bekannten SEO-Experten schon immer mal fragen wollte","og_description":"Interview - Heute f\u00fchren wir ein Interview mit Fabian Rossbacher, einer bekannten Gr\u00f6\u00dfe im SEO-Bereich zum SEO Day 2012 in K\u00f6ln.","og_url":"https:\/\/www.omsag.de\/proxy\/online-marketing-blog\/seo\/interview-fabian-rossbacher-uber-den-seo-day-in-koln\/","og_site_name":"Online Marketing &amp; Suchmaschinenmarketing Agentur OMSAG","article_publisher":"https:\/\/www.facebook.com\/Online.Marketing.Solutions.AG","article_published_time":"2012-09-25T13:48:24+00:00","article_modified_time":"2019-01-16T10:58:09+00:00","author":"Blogredaktion","twitter_card":"summary_large_image","twitter_misc":{"Verfasst von":"Blogredaktion","Gesch\u00e4tzte Lesezeit":"5\u00a0Minuten"},"schema":{"@context":"https:\/\/schema.org","@graph":[{"@type":"Article","@id":"https:\/\/www.omsag.de\/proxy\/online-marketing-blog\/seo\/interview-fabian-rossbacher-uber-den-seo-day-in-koln\/#article","isPartOf":{"@id":"https:\/\/www.omsag.de\/proxy\/online-marketing-blog\/seo\/interview-fabian-rossbacher-uber-den-seo-day-in-koln\/"},"author":{"name":"Blogredaktion","@id":"https:\/\/www.omsag.de\/proxy\/#\/schema\/person\/8dcdf1052bc5e4a5e82b494f96fba999"},"headline":"Interview: Fabian Rossbacher \u00fcber den SEO DAY in K\u00f6ln","datePublished":"2012-09-25T13:48:24+00:00","dateModified":"2019-01-16T10:58:09+00:00","mainEntityOfPage":{"@id":"https:\/\/www.omsag.de\/proxy\/online-marketing-blog\/seo\/interview-fabian-rossbacher-uber-den-seo-day-in-koln\/"},"wordCount":1042,"commentCount":3,"publisher":{"@id":"https:\/\/www.omsag.de\/proxy\/#organization"},"keywords":["interview","seo"],"articleSection":["Digi-Trends","SEO"],"inLanguage":"de","potentialAction":[{"@type":"CommentAction","name":"Comment","target":["https:\/\/www.omsag.de\/proxy\/online-marketing-blog\/seo\/interview-fabian-rossbacher-uber-den-seo-day-in-koln\/#respond"]}]},{"@type":"WebPage","@id":"https:\/\/www.omsag.de\/proxy\/online-marketing-blog\/seo\/interview-fabian-rossbacher-uber-den-seo-day-in-koln\/","url":"https:\/\/www.omsag.de\/proxy\/online-marketing-blog\/seo\/interview-fabian-rossbacher-uber-den-seo-day-in-koln\/","name":"Was ich dich als bekannten SEO-Experten schon immer mal fragen wollte","isPartOf":{"@id":"https:\/\/www.omsag.de\/proxy\/#website"},"datePublished":"2012-09-25T13:48:24+00:00","dateModified":"2019-01-16T10:58:09+00:00","description":"Interview - Heute f\u00fchren wir ein Interview mit Fabian Rossbacher, einer bekannten Gr\u00f6\u00dfe im SEO-Bereich zum SEO Day 2012 in K\u00f6ln.","breadcrumb":{"@id":"https:\/\/www.omsag.de\/proxy\/online-marketing-blog\/seo\/interview-fabian-rossbacher-uber-den-seo-day-in-koln\/#breadcrumb"},"inLanguage":"de","potentialAction":[{"@type":"ReadAction","target":["https:\/\/www.omsag.de\/proxy\/online-marketing-blog\/seo\/interview-fabian-rossbacher-uber-den-seo-day-in-koln\/"]}]},{"@type":"BreadcrumbList","@id":"https:\/\/www.omsag.de\/proxy\/online-marketing-blog\/seo\/interview-fabian-rossbacher-uber-den-seo-day-in-koln\/#breadcrumb","itemListElement":[{"@type":"ListItem","position":1,"name":"Startseite","item":"https:\/\/www.omsag.de\/proxy\/"},{"@type":"ListItem","position":2,"name":"Digi-Trends","item":"https:\/\/www.omsag.de\/proxy\/online-marketing-blog\/digi-trends\/"},{"@type":"ListItem","position":3,"name":"Interview: Fabian Rossbacher \u00fcber den SEO DAY in K\u00f6ln"}]},{"@type":"WebSite","@id":"https:\/\/www.omsag.de\/proxy\/#website","url":"https:\/\/www.omsag.de\/proxy\/","name":"Online Marketing & Suchmaschinenmarketing Agentur OMSAG","description":"","publisher":{"@id":"https:\/\/www.omsag.de\/proxy\/#organization"},"potentialAction":[{"@type":"SearchAction","target":{"@type":"EntryPoint","urlTemplate":"https:\/\/www.omsag.de\/proxy\/?s={search_term_string}"},"query-input":"required name=search_term_string"}],"inLanguage":"de"},{"@type":"Organization","@id":"https:\/\/www.omsag.de\/proxy\/#organization","name":"OMSAG","url":"https:\/\/www.omsag.de\/proxy\/","logo":{"@type":"ImageObject","inLanguage":"de","@id":"https:\/\/www.omsag.de\/proxy\/#\/schema\/logo\/image\/","url":"https:\/\/www.omsag.de\/proxy\/wp-content\/uploads\/2020\/08\/oms-logo-1.jpg","contentUrl":"https:\/\/www.omsag.de\/proxy\/wp-content\/uploads\/2020\/08\/oms-logo-1.jpg","width":500,"height":148,"caption":"OMSAG"},"image":{"@id":"https:\/\/www.omsag.de\/proxy\/#\/schema\/logo\/image\/"},"sameAs":["https:\/\/www.facebook.com\/Online.Marketing.Solutions.AG","https:\/\/www.instagram.com\/omsag\/","https:\/\/de.linkedin.com\/company\/online-marketing-solutions-ag"]},{"@type":"Person","@id":"https:\/\/www.omsag.de\/proxy\/#\/schema\/person\/8dcdf1052bc5e4a5e82b494f96fba999","name":"Blogredaktion","description":"Unter \u201eBlogredaktion\u201c werden Fachbeitr\u00e4ge verschiedener Experten aus dem Unternehmen ohne Autorenkennzeichnung publiziert. Ihr habt Fragen oder Anregungen zu einem speziellen Beitrag? Kein Problem, die Blogredaktion steht euch daf\u00fcr gerne hier zur Verf\u00fcgung.","sameAs":["https:\/\/www.omsag.de"],"url":"https:\/\/www.omsag.de\/proxy\/online-marketing-blog\/author\/blogredaktion\/"}]}},"_links":{"self":[{"href":"https:\/\/www.omsag.de\/proxy\/wp-json\/wp\/v2\/posts\/2461"}],"collection":[{"href":"https:\/\/www.omsag.de\/proxy\/wp-json\/wp\/v2\/posts"}],"about":[{"href":"https:\/\/www.omsag.de\/proxy\/wp-json\/wp\/v2\/types\/post"}],"author":[{"embeddable":true,"href":"https:\/\/www.omsag.de\/proxy\/wp-json\/wp\/v2\/users\/4"}],"replies":[{"embeddable":true,"href":"https:\/\/www.omsag.de\/proxy\/wp-json\/wp\/v2\/comments?post=2461"}],"version-history":[{"count":0,"href":"https:\/\/www.omsag.de\/proxy\/wp-json\/wp\/v2\/posts\/2461\/revisions"}],"wp:attachment":[{"href":"https:\/\/www.omsag.de\/proxy\/wp-json\/wp\/v2\/media?parent=2461"}],"wp:term":[{"taxonomy":"category","embeddable":true,"href":"https:\/\/www.omsag.de\/proxy\/wp-json\/wp\/v2\/categories?post=2461"},{"taxonomy":"post_tag","embeddable":true,"href":"https:\/\/www.omsag.de\/proxy\/wp-json\/wp\/v2\/tags?post=2461"}],"curies":[{"name":"wp","href":"https:\/\/api.w.org\/{rel}","templated":true}]}}