{"id":2430,"date":"2012-08-24T09:22:39","date_gmt":"2012-08-24T07:22:39","guid":{"rendered":"https:\/\/www.omsag.de\/blog\/?p=2430"},"modified":"2018-11-20T14:48:59","modified_gmt":"2018-11-20T13:48:59","slug":"unsere-azubis-stellen-sich-vor-robert-der-kreative-kopf-in-der-runde","status":"publish","type":"post","link":"https:\/\/www.omsag.de\/proxy\/online-marketing-blog\/unternehmensnachrichten\/unsere-azubis-stellen-sich-vor-robert-der-kreative-kopf-in-der-runde\/","title":{"rendered":"Unsere Azubis stellen sich vor: Robert, der kreative Kopf in der Runde"},"content":{"rendered":"<p style=\"text-align: justify;\">Hallo treue Vasallen und Leser unseres sch\u00f6nen Online Marketing-Blogs. Als ein weiterer neuer Mediengestalter-Azubi w\u00fcrde ich mir mal gerne ein paar Zeilen in diesem Beitrag gestatten, um zu erz\u00e4hlen wer ich denn so bin und warum ich \u00fcberhaupt hier bin und wie denn mein erster Eindruck bisher ist.<\/p>\n<p><!--more--><\/p>\n<h2 style=\"text-align: justify;\">Alles hat damit angefangen, dass ich schon ziemlich fr\u00fch Interesse an Medien hatte, auch fr\u00fch den Umgang mit Photoshop gelernt habe und mich ziemlich fit darin f\u00fchle.<\/h2>\n<p style=\"text-align: justify;\">Aber das alleine reicht meiner Meinung nach noch nicht aus, deshalb kommt zum Gl\u00fcck noch hinzu, dass ich ein Technik-Nerd bin. Was also tun wenn man eine kreative- sowie eine nerdige Ader hat? Mir fiel da lediglich die Ausbildung zum Mediengestalter ein (wenn man sich denn auf Ausbildungsberufe beschr\u00e4nkt) also mal nachgeschlagen, wer bietet wo, was und zack! \u2013 <strong>die OMSAG<\/strong>. H\u00f6rt sich interessant an, also mal durchgelesen, was tun die Jungs und M\u00e4dels, denn da \u00fcberhaupt. Okay, aha, gelesen &#8211; klingt gut!<\/p>\n<p style=\"text-align: justify;\"><strong>Aber wieso gerade die OMSAG? Es gibt doch auch genug andere Stellen. Mag zwar stimmen, aber mir hat das Unternehmensprofil einfach ziemlich gut gefallen.<\/strong><\/p>\n<ul style=\"text-align: justify;\">\n<li>Ein junges und lockeres Team: Vor allem als recht junger Azubi ist es doch sehr angenehm in ein Team junger und kreativer Personen zu kommen, die sich mit dem Medium Internet besch\u00e4ftigen, zu welchem ich auch eine hohe Affinit\u00e4t habe und Spa\u00df daran habe.<\/li>\n<\/ul>\n<ul style=\"text-align: justify;\">\n<li>Schwerpunkt des Unternehmens im Online Marketing: Erfahrungen mit dem Thema SEO habe ich bereits durch nahe Bekannte sammeln k\u00f6nnen. Durch diverse Nebenjobs kam ich auch dem Thema E-Commerce n\u00e4her und erkannte, dass mich diese Themen interessierten.<\/li>\n<\/ul>\n<h2 style=\"text-align: justify;\">Beides sehr wichtige Punkte, die mich letztendlich dazu gebracht haben, mich f\u00fcr die OMSAG zu entscheiden!<\/h2>\n<p style=\"text-align: justify;\">Ich wurde auch echt nicht entt\u00e4uscht bez\u00fcglich meiner Erwartungshaltung. Angenehmes Arbeitsklima und dazu habe ich auch noch Spa\u00df an meinen Aufgaben \u2013 was will man denn mehr? \ud83d\ude42 Auch die Tatsache, dass ich nicht nur die typischen kreativen Mediengestalter-Aufgaben zugeteilt bekomme, sondern auch sehr viel von der technischen Seite der Umsetzung lernen kann, ist mir wichtig, denn das kann f\u00fcr meinen sp\u00e4teren Werdegang ja nur von Vorteil sein.<\/p>\n<h2 style=\"text-align: justify;\">Privat bin ich Hobbyfotograf und wie es sich f\u00fcr einen angehenden Mediengestalter geh\u00f6rt, auch jemand der sehr gerne gestaltet und kreiert. Pinsel, Bleistift, Zeichentablett. Alles meine Werkzeuge, die ich in meiner Freizeit auch sehr oft benutze.<\/h2>\n<p style=\"text-align: justify;\">Ich freue mich auf die Zeit hier bei der OMSAG und bin gespannt, wie es in den anderen Abteilungen sein wird und welche Aufgaben ich noch \u00fcbernehmen darf. Derzeit schaue ich den Kollegen im Key-Account Team \u00fcber die Schulter und arbeite an meinem ersten Azubi-Projekt, und zwar mein eigener Blog, den ich mit eigener Domain zur Verf\u00fcgung gestellt bekommen habe und an dem ich gelerntes anwenden kann und freie Hand habe und ggf. korrigiert werde. Eine wirklich gute und lehrreiche Arbeitsweise, wie ich finde, die durchaus Spa\u00df macht und selbstst\u00e4ndiges Arbeiten vermittelt.<\/p>\n<p style=\"text-align: justify;\">Das war\u2019s dann auch erst einmal von meiner Seite aus. Ich w\u00fcnsche den Lesern unseres Blogs weiterhin viel Spa\u00df und bestimmt wird es auch nicht das letzte Mal gewesen sein, dass Ihr von uns Azubis noch was lesen werdet. \ud83d\ude09<\/p>\n<p style=\"text-align: justify;\">Euer Robert<\/p>\n","protected":false},"excerpt":{"rendered":"<p>Hallo treue Vasallen und Leser unseres sch\u00f6nen Online Marketing-Blogs. Als ein weiterer neuer Mediengestalter-Azubi w\u00fcrde ich mir mal gerne ein paar Zeilen in diesem Beitrag gestatten, um zu erz\u00e4hlen wer ich denn so bin und warum ich \u00fcberhaupt hier bin und wie denn mein erster Eindruck bisher ist.<\/p>\n","protected":false},"author":4,"featured_media":0,"comment_status":"open","ping_status":"closed","sticky":false,"template":"","format":"standard","meta":{"content-type":"","footnotes":""},"categories":[39],"tags":[],"yoast_head":"<!-- This site is optimized with the Yoast SEO plugin v22.8 - https:\/\/yoast.com\/wordpress\/plugins\/seo\/ -->\n<title>OMSAG Azubis stellen sich vor: Robert, der kreative Kopf in der Runde<\/title>\n<meta name=\"description\" content=\"Die OMSAG Azubis stellen sich vor - Robert, der kreative Kopf berichtet uns von seinen seiner Leidenschaft f\u00fcr die Gestaltung.\" \/>\n<meta name=\"robots\" content=\"index, follow, max-snippet:-1, max-image-preview:large, max-video-preview:-1\" \/>\n<link rel=\"canonical\" href=\"https:\/\/www.omsag.de\/proxy\/online-marketing-blog\/unternehmensnachrichten\/unsere-azubis-stellen-sich-vor-robert-der-kreative-kopf-in-der-runde\/\" \/>\n<meta property=\"og:locale\" content=\"de_DE\" \/>\n<meta property=\"og:type\" content=\"article\" \/>\n<meta property=\"og:title\" content=\"OMSAG Azubis stellen sich vor: Robert, der kreative Kopf in der Runde\" \/>\n<meta property=\"og:description\" content=\"Die OMSAG Azubis stellen sich vor - Robert, der kreative Kopf berichtet uns von seinen seiner Leidenschaft f\u00fcr die Gestaltung.\" \/>\n<meta property=\"og:url\" content=\"https:\/\/www.omsag.de\/proxy\/online-marketing-blog\/unternehmensnachrichten\/unsere-azubis-stellen-sich-vor-robert-der-kreative-kopf-in-der-runde\/\" \/>\n<meta property=\"og:site_name\" content=\"Online Marketing &amp; Suchmaschinenmarketing Agentur OMSAG\" \/>\n<meta property=\"article:publisher\" content=\"https:\/\/www.facebook.com\/Online.Marketing.Solutions.AG\" \/>\n<meta property=\"article:published_time\" content=\"2012-08-24T07:22:39+00:00\" \/>\n<meta property=\"article:modified_time\" content=\"2018-11-20T13:48:59+00:00\" \/>\n<meta name=\"author\" content=\"Blogredaktion\" \/>\n<meta name=\"twitter:card\" content=\"summary_large_image\" \/>\n<meta name=\"twitter:label1\" content=\"Verfasst von\" \/>\n\t<meta name=\"twitter:data1\" content=\"Blogredaktion\" \/>\n\t<meta name=\"twitter:label2\" content=\"Gesch\u00e4tzte Lesezeit\" \/>\n\t<meta name=\"twitter:data2\" content=\"3\u00a0Minuten\" \/>\n<script type=\"application\/ld+json\" class=\"yoast-schema-graph\">{\"@context\":\"https:\/\/schema.org\",\"@graph\":[{\"@type\":\"Article\",\"@id\":\"https:\/\/www.omsag.de\/proxy\/online-marketing-blog\/unternehmensnachrichten\/unsere-azubis-stellen-sich-vor-robert-der-kreative-kopf-in-der-runde\/#article\",\"isPartOf\":{\"@id\":\"https:\/\/www.omsag.de\/proxy\/online-marketing-blog\/unternehmensnachrichten\/unsere-azubis-stellen-sich-vor-robert-der-kreative-kopf-in-der-runde\/\"},\"author\":{\"name\":\"Blogredaktion\",\"@id\":\"https:\/\/www.omsag.de\/proxy\/#\/schema\/person\/8dcdf1052bc5e4a5e82b494f96fba999\"},\"headline\":\"Unsere Azubis stellen sich vor: Robert, der kreative Kopf in der Runde\",\"datePublished\":\"2012-08-24T07:22:39+00:00\",\"dateModified\":\"2018-11-20T13:48:59+00:00\",\"mainEntityOfPage\":{\"@id\":\"https:\/\/www.omsag.de\/proxy\/online-marketing-blog\/unternehmensnachrichten\/unsere-azubis-stellen-sich-vor-robert-der-kreative-kopf-in-der-runde\/\"},\"wordCount\":549,\"commentCount\":4,\"publisher\":{\"@id\":\"https:\/\/www.omsag.de\/proxy\/#organization\"},\"articleSection\":[\"Unternehmensnachrichten\"],\"inLanguage\":\"de\",\"potentialAction\":[{\"@type\":\"CommentAction\",\"name\":\"Comment\",\"target\":[\"https:\/\/www.omsag.de\/proxy\/online-marketing-blog\/unternehmensnachrichten\/unsere-azubis-stellen-sich-vor-robert-der-kreative-kopf-in-der-runde\/#respond\"]}]},{\"@type\":\"WebPage\",\"@id\":\"https:\/\/www.omsag.de\/proxy\/online-marketing-blog\/unternehmensnachrichten\/unsere-azubis-stellen-sich-vor-robert-der-kreative-kopf-in-der-runde\/\",\"url\":\"https:\/\/www.omsag.de\/proxy\/online-marketing-blog\/unternehmensnachrichten\/unsere-azubis-stellen-sich-vor-robert-der-kreative-kopf-in-der-runde\/\",\"name\":\"OMSAG Azubis stellen sich vor: Robert, der kreative Kopf in der Runde\",\"isPartOf\":{\"@id\":\"https:\/\/www.omsag.de\/proxy\/#website\"},\"datePublished\":\"2012-08-24T07:22:39+00:00\",\"dateModified\":\"2018-11-20T13:48:59+00:00\",\"description\":\"Die OMSAG Azubis stellen sich vor - Robert, der kreative Kopf berichtet uns von seinen seiner Leidenschaft f\u00fcr die Gestaltung.\",\"breadcrumb\":{\"@id\":\"https:\/\/www.omsag.de\/proxy\/online-marketing-blog\/unternehmensnachrichten\/unsere-azubis-stellen-sich-vor-robert-der-kreative-kopf-in-der-runde\/#breadcrumb\"},\"inLanguage\":\"de\",\"potentialAction\":[{\"@type\":\"ReadAction\",\"target\":[\"https:\/\/www.omsag.de\/proxy\/online-marketing-blog\/unternehmensnachrichten\/unsere-azubis-stellen-sich-vor-robert-der-kreative-kopf-in-der-runde\/\"]}]},{\"@type\":\"BreadcrumbList\",\"@id\":\"https:\/\/www.omsag.de\/proxy\/online-marketing-blog\/unternehmensnachrichten\/unsere-azubis-stellen-sich-vor-robert-der-kreative-kopf-in-der-runde\/#breadcrumb\",\"itemListElement\":[{\"@type\":\"ListItem\",\"position\":1,\"name\":\"Startseite\",\"item\":\"https:\/\/www.omsag.de\/proxy\/\"},{\"@type\":\"ListItem\",\"position\":2,\"name\":\"Unternehmensnachrichten\",\"item\":\"https:\/\/www.omsag.de\/proxy\/online-marketing-blog\/unternehmensnachrichten\/\"},{\"@type\":\"ListItem\",\"position\":3,\"name\":\"Unsere Azubis stellen sich vor: Robert, der kreative Kopf in der Runde\"}]},{\"@type\":\"WebSite\",\"@id\":\"https:\/\/www.omsag.de\/proxy\/#website\",\"url\":\"https:\/\/www.omsag.de\/proxy\/\",\"name\":\"Online Marketing & Suchmaschinenmarketing Agentur OMSAG\",\"description\":\"\",\"publisher\":{\"@id\":\"https:\/\/www.omsag.de\/proxy\/#organization\"},\"potentialAction\":[{\"@type\":\"SearchAction\",\"target\":{\"@type\":\"EntryPoint\",\"urlTemplate\":\"https:\/\/www.omsag.de\/proxy\/?s={search_term_string}\"},\"query-input\":\"required name=search_term_string\"}],\"inLanguage\":\"de\"},{\"@type\":\"Organization\",\"@id\":\"https:\/\/www.omsag.de\/proxy\/#organization\",\"name\":\"OMSAG\",\"url\":\"https:\/\/www.omsag.de\/proxy\/\",\"logo\":{\"@type\":\"ImageObject\",\"inLanguage\":\"de\",\"@id\":\"https:\/\/www.omsag.de\/proxy\/#\/schema\/logo\/image\/\",\"url\":\"https:\/\/www.omsag.de\/proxy\/wp-content\/uploads\/2020\/08\/oms-logo-1.jpg\",\"contentUrl\":\"https:\/\/www.omsag.de\/proxy\/wp-content\/uploads\/2020\/08\/oms-logo-1.jpg\",\"width\":500,\"height\":148,\"caption\":\"OMSAG\"},\"image\":{\"@id\":\"https:\/\/www.omsag.de\/proxy\/#\/schema\/logo\/image\/\"},\"sameAs\":[\"https:\/\/www.facebook.com\/Online.Marketing.Solutions.AG\",\"https:\/\/www.instagram.com\/omsag\/\",\"https:\/\/de.linkedin.com\/company\/online-marketing-solutions-ag\"]},{\"@type\":\"Person\",\"@id\":\"https:\/\/www.omsag.de\/proxy\/#\/schema\/person\/8dcdf1052bc5e4a5e82b494f96fba999\",\"name\":\"Blogredaktion\",\"description\":\"Unter \u201eBlogredaktion\u201c werden Fachbeitr\u00e4ge verschiedener Experten aus dem Unternehmen ohne Autorenkennzeichnung publiziert. Ihr habt Fragen oder Anregungen zu einem speziellen Beitrag? Kein Problem, die Blogredaktion steht euch daf\u00fcr gerne hier zur Verf\u00fcgung.\",\"sameAs\":[\"https:\/\/www.omsag.de\"],\"url\":\"https:\/\/www.omsag.de\/proxy\/online-marketing-blog\/author\/blogredaktion\/\"}]}<\/script>\n<!-- \/ Yoast SEO plugin. -->","yoast_head_json":{"title":"OMSAG Azubis stellen sich vor: Robert, der kreative Kopf in der Runde","description":"Die OMSAG Azubis stellen sich vor - Robert, der kreative Kopf berichtet uns von seinen seiner Leidenschaft f\u00fcr die Gestaltung.","robots":{"index":"index","follow":"follow","max-snippet":"max-snippet:-1","max-image-preview":"max-image-preview:large","max-video-preview":"max-video-preview:-1"},"canonical":"https:\/\/www.omsag.de\/proxy\/online-marketing-blog\/unternehmensnachrichten\/unsere-azubis-stellen-sich-vor-robert-der-kreative-kopf-in-der-runde\/","og_locale":"de_DE","og_type":"article","og_title":"OMSAG Azubis stellen sich vor: Robert, der kreative Kopf in der Runde","og_description":"Die OMSAG Azubis stellen sich vor - Robert, der kreative Kopf berichtet uns von seinen seiner Leidenschaft f\u00fcr die Gestaltung.","og_url":"https:\/\/www.omsag.de\/proxy\/online-marketing-blog\/unternehmensnachrichten\/unsere-azubis-stellen-sich-vor-robert-der-kreative-kopf-in-der-runde\/","og_site_name":"Online Marketing &amp; Suchmaschinenmarketing Agentur OMSAG","article_publisher":"https:\/\/www.facebook.com\/Online.Marketing.Solutions.AG","article_published_time":"2012-08-24T07:22:39+00:00","article_modified_time":"2018-11-20T13:48:59+00:00","author":"Blogredaktion","twitter_card":"summary_large_image","twitter_misc":{"Verfasst von":"Blogredaktion","Gesch\u00e4tzte Lesezeit":"3\u00a0Minuten"},"schema":{"@context":"https:\/\/schema.org","@graph":[{"@type":"Article","@id":"https:\/\/www.omsag.de\/proxy\/online-marketing-blog\/unternehmensnachrichten\/unsere-azubis-stellen-sich-vor-robert-der-kreative-kopf-in-der-runde\/#article","isPartOf":{"@id":"https:\/\/www.omsag.de\/proxy\/online-marketing-blog\/unternehmensnachrichten\/unsere-azubis-stellen-sich-vor-robert-der-kreative-kopf-in-der-runde\/"},"author":{"name":"Blogredaktion","@id":"https:\/\/www.omsag.de\/proxy\/#\/schema\/person\/8dcdf1052bc5e4a5e82b494f96fba999"},"headline":"Unsere Azubis stellen sich vor: Robert, der kreative Kopf in der Runde","datePublished":"2012-08-24T07:22:39+00:00","dateModified":"2018-11-20T13:48:59+00:00","mainEntityOfPage":{"@id":"https:\/\/www.omsag.de\/proxy\/online-marketing-blog\/unternehmensnachrichten\/unsere-azubis-stellen-sich-vor-robert-der-kreative-kopf-in-der-runde\/"},"wordCount":549,"commentCount":4,"publisher":{"@id":"https:\/\/www.omsag.de\/proxy\/#organization"},"articleSection":["Unternehmensnachrichten"],"inLanguage":"de","potentialAction":[{"@type":"CommentAction","name":"Comment","target":["https:\/\/www.omsag.de\/proxy\/online-marketing-blog\/unternehmensnachrichten\/unsere-azubis-stellen-sich-vor-robert-der-kreative-kopf-in-der-runde\/#respond"]}]},{"@type":"WebPage","@id":"https:\/\/www.omsag.de\/proxy\/online-marketing-blog\/unternehmensnachrichten\/unsere-azubis-stellen-sich-vor-robert-der-kreative-kopf-in-der-runde\/","url":"https:\/\/www.omsag.de\/proxy\/online-marketing-blog\/unternehmensnachrichten\/unsere-azubis-stellen-sich-vor-robert-der-kreative-kopf-in-der-runde\/","name":"OMSAG Azubis stellen sich vor: Robert, der kreative Kopf in der Runde","isPartOf":{"@id":"https:\/\/www.omsag.de\/proxy\/#website"},"datePublished":"2012-08-24T07:22:39+00:00","dateModified":"2018-11-20T13:48:59+00:00","description":"Die OMSAG Azubis stellen sich vor - Robert, der kreative Kopf berichtet uns von seinen seiner Leidenschaft f\u00fcr die Gestaltung.","breadcrumb":{"@id":"https:\/\/www.omsag.de\/proxy\/online-marketing-blog\/unternehmensnachrichten\/unsere-azubis-stellen-sich-vor-robert-der-kreative-kopf-in-der-runde\/#breadcrumb"},"inLanguage":"de","potentialAction":[{"@type":"ReadAction","target":["https:\/\/www.omsag.de\/proxy\/online-marketing-blog\/unternehmensnachrichten\/unsere-azubis-stellen-sich-vor-robert-der-kreative-kopf-in-der-runde\/"]}]},{"@type":"BreadcrumbList","@id":"https:\/\/www.omsag.de\/proxy\/online-marketing-blog\/unternehmensnachrichten\/unsere-azubis-stellen-sich-vor-robert-der-kreative-kopf-in-der-runde\/#breadcrumb","itemListElement":[{"@type":"ListItem","position":1,"name":"Startseite","item":"https:\/\/www.omsag.de\/proxy\/"},{"@type":"ListItem","position":2,"name":"Unternehmensnachrichten","item":"https:\/\/www.omsag.de\/proxy\/online-marketing-blog\/unternehmensnachrichten\/"},{"@type":"ListItem","position":3,"name":"Unsere Azubis stellen sich vor: Robert, der kreative Kopf in der Runde"}]},{"@type":"WebSite","@id":"https:\/\/www.omsag.de\/proxy\/#website","url":"https:\/\/www.omsag.de\/proxy\/","name":"Online Marketing & Suchmaschinenmarketing Agentur OMSAG","description":"","publisher":{"@id":"https:\/\/www.omsag.de\/proxy\/#organization"},"potentialAction":[{"@type":"SearchAction","target":{"@type":"EntryPoint","urlTemplate":"https:\/\/www.omsag.de\/proxy\/?s={search_term_string}"},"query-input":"required name=search_term_string"}],"inLanguage":"de"},{"@type":"Organization","@id":"https:\/\/www.omsag.de\/proxy\/#organization","name":"OMSAG","url":"https:\/\/www.omsag.de\/proxy\/","logo":{"@type":"ImageObject","inLanguage":"de","@id":"https:\/\/www.omsag.de\/proxy\/#\/schema\/logo\/image\/","url":"https:\/\/www.omsag.de\/proxy\/wp-content\/uploads\/2020\/08\/oms-logo-1.jpg","contentUrl":"https:\/\/www.omsag.de\/proxy\/wp-content\/uploads\/2020\/08\/oms-logo-1.jpg","width":500,"height":148,"caption":"OMSAG"},"image":{"@id":"https:\/\/www.omsag.de\/proxy\/#\/schema\/logo\/image\/"},"sameAs":["https:\/\/www.facebook.com\/Online.Marketing.Solutions.AG","https:\/\/www.instagram.com\/omsag\/","https:\/\/de.linkedin.com\/company\/online-marketing-solutions-ag"]},{"@type":"Person","@id":"https:\/\/www.omsag.de\/proxy\/#\/schema\/person\/8dcdf1052bc5e4a5e82b494f96fba999","name":"Blogredaktion","description":"Unter \u201eBlogredaktion\u201c werden Fachbeitr\u00e4ge verschiedener Experten aus dem Unternehmen ohne Autorenkennzeichnung publiziert. Ihr habt Fragen oder Anregungen zu einem speziellen Beitrag? Kein Problem, die Blogredaktion steht euch daf\u00fcr gerne hier zur Verf\u00fcgung.","sameAs":["https:\/\/www.omsag.de"],"url":"https:\/\/www.omsag.de\/proxy\/online-marketing-blog\/author\/blogredaktion\/"}]}},"_links":{"self":[{"href":"https:\/\/www.omsag.de\/proxy\/wp-json\/wp\/v2\/posts\/2430"}],"collection":[{"href":"https:\/\/www.omsag.de\/proxy\/wp-json\/wp\/v2\/posts"}],"about":[{"href":"https:\/\/www.omsag.de\/proxy\/wp-json\/wp\/v2\/types\/post"}],"author":[{"embeddable":true,"href":"https:\/\/www.omsag.de\/proxy\/wp-json\/wp\/v2\/users\/4"}],"replies":[{"embeddable":true,"href":"https:\/\/www.omsag.de\/proxy\/wp-json\/wp\/v2\/comments?post=2430"}],"version-history":[{"count":0,"href":"https:\/\/www.omsag.de\/proxy\/wp-json\/wp\/v2\/posts\/2430\/revisions"}],"wp:attachment":[{"href":"https:\/\/www.omsag.de\/proxy\/wp-json\/wp\/v2\/media?parent=2430"}],"wp:term":[{"taxonomy":"category","embeddable":true,"href":"https:\/\/www.omsag.de\/proxy\/wp-json\/wp\/v2\/categories?post=2430"},{"taxonomy":"post_tag","embeddable":true,"href":"https:\/\/www.omsag.de\/proxy\/wp-json\/wp\/v2\/tags?post=2430"}],"curies":[{"name":"wp","href":"https:\/\/api.w.org\/{rel}","templated":true}]}}