{"id":2219,"date":"2015-02-18T08:01:46","date_gmt":"2015-02-18T07:01:46","guid":{"rendered":"https:\/\/www.omsag.de\/?p=2219"},"modified":"2018-11-20T12:58:41","modified_gmt":"2018-11-20T11:58:41","slug":"omsag-als-aussteller-auf-der-fachmesse-itmedia-darmstadt","status":"publish","type":"post","link":"https:\/\/www.omsag.de\/proxy\/online-marketing-blog\/pressespiegel\/omsag-als-aussteller-auf-der-fachmesse-itmedia-darmstadt\/","title":{"rendered":"OMSAG als Aussteller auf der Fachmesse IT&#038;Media in Darmstadt"},"content":{"rendered":"<p style=\"text-align: justify;\">Die Online Marketing Solutions AG ist erstmalig als Aussteller auf der regionalen Fachmesse IT&amp;Media am 19. Februar in Darmstadt vertreten. Die OMSAG geh\u00f6rt zudem zu den 30 Unternehmen, die von einer Jury f\u00fcr einen Best-Practice-Vortrag auf dem parallel stattfindenden FUTUREcongress ausgew\u00e4hlt wurden.<\/p>\n<p style=\"text-align: justify;\"><img loading=\"lazy\" decoding=\"async\" class=\"alignleft wp-image-2221\" src=\"https:\/\/www.omsag.de\/proxy\/wp-content\/uploads\/Logo-ITMedia-registered_mittel-300x153.jpg\" alt=\"Logo-IT&amp;Media-registered_mittel\" width=\"214\" height=\"109\" \/><\/p>\n<p style=\"text-align: justify;\">Die IT&amp;Media in Darmstadt ist die gr\u00f6\u00dfte IT-Management-Veranstaltung in der Rhein-Main-Region und steht in diesem Jahr unter dem Motto \u201eEffektivit\u00e4t 3.0 f\u00fcr den Mittelstand\u201c. Auch die Online Marketing Solutions AG z\u00e4hlt zu den mehr als 140 Ausstellern vor Ort (Wissenschafts- und Kongresszentrum \u201edarmstadtium\u201c, Schlossgraben 1, Stand 1M20).<\/p>\n<p style=\"text-align: justify;\">Besucher der IT&amp;Media k\u00f6nnen sich auf zehn r\u00e4umlich getrennten IT-Business-Plattformen zu unterschiedlichen relevanten Themenbereichen ausf\u00fchrlich informieren. Auf diese Weise f\u00fchrt die Fachmesse IT-Spezialisten und -Anwender gezielt zusammen. \u00dcber 600 Teilnehmer haben sich bereits angemeldet. F\u00fcr die OMSAG ist sie eine probate Plattform, um sich potenziellen Kunden als erfahrener Online-Marketing-Experte mit den Schwerpunkten Suchmaschinenoptimierung (SEO) und Suchmaschinenwerbung (SEA) zu pr\u00e4sentieren. Gem\u00e4\u00df der Leitidee des Unternehmens \u201emarketing meets vision\u201c erhalten Messebesucher die Gelegenheit, sich direkt vor Ort am Messestand 1M20 beraten zu lassen, wie die OMSAG mit geeigneten SEO- und SEA-Strategien ihre Sichtbarkeit im Web bzw. Position in den Google-Sucherergebnissen verbessern kann. Dar\u00fcber hinaus steht das Unternehmen seinen Kunden sowie interessierten Kooperationspartnern als pers\u00f6nlicher Ansprechpartner f\u00fcr alle weiteren Online-Marketing-Leistungen seines umfassenden Portfolios zur Verf\u00fcgung.<\/p>\n<p style=\"text-align: justify;\"><strong>Fachvortrag der OMSAG auf FUTUREcongress<\/strong><\/p>\n<p style=\"text-align: justify;\">Zum ersten Mal findet parallel zur IT&amp;Media der FUTUREcongress statt. Branchenexperten werden dort in \u00fcber 30 verschiedenen Best-Practice-Vortr\u00e4gen ihre Erfahrungen bzw. zukunftsorientieren L\u00f6sungsans\u00e4tze f\u00fcr unternehmerische Herausforderungen im IT-Bereich weitergeben. Eine Jury hat die Online Marketing Solutions AG f\u00fcr einen der Vortr\u00e4ge auf dem FUTUREcongress ausgew\u00e4hlt. Darin wird Sascha Krenner (Leiter SEO &#8211; Key Account) anhand eines Praxisbeispiels dar\u00fcber referieren, wie sich durch die richtigen Ma\u00dfnahmen mit Suchmaschinenmarketing die Ums\u00e4tze erfolgreich steigern lassen.<\/p>\n<p style=\"text-align: justify;\">Die Messe im Wissenschafts- und Kongresszentrum \u201edarmstadtium\u201c hat zwischen 8:30 und 18:00 Uhr am 19. Februar ihre Pforten ge\u00f6ffnet. Interessierte k\u00f6nnen sich unter http:\/\/www.itandmedia.de\/en\/tickets.html Messetickets besorgen; Besucher des FUTUREcongress haben gleichzeitig auch Zutritt zur IT&amp;Media.<\/p>\n","protected":false},"excerpt":{"rendered":"<p>Die Online Marketing Solutions AG ist erstmalig als Aussteller auf der regionalen Fachmesse IT&amp;Media am 19. Februar in Darmstadt vertreten. Die OMSAG geh\u00f6rt zudem zu den 30 Unternehmen, die von einer Jury f\u00fcr einen Best-Practice-Vortrag auf dem parallel stattfindenden FUTUREcongress ausgew\u00e4hlt wurden. Die IT&amp;Media in Darmstadt ist die gr\u00f6\u00dfte IT-Management-Veranstaltung in der Rhein-Main-Region und steht [&hellip;]<\/p>\n","protected":false},"author":46,"featured_media":88223,"comment_status":"closed","ping_status":"closed","sticky":false,"template":"","format":"standard","meta":{"content-type":"","footnotes":""},"categories":[38,39],"tags":[213,214,189],"yoast_head":"<!-- This site is optimized with the Yoast SEO plugin v22.8 - https:\/\/yoast.com\/wordpress\/plugins\/seo\/ -->\n<title>OMSAG - Aussteller auf der Fachmesse IT&amp;Media in Darmstadt<\/title>\n<meta name=\"description\" content=\"Die OMSAG ist erstmalig Aussteller auf der IT&amp;Media am 19. Februar in Darmstadt. Was euch vor Ort erwartet k\u00f6nnt ihr hier lesen.\" \/>\n<meta name=\"robots\" content=\"index, follow, max-snippet:-1, max-image-preview:large, max-video-preview:-1\" \/>\n<link rel=\"canonical\" href=\"https:\/\/www.omsag.de\/proxy\/online-marketing-blog\/pressespiegel\/omsag-als-aussteller-auf-der-fachmesse-itmedia-darmstadt\/\" \/>\n<meta property=\"og:locale\" content=\"de_DE\" \/>\n<meta property=\"og:type\" content=\"article\" \/>\n<meta property=\"og:title\" content=\"OMSAG - Aussteller auf der Fachmesse IT&amp;Media in Darmstadt\" \/>\n<meta property=\"og:description\" content=\"Die OMSAG ist erstmalig Aussteller auf der IT&amp;Media am 19. Februar in Darmstadt. Was euch vor Ort erwartet k\u00f6nnt ihr hier lesen.\" \/>\n<meta property=\"og:url\" content=\"https:\/\/www.omsag.de\/proxy\/online-marketing-blog\/pressespiegel\/omsag-als-aussteller-auf-der-fachmesse-itmedia-darmstadt\/\" \/>\n<meta property=\"og:site_name\" content=\"Online Marketing &amp; Suchmaschinenmarketing Agentur OMSAG\" \/>\n<meta property=\"article:publisher\" content=\"https:\/\/www.facebook.com\/Online.Marketing.Solutions.AG\" \/>\n<meta property=\"article:published_time\" content=\"2015-02-18T07:01:46+00:00\" \/>\n<meta property=\"article:modified_time\" content=\"2018-11-20T11:58:41+00:00\" \/>\n<meta property=\"og:image\" content=\"https:\/\/www.omsag.de\/proxy\/wp-content\/uploads\/2015\/06\/Hashtag.png\" \/>\n\t<meta property=\"og:image:width\" content=\"1038\" \/>\n\t<meta property=\"og:image:height\" content=\"598\" \/>\n\t<meta property=\"og:image:type\" content=\"image\/png\" \/>\n<meta name=\"author\" content=\"Presse\" \/>\n<meta name=\"twitter:card\" content=\"summary_large_image\" \/>\n<meta name=\"twitter:label1\" content=\"Verfasst von\" \/>\n\t<meta name=\"twitter:data1\" content=\"Presse\" \/>\n\t<meta name=\"twitter:label2\" content=\"Gesch\u00e4tzte Lesezeit\" \/>\n\t<meta name=\"twitter:data2\" content=\"2\u00a0Minuten\" \/>\n<script type=\"application\/ld+json\" class=\"yoast-schema-graph\">{\"@context\":\"https:\/\/schema.org\",\"@graph\":[{\"@type\":\"Article\",\"@id\":\"https:\/\/www.omsag.de\/proxy\/online-marketing-blog\/pressespiegel\/omsag-als-aussteller-auf-der-fachmesse-itmedia-darmstadt\/#article\",\"isPartOf\":{\"@id\":\"https:\/\/www.omsag.de\/proxy\/online-marketing-blog\/pressespiegel\/omsag-als-aussteller-auf-der-fachmesse-itmedia-darmstadt\/\"},\"author\":{\"name\":\"Presse\",\"@id\":\"https:\/\/www.omsag.de\/proxy\/#\/schema\/person\/beb882437f9d1d6729304201da4c6b8f\"},\"headline\":\"OMSAG als Aussteller auf der Fachmesse IT&#038;Media in Darmstadt\",\"datePublished\":\"2015-02-18T07:01:46+00:00\",\"dateModified\":\"2018-11-20T11:58:41+00:00\",\"mainEntityOfPage\":{\"@id\":\"https:\/\/www.omsag.de\/proxy\/online-marketing-blog\/pressespiegel\/omsag-als-aussteller-auf-der-fachmesse-itmedia-darmstadt\/\"},\"wordCount\":368,\"publisher\":{\"@id\":\"https:\/\/www.omsag.de\/proxy\/#organization\"},\"image\":{\"@id\":\"https:\/\/www.omsag.de\/proxy\/online-marketing-blog\/pressespiegel\/omsag-als-aussteller-auf-der-fachmesse-itmedia-darmstadt\/#primaryimage\"},\"thumbnailUrl\":\"https:\/\/www.omsag.de\/proxy\/wp-content\/uploads\/2015\/06\/Hashtag.png\",\"keywords\":[\"it&amp;media\",\"messe\",\"omsag\"],\"articleSection\":[\"Pressespiegel\",\"Unternehmensnachrichten\"],\"inLanguage\":\"de\"},{\"@type\":\"WebPage\",\"@id\":\"https:\/\/www.omsag.de\/proxy\/online-marketing-blog\/pressespiegel\/omsag-als-aussteller-auf-der-fachmesse-itmedia-darmstadt\/\",\"url\":\"https:\/\/www.omsag.de\/proxy\/online-marketing-blog\/pressespiegel\/omsag-als-aussteller-auf-der-fachmesse-itmedia-darmstadt\/\",\"name\":\"OMSAG - Aussteller auf der Fachmesse IT&Media in Darmstadt\",\"isPartOf\":{\"@id\":\"https:\/\/www.omsag.de\/proxy\/#website\"},\"primaryImageOfPage\":{\"@id\":\"https:\/\/www.omsag.de\/proxy\/online-marketing-blog\/pressespiegel\/omsag-als-aussteller-auf-der-fachmesse-itmedia-darmstadt\/#primaryimage\"},\"image\":{\"@id\":\"https:\/\/www.omsag.de\/proxy\/online-marketing-blog\/pressespiegel\/omsag-als-aussteller-auf-der-fachmesse-itmedia-darmstadt\/#primaryimage\"},\"thumbnailUrl\":\"https:\/\/www.omsag.de\/proxy\/wp-content\/uploads\/2015\/06\/Hashtag.png\",\"datePublished\":\"2015-02-18T07:01:46+00:00\",\"dateModified\":\"2018-11-20T11:58:41+00:00\",\"description\":\"Die OMSAG ist erstmalig Aussteller auf der IT&Media am 19. Februar in Darmstadt. Was euch vor Ort erwartet k\u00f6nnt ihr hier lesen.\",\"breadcrumb\":{\"@id\":\"https:\/\/www.omsag.de\/proxy\/online-marketing-blog\/pressespiegel\/omsag-als-aussteller-auf-der-fachmesse-itmedia-darmstadt\/#breadcrumb\"},\"inLanguage\":\"de\",\"potentialAction\":[{\"@type\":\"ReadAction\",\"target\":[\"https:\/\/www.omsag.de\/proxy\/online-marketing-blog\/pressespiegel\/omsag-als-aussteller-auf-der-fachmesse-itmedia-darmstadt\/\"]}]},{\"@type\":\"ImageObject\",\"inLanguage\":\"de\",\"@id\":\"https:\/\/www.omsag.de\/proxy\/online-marketing-blog\/pressespiegel\/omsag-als-aussteller-auf-der-fachmesse-itmedia-darmstadt\/#primaryimage\",\"url\":\"https:\/\/www.omsag.de\/proxy\/wp-content\/uploads\/2015\/06\/Hashtag.png\",\"contentUrl\":\"https:\/\/www.omsag.de\/proxy\/wp-content\/uploads\/2015\/06\/Hashtag.png\",\"width\":1038,\"height\":598,\"caption\":\"Pressemeldung\"},{\"@type\":\"BreadcrumbList\",\"@id\":\"https:\/\/www.omsag.de\/proxy\/online-marketing-blog\/pressespiegel\/omsag-als-aussteller-auf-der-fachmesse-itmedia-darmstadt\/#breadcrumb\",\"itemListElement\":[{\"@type\":\"ListItem\",\"position\":1,\"name\":\"Startseite\",\"item\":\"https:\/\/www.omsag.de\/proxy\/\"},{\"@type\":\"ListItem\",\"position\":2,\"name\":\"Pressespiegel\",\"item\":\"https:\/\/www.omsag.de\/proxy\/online-marketing-blog\/pressespiegel\/\"},{\"@type\":\"ListItem\",\"position\":3,\"name\":\"OMSAG als Aussteller auf der Fachmesse IT&#038;Media in Darmstadt\"}]},{\"@type\":\"WebSite\",\"@id\":\"https:\/\/www.omsag.de\/proxy\/#website\",\"url\":\"https:\/\/www.omsag.de\/proxy\/\",\"name\":\"Online Marketing & Suchmaschinenmarketing Agentur OMSAG\",\"description\":\"\",\"publisher\":{\"@id\":\"https:\/\/www.omsag.de\/proxy\/#organization\"},\"potentialAction\":[{\"@type\":\"SearchAction\",\"target\":{\"@type\":\"EntryPoint\",\"urlTemplate\":\"https:\/\/www.omsag.de\/proxy\/?s={search_term_string}\"},\"query-input\":\"required name=search_term_string\"}],\"inLanguage\":\"de\"},{\"@type\":\"Organization\",\"@id\":\"https:\/\/www.omsag.de\/proxy\/#organization\",\"name\":\"OMSAG\",\"url\":\"https:\/\/www.omsag.de\/proxy\/\",\"logo\":{\"@type\":\"ImageObject\",\"inLanguage\":\"de\",\"@id\":\"https:\/\/www.omsag.de\/proxy\/#\/schema\/logo\/image\/\",\"url\":\"https:\/\/www.omsag.de\/proxy\/wp-content\/uploads\/2020\/08\/oms-logo-1.jpg\",\"contentUrl\":\"https:\/\/www.omsag.de\/proxy\/wp-content\/uploads\/2020\/08\/oms-logo-1.jpg\",\"width\":500,\"height\":148,\"caption\":\"OMSAG\"},\"image\":{\"@id\":\"https:\/\/www.omsag.de\/proxy\/#\/schema\/logo\/image\/\"},\"sameAs\":[\"https:\/\/www.facebook.com\/Online.Marketing.Solutions.AG\",\"https:\/\/www.instagram.com\/omsag\/\",\"https:\/\/de.linkedin.com\/company\/online-marketing-solutions-ag\"]},{\"@type\":\"Person\",\"@id\":\"https:\/\/www.omsag.de\/proxy\/#\/schema\/person\/beb882437f9d1d6729304201da4c6b8f\",\"name\":\"Presse\",\"description\":\"Die Presseredaktion ver\u00f6ffentlicht alle wichtigen Neuigkeiten rund um das Unternehmen, z. B. zu Produktneuheiten oder -erweiterungen, Personalien, Messeauftritten sowie interessanten OMSAG-Events und neuen Partnerschaften. Dar\u00fcber hinaus erhalten Sie im Pressespiegel eine \u00dcbersicht aller Beitr\u00e4ge aus der \u00f6ffentlichen Berichterstattung \u00fcber die Online Marketing Solutions AG.\",\"sameAs\":[\"https:\/\/www.omsag.de\"],\"url\":\"https:\/\/www.omsag.de\/proxy\/online-marketing-blog\/author\/presseredaktion\/\"}]}<\/script>\n<!-- \/ Yoast SEO plugin. -->","yoast_head_json":{"title":"OMSAG - Aussteller auf der Fachmesse IT&Media in Darmstadt","description":"Die OMSAG ist erstmalig Aussteller auf der IT&Media am 19. Februar in Darmstadt. Was euch vor Ort erwartet k\u00f6nnt ihr hier lesen.","robots":{"index":"index","follow":"follow","max-snippet":"max-snippet:-1","max-image-preview":"max-image-preview:large","max-video-preview":"max-video-preview:-1"},"canonical":"https:\/\/www.omsag.de\/proxy\/online-marketing-blog\/pressespiegel\/omsag-als-aussteller-auf-der-fachmesse-itmedia-darmstadt\/","og_locale":"de_DE","og_type":"article","og_title":"OMSAG - Aussteller auf der Fachmesse IT&Media in Darmstadt","og_description":"Die OMSAG ist erstmalig Aussteller auf der IT&Media am 19. Februar in Darmstadt. Was euch vor Ort erwartet k\u00f6nnt ihr hier lesen.","og_url":"https:\/\/www.omsag.de\/proxy\/online-marketing-blog\/pressespiegel\/omsag-als-aussteller-auf-der-fachmesse-itmedia-darmstadt\/","og_site_name":"Online Marketing &amp; Suchmaschinenmarketing Agentur OMSAG","article_publisher":"https:\/\/www.facebook.com\/Online.Marketing.Solutions.AG","article_published_time":"2015-02-18T07:01:46+00:00","article_modified_time":"2018-11-20T11:58:41+00:00","og_image":[{"width":1038,"height":598,"url":"https:\/\/www.omsag.de\/proxy\/wp-content\/uploads\/2015\/06\/Hashtag.png","type":"image\/png"}],"author":"Presse","twitter_card":"summary_large_image","twitter_misc":{"Verfasst von":"Presse","Gesch\u00e4tzte Lesezeit":"2\u00a0Minuten"},"schema":{"@context":"https:\/\/schema.org","@graph":[{"@type":"Article","@id":"https:\/\/www.omsag.de\/proxy\/online-marketing-blog\/pressespiegel\/omsag-als-aussteller-auf-der-fachmesse-itmedia-darmstadt\/#article","isPartOf":{"@id":"https:\/\/www.omsag.de\/proxy\/online-marketing-blog\/pressespiegel\/omsag-als-aussteller-auf-der-fachmesse-itmedia-darmstadt\/"},"author":{"name":"Presse","@id":"https:\/\/www.omsag.de\/proxy\/#\/schema\/person\/beb882437f9d1d6729304201da4c6b8f"},"headline":"OMSAG als Aussteller auf der Fachmesse IT&#038;Media in Darmstadt","datePublished":"2015-02-18T07:01:46+00:00","dateModified":"2018-11-20T11:58:41+00:00","mainEntityOfPage":{"@id":"https:\/\/www.omsag.de\/proxy\/online-marketing-blog\/pressespiegel\/omsag-als-aussteller-auf-der-fachmesse-itmedia-darmstadt\/"},"wordCount":368,"publisher":{"@id":"https:\/\/www.omsag.de\/proxy\/#organization"},"image":{"@id":"https:\/\/www.omsag.de\/proxy\/online-marketing-blog\/pressespiegel\/omsag-als-aussteller-auf-der-fachmesse-itmedia-darmstadt\/#primaryimage"},"thumbnailUrl":"https:\/\/www.omsag.de\/proxy\/wp-content\/uploads\/2015\/06\/Hashtag.png","keywords":["it&amp;media","messe","omsag"],"articleSection":["Pressespiegel","Unternehmensnachrichten"],"inLanguage":"de"},{"@type":"WebPage","@id":"https:\/\/www.omsag.de\/proxy\/online-marketing-blog\/pressespiegel\/omsag-als-aussteller-auf-der-fachmesse-itmedia-darmstadt\/","url":"https:\/\/www.omsag.de\/proxy\/online-marketing-blog\/pressespiegel\/omsag-als-aussteller-auf-der-fachmesse-itmedia-darmstadt\/","name":"OMSAG - Aussteller auf der Fachmesse IT&Media in Darmstadt","isPartOf":{"@id":"https:\/\/www.omsag.de\/proxy\/#website"},"primaryImageOfPage":{"@id":"https:\/\/www.omsag.de\/proxy\/online-marketing-blog\/pressespiegel\/omsag-als-aussteller-auf-der-fachmesse-itmedia-darmstadt\/#primaryimage"},"image":{"@id":"https:\/\/www.omsag.de\/proxy\/online-marketing-blog\/pressespiegel\/omsag-als-aussteller-auf-der-fachmesse-itmedia-darmstadt\/#primaryimage"},"thumbnailUrl":"https:\/\/www.omsag.de\/proxy\/wp-content\/uploads\/2015\/06\/Hashtag.png","datePublished":"2015-02-18T07:01:46+00:00","dateModified":"2018-11-20T11:58:41+00:00","description":"Die OMSAG ist erstmalig Aussteller auf der IT&Media am 19. Februar in Darmstadt. Was euch vor Ort erwartet k\u00f6nnt ihr hier lesen.","breadcrumb":{"@id":"https:\/\/www.omsag.de\/proxy\/online-marketing-blog\/pressespiegel\/omsag-als-aussteller-auf-der-fachmesse-itmedia-darmstadt\/#breadcrumb"},"inLanguage":"de","potentialAction":[{"@type":"ReadAction","target":["https:\/\/www.omsag.de\/proxy\/online-marketing-blog\/pressespiegel\/omsag-als-aussteller-auf-der-fachmesse-itmedia-darmstadt\/"]}]},{"@type":"ImageObject","inLanguage":"de","@id":"https:\/\/www.omsag.de\/proxy\/online-marketing-blog\/pressespiegel\/omsag-als-aussteller-auf-der-fachmesse-itmedia-darmstadt\/#primaryimage","url":"https:\/\/www.omsag.de\/proxy\/wp-content\/uploads\/2015\/06\/Hashtag.png","contentUrl":"https:\/\/www.omsag.de\/proxy\/wp-content\/uploads\/2015\/06\/Hashtag.png","width":1038,"height":598,"caption":"Pressemeldung"},{"@type":"BreadcrumbList","@id":"https:\/\/www.omsag.de\/proxy\/online-marketing-blog\/pressespiegel\/omsag-als-aussteller-auf-der-fachmesse-itmedia-darmstadt\/#breadcrumb","itemListElement":[{"@type":"ListItem","position":1,"name":"Startseite","item":"https:\/\/www.omsag.de\/proxy\/"},{"@type":"ListItem","position":2,"name":"Pressespiegel","item":"https:\/\/www.omsag.de\/proxy\/online-marketing-blog\/pressespiegel\/"},{"@type":"ListItem","position":3,"name":"OMSAG als Aussteller auf der Fachmesse IT&#038;Media in Darmstadt"}]},{"@type":"WebSite","@id":"https:\/\/www.omsag.de\/proxy\/#website","url":"https:\/\/www.omsag.de\/proxy\/","name":"Online Marketing & Suchmaschinenmarketing Agentur OMSAG","description":"","publisher":{"@id":"https:\/\/www.omsag.de\/proxy\/#organization"},"potentialAction":[{"@type":"SearchAction","target":{"@type":"EntryPoint","urlTemplate":"https:\/\/www.omsag.de\/proxy\/?s={search_term_string}"},"query-input":"required name=search_term_string"}],"inLanguage":"de"},{"@type":"Organization","@id":"https:\/\/www.omsag.de\/proxy\/#organization","name":"OMSAG","url":"https:\/\/www.omsag.de\/proxy\/","logo":{"@type":"ImageObject","inLanguage":"de","@id":"https:\/\/www.omsag.de\/proxy\/#\/schema\/logo\/image\/","url":"https:\/\/www.omsag.de\/proxy\/wp-content\/uploads\/2020\/08\/oms-logo-1.jpg","contentUrl":"https:\/\/www.omsag.de\/proxy\/wp-content\/uploads\/2020\/08\/oms-logo-1.jpg","width":500,"height":148,"caption":"OMSAG"},"image":{"@id":"https:\/\/www.omsag.de\/proxy\/#\/schema\/logo\/image\/"},"sameAs":["https:\/\/www.facebook.com\/Online.Marketing.Solutions.AG","https:\/\/www.instagram.com\/omsag\/","https:\/\/de.linkedin.com\/company\/online-marketing-solutions-ag"]},{"@type":"Person","@id":"https:\/\/www.omsag.de\/proxy\/#\/schema\/person\/beb882437f9d1d6729304201da4c6b8f","name":"Presse","description":"Die Presseredaktion ver\u00f6ffentlicht alle wichtigen Neuigkeiten rund um das Unternehmen, z. B. zu Produktneuheiten oder -erweiterungen, Personalien, Messeauftritten sowie interessanten OMSAG-Events und neuen Partnerschaften. Dar\u00fcber hinaus erhalten Sie im Pressespiegel eine \u00dcbersicht aller Beitr\u00e4ge aus der \u00f6ffentlichen Berichterstattung \u00fcber die Online Marketing Solutions AG.","sameAs":["https:\/\/www.omsag.de"],"url":"https:\/\/www.omsag.de\/proxy\/online-marketing-blog\/author\/presseredaktion\/"}]}},"_links":{"self":[{"href":"https:\/\/www.omsag.de\/proxy\/wp-json\/wp\/v2\/posts\/2219"}],"collection":[{"href":"https:\/\/www.omsag.de\/proxy\/wp-json\/wp\/v2\/posts"}],"about":[{"href":"https:\/\/www.omsag.de\/proxy\/wp-json\/wp\/v2\/types\/post"}],"author":[{"embeddable":true,"href":"https:\/\/www.omsag.de\/proxy\/wp-json\/wp\/v2\/users\/46"}],"replies":[{"embeddable":true,"href":"https:\/\/www.omsag.de\/proxy\/wp-json\/wp\/v2\/comments?post=2219"}],"version-history":[{"count":0,"href":"https:\/\/www.omsag.de\/proxy\/wp-json\/wp\/v2\/posts\/2219\/revisions"}],"wp:featuredmedia":[{"embeddable":true,"href":"https:\/\/www.omsag.de\/proxy\/wp-json\/wp\/v2\/media\/88223"}],"wp:attachment":[{"href":"https:\/\/www.omsag.de\/proxy\/wp-json\/wp\/v2\/media?parent=2219"}],"wp:term":[{"taxonomy":"category","embeddable":true,"href":"https:\/\/www.omsag.de\/proxy\/wp-json\/wp\/v2\/categories?post=2219"},{"taxonomy":"post_tag","embeddable":true,"href":"https:\/\/www.omsag.de\/proxy\/wp-json\/wp\/v2\/tags?post=2219"}],"curies":[{"name":"wp","href":"https:\/\/api.w.org\/{rel}","templated":true}]}}