{"id":2191,"date":"2014-11-26T16:27:54","date_gmt":"2014-11-26T15:27:54","guid":{"rendered":"https:\/\/www.omsag.de\/?p=2191"},"modified":"2018-11-20T13:00:00","modified_gmt":"2018-11-20T12:00:00","slug":"acquisa-social-media-automation","status":"publish","type":"post","link":"https:\/\/www.omsag.de\/proxy\/online-marketing-blog\/pressespiegel\/acquisa-social-media-automation\/","title":{"rendered":"Statement zur Social Media Automation in der aktuellen acquisa"},"content":{"rendered":"<p>Social Media Automation ist aktuell ein viel diskutiertes Thema unter Community und Social Media Managern. Soll man die zeitsparenden Tools nutzen, oder hemmen sie den Dialog zur Zielgruppe und lassen die Kommunikation unauthetisch wirken?<!--more--><\/p>\n<p>Autor Karsten Zunke, Fachjournalist Digitales Marketing &amp; E-Commerce, hat sich mit diesem Thema eing\u00e4ngig besch\u00e4ftigt und seine Erkenntnisse sowie einige Expertenmeinungen im Artikel \u201eSocial Media Automation\u201c zusammengetragen.<\/p>\n<p>Auch unsere Teamleiterin f\u00fcr SMM \/ IPR Blanka Szczebak hat f\u00fcrdiesen Artikel ein Statement beigesteuert. Hier im Artikel (Quelle: acquisa, Haufe Gruppe, www.acquisa.de) k\u00f6nnt Ihr es nachlesen:<\/p>\n<p>Hier klicken und Artikel downloaden!<\/p>\n","protected":false},"excerpt":{"rendered":"<p>Social Media Automation ist aktuell ein viel diskutiertes Thema unter Community und Social Media Managern. Soll man die zeitsparenden Tools nutzen, oder hemmen sie den Dialog zur Zielgruppe und lassen die Kommunikation unauthetisch wirken?<\/p>\n","protected":false},"author":46,"featured_media":88223,"comment_status":"closed","ping_status":"closed","sticky":false,"template":"","format":"standard","meta":{"content-type":"","footnotes":""},"categories":[38],"tags":[],"yoast_head":"<!-- This site is optimized with the Yoast SEO plugin v22.8 - https:\/\/yoast.com\/wordpress\/plugins\/seo\/ -->\n<title>OMSAG Statement zur Social Media Automation - acquisa<\/title>\n<meta name=\"description\" content=\"Die OMSAG hat zum Thema Social Media Automation ein Statement f\u00fcr einen Artikel in der aktuellen acquisa beigesteuert. Lesen Sie hier mehr dazu!\" \/>\n<meta name=\"robots\" content=\"index, follow, max-snippet:-1, max-image-preview:large, max-video-preview:-1\" \/>\n<link rel=\"canonical\" href=\"https:\/\/www.omsag.de\/proxy\/online-marketing-blog\/pressespiegel\/acquisa-social-media-automation\/\" \/>\n<meta property=\"og:locale\" content=\"de_DE\" \/>\n<meta property=\"og:type\" content=\"article\" \/>\n<meta property=\"og:title\" content=\"OMSAG Statement zur Social Media Automation - acquisa\" \/>\n<meta property=\"og:description\" content=\"Die OMSAG hat zum Thema Social Media Automation ein Statement f\u00fcr einen Artikel in der aktuellen acquisa beigesteuert. Lesen Sie hier mehr dazu!\" \/>\n<meta property=\"og:url\" content=\"https:\/\/www.omsag.de\/proxy\/online-marketing-blog\/pressespiegel\/acquisa-social-media-automation\/\" \/>\n<meta property=\"og:site_name\" content=\"Online Marketing &amp; Suchmaschinenmarketing Agentur OMSAG\" \/>\n<meta property=\"article:publisher\" content=\"https:\/\/www.facebook.com\/Online.Marketing.Solutions.AG\" \/>\n<meta property=\"article:published_time\" content=\"2014-11-26T15:27:54+00:00\" \/>\n<meta property=\"article:modified_time\" content=\"2018-11-20T12:00:00+00:00\" \/>\n<meta property=\"og:image\" content=\"https:\/\/www.omsag.de\/proxy\/wp-content\/uploads\/2015\/06\/Hashtag.png\" \/>\n\t<meta property=\"og:image:width\" content=\"1038\" \/>\n\t<meta property=\"og:image:height\" content=\"598\" \/>\n\t<meta property=\"og:image:type\" content=\"image\/png\" \/>\n<meta name=\"author\" content=\"Presse\" \/>\n<meta name=\"twitter:card\" content=\"summary_large_image\" \/>\n<meta name=\"twitter:label1\" content=\"Verfasst von\" \/>\n\t<meta name=\"twitter:data1\" content=\"Presse\" \/>\n<script type=\"application\/ld+json\" class=\"yoast-schema-graph\">{\"@context\":\"https:\/\/schema.org\",\"@graph\":[{\"@type\":\"Article\",\"@id\":\"https:\/\/www.omsag.de\/proxy\/online-marketing-blog\/pressespiegel\/acquisa-social-media-automation\/#article\",\"isPartOf\":{\"@id\":\"https:\/\/www.omsag.de\/proxy\/online-marketing-blog\/pressespiegel\/acquisa-social-media-automation\/\"},\"author\":{\"name\":\"Presse\",\"@id\":\"https:\/\/www.omsag.de\/proxy\/#\/schema\/person\/beb882437f9d1d6729304201da4c6b8f\"},\"headline\":\"Statement zur Social Media Automation in der aktuellen acquisa\",\"datePublished\":\"2014-11-26T15:27:54+00:00\",\"dateModified\":\"2018-11-20T12:00:00+00:00\",\"mainEntityOfPage\":{\"@id\":\"https:\/\/www.omsag.de\/proxy\/online-marketing-blog\/pressespiegel\/acquisa-social-media-automation\/\"},\"wordCount\":108,\"publisher\":{\"@id\":\"https:\/\/www.omsag.de\/proxy\/#organization\"},\"image\":{\"@id\":\"https:\/\/www.omsag.de\/proxy\/online-marketing-blog\/pressespiegel\/acquisa-social-media-automation\/#primaryimage\"},\"thumbnailUrl\":\"https:\/\/www.omsag.de\/proxy\/wp-content\/uploads\/2015\/06\/Hashtag.png\",\"articleSection\":[\"Pressespiegel\"],\"inLanguage\":\"de\"},{\"@type\":\"WebPage\",\"@id\":\"https:\/\/www.omsag.de\/proxy\/online-marketing-blog\/pressespiegel\/acquisa-social-media-automation\/\",\"url\":\"https:\/\/www.omsag.de\/proxy\/online-marketing-blog\/pressespiegel\/acquisa-social-media-automation\/\",\"name\":\"OMSAG Statement zur Social Media Automation - acquisa\",\"isPartOf\":{\"@id\":\"https:\/\/www.omsag.de\/proxy\/#website\"},\"primaryImageOfPage\":{\"@id\":\"https:\/\/www.omsag.de\/proxy\/online-marketing-blog\/pressespiegel\/acquisa-social-media-automation\/#primaryimage\"},\"image\":{\"@id\":\"https:\/\/www.omsag.de\/proxy\/online-marketing-blog\/pressespiegel\/acquisa-social-media-automation\/#primaryimage\"},\"thumbnailUrl\":\"https:\/\/www.omsag.de\/proxy\/wp-content\/uploads\/2015\/06\/Hashtag.png\",\"datePublished\":\"2014-11-26T15:27:54+00:00\",\"dateModified\":\"2018-11-20T12:00:00+00:00\",\"description\":\"Die OMSAG hat zum Thema Social Media Automation ein Statement f\u00fcr einen Artikel in der aktuellen acquisa beigesteuert. Lesen Sie hier mehr dazu!\",\"breadcrumb\":{\"@id\":\"https:\/\/www.omsag.de\/proxy\/online-marketing-blog\/pressespiegel\/acquisa-social-media-automation\/#breadcrumb\"},\"inLanguage\":\"de\",\"potentialAction\":[{\"@type\":\"ReadAction\",\"target\":[\"https:\/\/www.omsag.de\/proxy\/online-marketing-blog\/pressespiegel\/acquisa-social-media-automation\/\"]}]},{\"@type\":\"ImageObject\",\"inLanguage\":\"de\",\"@id\":\"https:\/\/www.omsag.de\/proxy\/online-marketing-blog\/pressespiegel\/acquisa-social-media-automation\/#primaryimage\",\"url\":\"https:\/\/www.omsag.de\/proxy\/wp-content\/uploads\/2015\/06\/Hashtag.png\",\"contentUrl\":\"https:\/\/www.omsag.de\/proxy\/wp-content\/uploads\/2015\/06\/Hashtag.png\",\"width\":1038,\"height\":598,\"caption\":\"Pressemeldung\"},{\"@type\":\"BreadcrumbList\",\"@id\":\"https:\/\/www.omsag.de\/proxy\/online-marketing-blog\/pressespiegel\/acquisa-social-media-automation\/#breadcrumb\",\"itemListElement\":[{\"@type\":\"ListItem\",\"position\":1,\"name\":\"Startseite\",\"item\":\"https:\/\/www.omsag.de\/proxy\/\"},{\"@type\":\"ListItem\",\"position\":2,\"name\":\"Pressespiegel\",\"item\":\"https:\/\/www.omsag.de\/proxy\/online-marketing-blog\/pressespiegel\/\"},{\"@type\":\"ListItem\",\"position\":3,\"name\":\"Statement zur Social Media Automation in der aktuellen acquisa\"}]},{\"@type\":\"WebSite\",\"@id\":\"https:\/\/www.omsag.de\/proxy\/#website\",\"url\":\"https:\/\/www.omsag.de\/proxy\/\",\"name\":\"Online Marketing & Suchmaschinenmarketing Agentur OMSAG\",\"description\":\"\",\"publisher\":{\"@id\":\"https:\/\/www.omsag.de\/proxy\/#organization\"},\"potentialAction\":[{\"@type\":\"SearchAction\",\"target\":{\"@type\":\"EntryPoint\",\"urlTemplate\":\"https:\/\/www.omsag.de\/proxy\/?s={search_term_string}\"},\"query-input\":\"required name=search_term_string\"}],\"inLanguage\":\"de\"},{\"@type\":\"Organization\",\"@id\":\"https:\/\/www.omsag.de\/proxy\/#organization\",\"name\":\"OMSAG\",\"url\":\"https:\/\/www.omsag.de\/proxy\/\",\"logo\":{\"@type\":\"ImageObject\",\"inLanguage\":\"de\",\"@id\":\"https:\/\/www.omsag.de\/proxy\/#\/schema\/logo\/image\/\",\"url\":\"https:\/\/www.omsag.de\/proxy\/wp-content\/uploads\/2020\/08\/oms-logo-1.jpg\",\"contentUrl\":\"https:\/\/www.omsag.de\/proxy\/wp-content\/uploads\/2020\/08\/oms-logo-1.jpg\",\"width\":500,\"height\":148,\"caption\":\"OMSAG\"},\"image\":{\"@id\":\"https:\/\/www.omsag.de\/proxy\/#\/schema\/logo\/image\/\"},\"sameAs\":[\"https:\/\/www.facebook.com\/Online.Marketing.Solutions.AG\",\"https:\/\/www.instagram.com\/omsag\/\",\"https:\/\/de.linkedin.com\/company\/online-marketing-solutions-ag\"]},{\"@type\":\"Person\",\"@id\":\"https:\/\/www.omsag.de\/proxy\/#\/schema\/person\/beb882437f9d1d6729304201da4c6b8f\",\"name\":\"Presse\",\"description\":\"Die Presseredaktion ver\u00f6ffentlicht alle wichtigen Neuigkeiten rund um das Unternehmen, z. B. zu Produktneuheiten oder -erweiterungen, Personalien, Messeauftritten sowie interessanten OMSAG-Events und neuen Partnerschaften. Dar\u00fcber hinaus erhalten Sie im Pressespiegel eine \u00dcbersicht aller Beitr\u00e4ge aus der \u00f6ffentlichen Berichterstattung \u00fcber die Online Marketing Solutions AG.\",\"sameAs\":[\"https:\/\/www.omsag.de\"],\"url\":\"https:\/\/www.omsag.de\/proxy\/online-marketing-blog\/author\/presseredaktion\/\"}]}<\/script>\n<!-- \/ Yoast SEO plugin. -->","yoast_head_json":{"title":"OMSAG Statement zur Social Media Automation - acquisa","description":"Die OMSAG hat zum Thema Social Media Automation ein Statement f\u00fcr einen Artikel in der aktuellen acquisa beigesteuert. Lesen Sie hier mehr dazu!","robots":{"index":"index","follow":"follow","max-snippet":"max-snippet:-1","max-image-preview":"max-image-preview:large","max-video-preview":"max-video-preview:-1"},"canonical":"https:\/\/www.omsag.de\/proxy\/online-marketing-blog\/pressespiegel\/acquisa-social-media-automation\/","og_locale":"de_DE","og_type":"article","og_title":"OMSAG Statement zur Social Media Automation - acquisa","og_description":"Die OMSAG hat zum Thema Social Media Automation ein Statement f\u00fcr einen Artikel in der aktuellen acquisa beigesteuert. Lesen Sie hier mehr dazu!","og_url":"https:\/\/www.omsag.de\/proxy\/online-marketing-blog\/pressespiegel\/acquisa-social-media-automation\/","og_site_name":"Online Marketing &amp; Suchmaschinenmarketing Agentur OMSAG","article_publisher":"https:\/\/www.facebook.com\/Online.Marketing.Solutions.AG","article_published_time":"2014-11-26T15:27:54+00:00","article_modified_time":"2018-11-20T12:00:00+00:00","og_image":[{"width":1038,"height":598,"url":"https:\/\/www.omsag.de\/proxy\/wp-content\/uploads\/2015\/06\/Hashtag.png","type":"image\/png"}],"author":"Presse","twitter_card":"summary_large_image","twitter_misc":{"Verfasst von":"Presse"},"schema":{"@context":"https:\/\/schema.org","@graph":[{"@type":"Article","@id":"https:\/\/www.omsag.de\/proxy\/online-marketing-blog\/pressespiegel\/acquisa-social-media-automation\/#article","isPartOf":{"@id":"https:\/\/www.omsag.de\/proxy\/online-marketing-blog\/pressespiegel\/acquisa-social-media-automation\/"},"author":{"name":"Presse","@id":"https:\/\/www.omsag.de\/proxy\/#\/schema\/person\/beb882437f9d1d6729304201da4c6b8f"},"headline":"Statement zur Social Media Automation in der aktuellen acquisa","datePublished":"2014-11-26T15:27:54+00:00","dateModified":"2018-11-20T12:00:00+00:00","mainEntityOfPage":{"@id":"https:\/\/www.omsag.de\/proxy\/online-marketing-blog\/pressespiegel\/acquisa-social-media-automation\/"},"wordCount":108,"publisher":{"@id":"https:\/\/www.omsag.de\/proxy\/#organization"},"image":{"@id":"https:\/\/www.omsag.de\/proxy\/online-marketing-blog\/pressespiegel\/acquisa-social-media-automation\/#primaryimage"},"thumbnailUrl":"https:\/\/www.omsag.de\/proxy\/wp-content\/uploads\/2015\/06\/Hashtag.png","articleSection":["Pressespiegel"],"inLanguage":"de"},{"@type":"WebPage","@id":"https:\/\/www.omsag.de\/proxy\/online-marketing-blog\/pressespiegel\/acquisa-social-media-automation\/","url":"https:\/\/www.omsag.de\/proxy\/online-marketing-blog\/pressespiegel\/acquisa-social-media-automation\/","name":"OMSAG Statement zur Social Media Automation - acquisa","isPartOf":{"@id":"https:\/\/www.omsag.de\/proxy\/#website"},"primaryImageOfPage":{"@id":"https:\/\/www.omsag.de\/proxy\/online-marketing-blog\/pressespiegel\/acquisa-social-media-automation\/#primaryimage"},"image":{"@id":"https:\/\/www.omsag.de\/proxy\/online-marketing-blog\/pressespiegel\/acquisa-social-media-automation\/#primaryimage"},"thumbnailUrl":"https:\/\/www.omsag.de\/proxy\/wp-content\/uploads\/2015\/06\/Hashtag.png","datePublished":"2014-11-26T15:27:54+00:00","dateModified":"2018-11-20T12:00:00+00:00","description":"Die OMSAG hat zum Thema Social Media Automation ein Statement f\u00fcr einen Artikel in der aktuellen acquisa beigesteuert. Lesen Sie hier mehr dazu!","breadcrumb":{"@id":"https:\/\/www.omsag.de\/proxy\/online-marketing-blog\/pressespiegel\/acquisa-social-media-automation\/#breadcrumb"},"inLanguage":"de","potentialAction":[{"@type":"ReadAction","target":["https:\/\/www.omsag.de\/proxy\/online-marketing-blog\/pressespiegel\/acquisa-social-media-automation\/"]}]},{"@type":"ImageObject","inLanguage":"de","@id":"https:\/\/www.omsag.de\/proxy\/online-marketing-blog\/pressespiegel\/acquisa-social-media-automation\/#primaryimage","url":"https:\/\/www.omsag.de\/proxy\/wp-content\/uploads\/2015\/06\/Hashtag.png","contentUrl":"https:\/\/www.omsag.de\/proxy\/wp-content\/uploads\/2015\/06\/Hashtag.png","width":1038,"height":598,"caption":"Pressemeldung"},{"@type":"BreadcrumbList","@id":"https:\/\/www.omsag.de\/proxy\/online-marketing-blog\/pressespiegel\/acquisa-social-media-automation\/#breadcrumb","itemListElement":[{"@type":"ListItem","position":1,"name":"Startseite","item":"https:\/\/www.omsag.de\/proxy\/"},{"@type":"ListItem","position":2,"name":"Pressespiegel","item":"https:\/\/www.omsag.de\/proxy\/online-marketing-blog\/pressespiegel\/"},{"@type":"ListItem","position":3,"name":"Statement zur Social Media Automation in der aktuellen acquisa"}]},{"@type":"WebSite","@id":"https:\/\/www.omsag.de\/proxy\/#website","url":"https:\/\/www.omsag.de\/proxy\/","name":"Online Marketing & Suchmaschinenmarketing Agentur OMSAG","description":"","publisher":{"@id":"https:\/\/www.omsag.de\/proxy\/#organization"},"potentialAction":[{"@type":"SearchAction","target":{"@type":"EntryPoint","urlTemplate":"https:\/\/www.omsag.de\/proxy\/?s={search_term_string}"},"query-input":"required name=search_term_string"}],"inLanguage":"de"},{"@type":"Organization","@id":"https:\/\/www.omsag.de\/proxy\/#organization","name":"OMSAG","url":"https:\/\/www.omsag.de\/proxy\/","logo":{"@type":"ImageObject","inLanguage":"de","@id":"https:\/\/www.omsag.de\/proxy\/#\/schema\/logo\/image\/","url":"https:\/\/www.omsag.de\/proxy\/wp-content\/uploads\/2020\/08\/oms-logo-1.jpg","contentUrl":"https:\/\/www.omsag.de\/proxy\/wp-content\/uploads\/2020\/08\/oms-logo-1.jpg","width":500,"height":148,"caption":"OMSAG"},"image":{"@id":"https:\/\/www.omsag.de\/proxy\/#\/schema\/logo\/image\/"},"sameAs":["https:\/\/www.facebook.com\/Online.Marketing.Solutions.AG","https:\/\/www.instagram.com\/omsag\/","https:\/\/de.linkedin.com\/company\/online-marketing-solutions-ag"]},{"@type":"Person","@id":"https:\/\/www.omsag.de\/proxy\/#\/schema\/person\/beb882437f9d1d6729304201da4c6b8f","name":"Presse","description":"Die Presseredaktion ver\u00f6ffentlicht alle wichtigen Neuigkeiten rund um das Unternehmen, z. B. zu Produktneuheiten oder -erweiterungen, Personalien, Messeauftritten sowie interessanten OMSAG-Events und neuen Partnerschaften. Dar\u00fcber hinaus erhalten Sie im Pressespiegel eine \u00dcbersicht aller Beitr\u00e4ge aus der \u00f6ffentlichen Berichterstattung \u00fcber die Online Marketing Solutions AG.","sameAs":["https:\/\/www.omsag.de"],"url":"https:\/\/www.omsag.de\/proxy\/online-marketing-blog\/author\/presseredaktion\/"}]}},"_links":{"self":[{"href":"https:\/\/www.omsag.de\/proxy\/wp-json\/wp\/v2\/posts\/2191"}],"collection":[{"href":"https:\/\/www.omsag.de\/proxy\/wp-json\/wp\/v2\/posts"}],"about":[{"href":"https:\/\/www.omsag.de\/proxy\/wp-json\/wp\/v2\/types\/post"}],"author":[{"embeddable":true,"href":"https:\/\/www.omsag.de\/proxy\/wp-json\/wp\/v2\/users\/46"}],"replies":[{"embeddable":true,"href":"https:\/\/www.omsag.de\/proxy\/wp-json\/wp\/v2\/comments?post=2191"}],"version-history":[{"count":0,"href":"https:\/\/www.omsag.de\/proxy\/wp-json\/wp\/v2\/posts\/2191\/revisions"}],"wp:featuredmedia":[{"embeddable":true,"href":"https:\/\/www.omsag.de\/proxy\/wp-json\/wp\/v2\/media\/88223"}],"wp:attachment":[{"href":"https:\/\/www.omsag.de\/proxy\/wp-json\/wp\/v2\/media?parent=2191"}],"wp:term":[{"taxonomy":"category","embeddable":true,"href":"https:\/\/www.omsag.de\/proxy\/wp-json\/wp\/v2\/categories?post=2191"},{"taxonomy":"post_tag","embeddable":true,"href":"https:\/\/www.omsag.de\/proxy\/wp-json\/wp\/v2\/tags?post=2191"}],"curies":[{"name":"wp","href":"https:\/\/api.w.org\/{rel}","templated":true}]}}