{"id":2178,"date":"2014-11-25T17:05:43","date_gmt":"2014-11-25T16:05:43","guid":{"rendered":"https:\/\/www.omsag.de\/?p=2178"},"modified":"2018-11-20T13:00:09","modified_gmt":"2018-11-20T12:00:09","slug":"innendienst-der-omsag-mit-neuem-leiter-coo-mario-porst-zentralisiert","status":"publish","type":"post","link":"https:\/\/www.omsag.de\/proxy\/online-marketing-blog\/unternehmensnachrichten\/innendienst-der-omsag-mit-neuem-leiter-coo-mario-porst-zentralisiert\/","title":{"rendered":"Innendienst der OMSAG mit  neuem Leiter (COO) Mario Porst zentralisiert"},"content":{"rendered":"<p style=\"text-align: justify;\">Seit dem 15. November steuert Mario Porst als neuer Leiter Innendienst \/ Chief Operating Officer (COO) das Kundengesch\u00e4ft der Online Marketing Solutions AG in Eschborn. Die Steuerung und Weiterentwicklung aller operativen bzw. direkt f\u00fcr Kunden der OMSAG arbeitenden Teams sind damit nun zentralisiert. Auf diese Weise schafft das Unternehmen eine weitere Grundlage f\u00fcr seine strategische Entwicklung.<\/p>\n<p><img loading=\"lazy\" decoding=\"async\" class=\"alignleft wp-image-2181\" src=\"https:\/\/www.omsag.de\/proxy\/wp-content\/uploads\/Neuer-Leiter-Innendienst-COO-Mario-Porst-300x225.jpg\" alt=\"\" width=\"169\" height=\"127\" \/><\/p>\n<p style=\"text-align: justify;\">Mario Porst hat bereits verschiedene Stationen bei der Online Marketing Solutions AG durchlaufen und in diesem Zuge immer wieder sein innovatives Denken und Handeln bewiesen. Nachdem er 2010 zun\u00e4chst als Projekt Manager f\u00fcr interne IT-Projekte sowie f\u00fcr die Bereiche Marketing und Prozessoptimierung zust\u00e4ndig war, wandte er sich ab 2012 als Manager Operations dar\u00fcber hinaus verst\u00e4rkt der Vertriebsunterst\u00fctzung und der strategische Ausrichtung des Unternehmens zu. W\u00e4hrend dieser Zeit stie\u00df er wichtige Ver\u00e4nderungen bei der Online Marketing Solutions AG an. So arbeitete er kontinuierlich an der Optimierung des CRM-Systems und an der Effektivit\u00e4tssteigerung der internen Prozesse.<\/p>\n<p style=\"text-align: justify;\">Zuletzt koordinierte Mario Porst zwei Jahre lang als Bereichsleiter Gro\u00dfkunden die Key Account Teams f\u00fcr Suchmaschinenoptimierung, Suchmaschinenwerbung sowie den gesamten Bereich SEO Offsite, Social Media Marketing und Internet Public Relations. Er implementierte w\u00e4hrend dieser Zeit eine neue Management-Ebene zur effektiven Steuerung dieser Teams und leitete Kundenprojekte jeglicher Gr\u00f6\u00dfenordnungen. Gemeinsam mit dem Vorstand widmete er sich zudem dem Aufbau von Partnerschaften zu wichtigen Kooperationspartnern wie Google und dem Bundesverband mittelst\u00e4ndische Wirtschaft (BVMW).<\/p>\n<p style=\"text-align: justify;\">Durch die Zentralisierung des Innendiensts durch Mario Porst schafft die OMSAG eine gute Basis zur schnelleren und effektiveren Entscheidungsfindung in vielen Bereichen. Dieser Schritt stellt somit eine wichtige Weiche f\u00fcr die strategische Entwicklung des Unternehmens dar.<\/p>\n","protected":false},"excerpt":{"rendered":"<p>Seit dem 15. November steuert Mario Porst als neuer Leiter Innendienst \/ Chief Operating Officer (COO) das Kundengesch\u00e4ft der Online Marketing Solutions AG in Eschborn. Die Steuerung und Weiterentwicklung aller operativen bzw. direkt f\u00fcr Kunden der OMSAG arbeitenden Teams sind damit nun zentralisiert. Auf diese Weise schafft das Unternehmen eine weitere Grundlage f\u00fcr seine strategische [&hellip;]<\/p>\n","protected":false},"author":46,"featured_media":88223,"comment_status":"closed","ping_status":"closed","sticky":false,"template":"","format":"standard","meta":{"content-type":"","footnotes":""},"categories":[39],"tags":[],"yoast_head":"<!-- This site is optimized with the Yoast SEO plugin v22.8 - https:\/\/yoast.com\/wordpress\/plugins\/seo\/ -->\n<title>OMSAG:Innendienst mit neuem Leiter (COO) Mario Porst zentralisiert<\/title>\n<meta name=\"description\" content=\"Seit dem 15. November steuert Mario Porst als neuer Leiter Innendienst \/ Chief Operating Officer (COO) das Kundengesch\u00e4ft.\" \/>\n<meta name=\"robots\" content=\"index, follow, max-snippet:-1, max-image-preview:large, max-video-preview:-1\" \/>\n<link rel=\"canonical\" href=\"https:\/\/www.omsag.de\/proxy\/online-marketing-blog\/unternehmensnachrichten\/innendienst-der-omsag-mit-neuem-leiter-coo-mario-porst-zentralisiert\/\" \/>\n<meta property=\"og:locale\" content=\"de_DE\" \/>\n<meta property=\"og:type\" content=\"article\" \/>\n<meta property=\"og:title\" content=\"OMSAG:Innendienst mit neuem Leiter (COO) Mario Porst zentralisiert\" \/>\n<meta property=\"og:description\" content=\"Seit dem 15. November steuert Mario Porst als neuer Leiter Innendienst \/ Chief Operating Officer (COO) das Kundengesch\u00e4ft.\" \/>\n<meta property=\"og:url\" content=\"https:\/\/www.omsag.de\/proxy\/online-marketing-blog\/unternehmensnachrichten\/innendienst-der-omsag-mit-neuem-leiter-coo-mario-porst-zentralisiert\/\" \/>\n<meta property=\"og:site_name\" content=\"Online Marketing &amp; Suchmaschinenmarketing Agentur OMSAG\" \/>\n<meta property=\"article:publisher\" content=\"https:\/\/www.facebook.com\/Online.Marketing.Solutions.AG\" \/>\n<meta property=\"article:published_time\" content=\"2014-11-25T16:05:43+00:00\" \/>\n<meta property=\"article:modified_time\" content=\"2018-11-20T12:00:09+00:00\" \/>\n<meta property=\"og:image\" content=\"https:\/\/www.omsag.de\/proxy\/wp-content\/uploads\/2015\/06\/Hashtag.png\" \/>\n\t<meta property=\"og:image:width\" content=\"1038\" \/>\n\t<meta property=\"og:image:height\" content=\"598\" \/>\n\t<meta property=\"og:image:type\" content=\"image\/png\" \/>\n<meta name=\"author\" content=\"Presse\" \/>\n<meta name=\"twitter:card\" content=\"summary_large_image\" \/>\n<meta name=\"twitter:label1\" content=\"Verfasst von\" \/>\n\t<meta name=\"twitter:data1\" content=\"Presse\" \/>\n\t<meta name=\"twitter:label2\" content=\"Gesch\u00e4tzte Lesezeit\" \/>\n\t<meta name=\"twitter:data2\" content=\"1\u00a0Minute\" \/>\n<script type=\"application\/ld+json\" class=\"yoast-schema-graph\">{\"@context\":\"https:\/\/schema.org\",\"@graph\":[{\"@type\":\"Article\",\"@id\":\"https:\/\/www.omsag.de\/proxy\/online-marketing-blog\/unternehmensnachrichten\/innendienst-der-omsag-mit-neuem-leiter-coo-mario-porst-zentralisiert\/#article\",\"isPartOf\":{\"@id\":\"https:\/\/www.omsag.de\/proxy\/online-marketing-blog\/unternehmensnachrichten\/innendienst-der-omsag-mit-neuem-leiter-coo-mario-porst-zentralisiert\/\"},\"author\":{\"name\":\"Presse\",\"@id\":\"https:\/\/www.omsag.de\/proxy\/#\/schema\/person\/beb882437f9d1d6729304201da4c6b8f\"},\"headline\":\"Innendienst der OMSAG mit neuem Leiter (COO) Mario Porst zentralisiert\",\"datePublished\":\"2014-11-25T16:05:43+00:00\",\"dateModified\":\"2018-11-20T12:00:09+00:00\",\"mainEntityOfPage\":{\"@id\":\"https:\/\/www.omsag.de\/proxy\/online-marketing-blog\/unternehmensnachrichten\/innendienst-der-omsag-mit-neuem-leiter-coo-mario-porst-zentralisiert\/\"},\"wordCount\":282,\"publisher\":{\"@id\":\"https:\/\/www.omsag.de\/proxy\/#organization\"},\"image\":{\"@id\":\"https:\/\/www.omsag.de\/proxy\/online-marketing-blog\/unternehmensnachrichten\/innendienst-der-omsag-mit-neuem-leiter-coo-mario-porst-zentralisiert\/#primaryimage\"},\"thumbnailUrl\":\"https:\/\/www.omsag.de\/proxy\/wp-content\/uploads\/2015\/06\/Hashtag.png\",\"articleSection\":[\"Unternehmensnachrichten\"],\"inLanguage\":\"de\"},{\"@type\":\"WebPage\",\"@id\":\"https:\/\/www.omsag.de\/proxy\/online-marketing-blog\/unternehmensnachrichten\/innendienst-der-omsag-mit-neuem-leiter-coo-mario-porst-zentralisiert\/\",\"url\":\"https:\/\/www.omsag.de\/proxy\/online-marketing-blog\/unternehmensnachrichten\/innendienst-der-omsag-mit-neuem-leiter-coo-mario-porst-zentralisiert\/\",\"name\":\"OMSAG:Innendienst mit neuem Leiter (COO) Mario Porst zentralisiert\",\"isPartOf\":{\"@id\":\"https:\/\/www.omsag.de\/proxy\/#website\"},\"primaryImageOfPage\":{\"@id\":\"https:\/\/www.omsag.de\/proxy\/online-marketing-blog\/unternehmensnachrichten\/innendienst-der-omsag-mit-neuem-leiter-coo-mario-porst-zentralisiert\/#primaryimage\"},\"image\":{\"@id\":\"https:\/\/www.omsag.de\/proxy\/online-marketing-blog\/unternehmensnachrichten\/innendienst-der-omsag-mit-neuem-leiter-coo-mario-porst-zentralisiert\/#primaryimage\"},\"thumbnailUrl\":\"https:\/\/www.omsag.de\/proxy\/wp-content\/uploads\/2015\/06\/Hashtag.png\",\"datePublished\":\"2014-11-25T16:05:43+00:00\",\"dateModified\":\"2018-11-20T12:00:09+00:00\",\"description\":\"Seit dem 15. November steuert Mario Porst als neuer Leiter Innendienst \/ Chief Operating Officer (COO) das Kundengesch\u00e4ft.\",\"breadcrumb\":{\"@id\":\"https:\/\/www.omsag.de\/proxy\/online-marketing-blog\/unternehmensnachrichten\/innendienst-der-omsag-mit-neuem-leiter-coo-mario-porst-zentralisiert\/#breadcrumb\"},\"inLanguage\":\"de\",\"potentialAction\":[{\"@type\":\"ReadAction\",\"target\":[\"https:\/\/www.omsag.de\/proxy\/online-marketing-blog\/unternehmensnachrichten\/innendienst-der-omsag-mit-neuem-leiter-coo-mario-porst-zentralisiert\/\"]}]},{\"@type\":\"ImageObject\",\"inLanguage\":\"de\",\"@id\":\"https:\/\/www.omsag.de\/proxy\/online-marketing-blog\/unternehmensnachrichten\/innendienst-der-omsag-mit-neuem-leiter-coo-mario-porst-zentralisiert\/#primaryimage\",\"url\":\"https:\/\/www.omsag.de\/proxy\/wp-content\/uploads\/2015\/06\/Hashtag.png\",\"contentUrl\":\"https:\/\/www.omsag.de\/proxy\/wp-content\/uploads\/2015\/06\/Hashtag.png\",\"width\":1038,\"height\":598,\"caption\":\"Pressemeldung\"},{\"@type\":\"BreadcrumbList\",\"@id\":\"https:\/\/www.omsag.de\/proxy\/online-marketing-blog\/unternehmensnachrichten\/innendienst-der-omsag-mit-neuem-leiter-coo-mario-porst-zentralisiert\/#breadcrumb\",\"itemListElement\":[{\"@type\":\"ListItem\",\"position\":1,\"name\":\"Startseite\",\"item\":\"https:\/\/www.omsag.de\/proxy\/\"},{\"@type\":\"ListItem\",\"position\":2,\"name\":\"Unternehmensnachrichten\",\"item\":\"https:\/\/www.omsag.de\/proxy\/online-marketing-blog\/unternehmensnachrichten\/\"},{\"@type\":\"ListItem\",\"position\":3,\"name\":\"Innendienst der OMSAG mit neuem Leiter (COO) Mario Porst zentralisiert\"}]},{\"@type\":\"WebSite\",\"@id\":\"https:\/\/www.omsag.de\/proxy\/#website\",\"url\":\"https:\/\/www.omsag.de\/proxy\/\",\"name\":\"Online Marketing & Suchmaschinenmarketing Agentur OMSAG\",\"description\":\"\",\"publisher\":{\"@id\":\"https:\/\/www.omsag.de\/proxy\/#organization\"},\"potentialAction\":[{\"@type\":\"SearchAction\",\"target\":{\"@type\":\"EntryPoint\",\"urlTemplate\":\"https:\/\/www.omsag.de\/proxy\/?s={search_term_string}\"},\"query-input\":\"required name=search_term_string\"}],\"inLanguage\":\"de\"},{\"@type\":\"Organization\",\"@id\":\"https:\/\/www.omsag.de\/proxy\/#organization\",\"name\":\"OMSAG\",\"url\":\"https:\/\/www.omsag.de\/proxy\/\",\"logo\":{\"@type\":\"ImageObject\",\"inLanguage\":\"de\",\"@id\":\"https:\/\/www.omsag.de\/proxy\/#\/schema\/logo\/image\/\",\"url\":\"https:\/\/www.omsag.de\/proxy\/wp-content\/uploads\/2020\/08\/oms-logo-1.jpg\",\"contentUrl\":\"https:\/\/www.omsag.de\/proxy\/wp-content\/uploads\/2020\/08\/oms-logo-1.jpg\",\"width\":500,\"height\":148,\"caption\":\"OMSAG\"},\"image\":{\"@id\":\"https:\/\/www.omsag.de\/proxy\/#\/schema\/logo\/image\/\"},\"sameAs\":[\"https:\/\/www.facebook.com\/Online.Marketing.Solutions.AG\",\"https:\/\/www.instagram.com\/omsag\/\",\"https:\/\/de.linkedin.com\/company\/online-marketing-solutions-ag\"]},{\"@type\":\"Person\",\"@id\":\"https:\/\/www.omsag.de\/proxy\/#\/schema\/person\/beb882437f9d1d6729304201da4c6b8f\",\"name\":\"Presse\",\"description\":\"Die Presseredaktion ver\u00f6ffentlicht alle wichtigen Neuigkeiten rund um das Unternehmen, z. B. zu Produktneuheiten oder -erweiterungen, Personalien, Messeauftritten sowie interessanten OMSAG-Events und neuen Partnerschaften. Dar\u00fcber hinaus erhalten Sie im Pressespiegel eine \u00dcbersicht aller Beitr\u00e4ge aus der \u00f6ffentlichen Berichterstattung \u00fcber die Online Marketing Solutions AG.\",\"sameAs\":[\"https:\/\/www.omsag.de\"],\"url\":\"https:\/\/www.omsag.de\/proxy\/online-marketing-blog\/author\/presseredaktion\/\"}]}<\/script>\n<!-- \/ Yoast SEO plugin. -->","yoast_head_json":{"title":"OMSAG:Innendienst mit neuem Leiter (COO) Mario Porst zentralisiert","description":"Seit dem 15. November steuert Mario Porst als neuer Leiter Innendienst \/ Chief Operating Officer (COO) das Kundengesch\u00e4ft.","robots":{"index":"index","follow":"follow","max-snippet":"max-snippet:-1","max-image-preview":"max-image-preview:large","max-video-preview":"max-video-preview:-1"},"canonical":"https:\/\/www.omsag.de\/proxy\/online-marketing-blog\/unternehmensnachrichten\/innendienst-der-omsag-mit-neuem-leiter-coo-mario-porst-zentralisiert\/","og_locale":"de_DE","og_type":"article","og_title":"OMSAG:Innendienst mit neuem Leiter (COO) Mario Porst zentralisiert","og_description":"Seit dem 15. November steuert Mario Porst als neuer Leiter Innendienst \/ Chief Operating Officer (COO) das Kundengesch\u00e4ft.","og_url":"https:\/\/www.omsag.de\/proxy\/online-marketing-blog\/unternehmensnachrichten\/innendienst-der-omsag-mit-neuem-leiter-coo-mario-porst-zentralisiert\/","og_site_name":"Online Marketing &amp; Suchmaschinenmarketing Agentur OMSAG","article_publisher":"https:\/\/www.facebook.com\/Online.Marketing.Solutions.AG","article_published_time":"2014-11-25T16:05:43+00:00","article_modified_time":"2018-11-20T12:00:09+00:00","og_image":[{"width":1038,"height":598,"url":"https:\/\/www.omsag.de\/proxy\/wp-content\/uploads\/2015\/06\/Hashtag.png","type":"image\/png"}],"author":"Presse","twitter_card":"summary_large_image","twitter_misc":{"Verfasst von":"Presse","Gesch\u00e4tzte Lesezeit":"1\u00a0Minute"},"schema":{"@context":"https:\/\/schema.org","@graph":[{"@type":"Article","@id":"https:\/\/www.omsag.de\/proxy\/online-marketing-blog\/unternehmensnachrichten\/innendienst-der-omsag-mit-neuem-leiter-coo-mario-porst-zentralisiert\/#article","isPartOf":{"@id":"https:\/\/www.omsag.de\/proxy\/online-marketing-blog\/unternehmensnachrichten\/innendienst-der-omsag-mit-neuem-leiter-coo-mario-porst-zentralisiert\/"},"author":{"name":"Presse","@id":"https:\/\/www.omsag.de\/proxy\/#\/schema\/person\/beb882437f9d1d6729304201da4c6b8f"},"headline":"Innendienst der OMSAG mit neuem Leiter (COO) Mario Porst zentralisiert","datePublished":"2014-11-25T16:05:43+00:00","dateModified":"2018-11-20T12:00:09+00:00","mainEntityOfPage":{"@id":"https:\/\/www.omsag.de\/proxy\/online-marketing-blog\/unternehmensnachrichten\/innendienst-der-omsag-mit-neuem-leiter-coo-mario-porst-zentralisiert\/"},"wordCount":282,"publisher":{"@id":"https:\/\/www.omsag.de\/proxy\/#organization"},"image":{"@id":"https:\/\/www.omsag.de\/proxy\/online-marketing-blog\/unternehmensnachrichten\/innendienst-der-omsag-mit-neuem-leiter-coo-mario-porst-zentralisiert\/#primaryimage"},"thumbnailUrl":"https:\/\/www.omsag.de\/proxy\/wp-content\/uploads\/2015\/06\/Hashtag.png","articleSection":["Unternehmensnachrichten"],"inLanguage":"de"},{"@type":"WebPage","@id":"https:\/\/www.omsag.de\/proxy\/online-marketing-blog\/unternehmensnachrichten\/innendienst-der-omsag-mit-neuem-leiter-coo-mario-porst-zentralisiert\/","url":"https:\/\/www.omsag.de\/proxy\/online-marketing-blog\/unternehmensnachrichten\/innendienst-der-omsag-mit-neuem-leiter-coo-mario-porst-zentralisiert\/","name":"OMSAG:Innendienst mit neuem Leiter (COO) Mario Porst zentralisiert","isPartOf":{"@id":"https:\/\/www.omsag.de\/proxy\/#website"},"primaryImageOfPage":{"@id":"https:\/\/www.omsag.de\/proxy\/online-marketing-blog\/unternehmensnachrichten\/innendienst-der-omsag-mit-neuem-leiter-coo-mario-porst-zentralisiert\/#primaryimage"},"image":{"@id":"https:\/\/www.omsag.de\/proxy\/online-marketing-blog\/unternehmensnachrichten\/innendienst-der-omsag-mit-neuem-leiter-coo-mario-porst-zentralisiert\/#primaryimage"},"thumbnailUrl":"https:\/\/www.omsag.de\/proxy\/wp-content\/uploads\/2015\/06\/Hashtag.png","datePublished":"2014-11-25T16:05:43+00:00","dateModified":"2018-11-20T12:00:09+00:00","description":"Seit dem 15. November steuert Mario Porst als neuer Leiter Innendienst \/ Chief Operating Officer (COO) das Kundengesch\u00e4ft.","breadcrumb":{"@id":"https:\/\/www.omsag.de\/proxy\/online-marketing-blog\/unternehmensnachrichten\/innendienst-der-omsag-mit-neuem-leiter-coo-mario-porst-zentralisiert\/#breadcrumb"},"inLanguage":"de","potentialAction":[{"@type":"ReadAction","target":["https:\/\/www.omsag.de\/proxy\/online-marketing-blog\/unternehmensnachrichten\/innendienst-der-omsag-mit-neuem-leiter-coo-mario-porst-zentralisiert\/"]}]},{"@type":"ImageObject","inLanguage":"de","@id":"https:\/\/www.omsag.de\/proxy\/online-marketing-blog\/unternehmensnachrichten\/innendienst-der-omsag-mit-neuem-leiter-coo-mario-porst-zentralisiert\/#primaryimage","url":"https:\/\/www.omsag.de\/proxy\/wp-content\/uploads\/2015\/06\/Hashtag.png","contentUrl":"https:\/\/www.omsag.de\/proxy\/wp-content\/uploads\/2015\/06\/Hashtag.png","width":1038,"height":598,"caption":"Pressemeldung"},{"@type":"BreadcrumbList","@id":"https:\/\/www.omsag.de\/proxy\/online-marketing-blog\/unternehmensnachrichten\/innendienst-der-omsag-mit-neuem-leiter-coo-mario-porst-zentralisiert\/#breadcrumb","itemListElement":[{"@type":"ListItem","position":1,"name":"Startseite","item":"https:\/\/www.omsag.de\/proxy\/"},{"@type":"ListItem","position":2,"name":"Unternehmensnachrichten","item":"https:\/\/www.omsag.de\/proxy\/online-marketing-blog\/unternehmensnachrichten\/"},{"@type":"ListItem","position":3,"name":"Innendienst der OMSAG mit neuem Leiter (COO) Mario Porst zentralisiert"}]},{"@type":"WebSite","@id":"https:\/\/www.omsag.de\/proxy\/#website","url":"https:\/\/www.omsag.de\/proxy\/","name":"Online Marketing & Suchmaschinenmarketing Agentur OMSAG","description":"","publisher":{"@id":"https:\/\/www.omsag.de\/proxy\/#organization"},"potentialAction":[{"@type":"SearchAction","target":{"@type":"EntryPoint","urlTemplate":"https:\/\/www.omsag.de\/proxy\/?s={search_term_string}"},"query-input":"required name=search_term_string"}],"inLanguage":"de"},{"@type":"Organization","@id":"https:\/\/www.omsag.de\/proxy\/#organization","name":"OMSAG","url":"https:\/\/www.omsag.de\/proxy\/","logo":{"@type":"ImageObject","inLanguage":"de","@id":"https:\/\/www.omsag.de\/proxy\/#\/schema\/logo\/image\/","url":"https:\/\/www.omsag.de\/proxy\/wp-content\/uploads\/2020\/08\/oms-logo-1.jpg","contentUrl":"https:\/\/www.omsag.de\/proxy\/wp-content\/uploads\/2020\/08\/oms-logo-1.jpg","width":500,"height":148,"caption":"OMSAG"},"image":{"@id":"https:\/\/www.omsag.de\/proxy\/#\/schema\/logo\/image\/"},"sameAs":["https:\/\/www.facebook.com\/Online.Marketing.Solutions.AG","https:\/\/www.instagram.com\/omsag\/","https:\/\/de.linkedin.com\/company\/online-marketing-solutions-ag"]},{"@type":"Person","@id":"https:\/\/www.omsag.de\/proxy\/#\/schema\/person\/beb882437f9d1d6729304201da4c6b8f","name":"Presse","description":"Die Presseredaktion ver\u00f6ffentlicht alle wichtigen Neuigkeiten rund um das Unternehmen, z. B. zu Produktneuheiten oder -erweiterungen, Personalien, Messeauftritten sowie interessanten OMSAG-Events und neuen Partnerschaften. Dar\u00fcber hinaus erhalten Sie im Pressespiegel eine \u00dcbersicht aller Beitr\u00e4ge aus der \u00f6ffentlichen Berichterstattung \u00fcber die Online Marketing Solutions AG.","sameAs":["https:\/\/www.omsag.de"],"url":"https:\/\/www.omsag.de\/proxy\/online-marketing-blog\/author\/presseredaktion\/"}]}},"_links":{"self":[{"href":"https:\/\/www.omsag.de\/proxy\/wp-json\/wp\/v2\/posts\/2178"}],"collection":[{"href":"https:\/\/www.omsag.de\/proxy\/wp-json\/wp\/v2\/posts"}],"about":[{"href":"https:\/\/www.omsag.de\/proxy\/wp-json\/wp\/v2\/types\/post"}],"author":[{"embeddable":true,"href":"https:\/\/www.omsag.de\/proxy\/wp-json\/wp\/v2\/users\/46"}],"replies":[{"embeddable":true,"href":"https:\/\/www.omsag.de\/proxy\/wp-json\/wp\/v2\/comments?post=2178"}],"version-history":[{"count":0,"href":"https:\/\/www.omsag.de\/proxy\/wp-json\/wp\/v2\/posts\/2178\/revisions"}],"wp:featuredmedia":[{"embeddable":true,"href":"https:\/\/www.omsag.de\/proxy\/wp-json\/wp\/v2\/media\/88223"}],"wp:attachment":[{"href":"https:\/\/www.omsag.de\/proxy\/wp-json\/wp\/v2\/media?parent=2178"}],"wp:term":[{"taxonomy":"category","embeddable":true,"href":"https:\/\/www.omsag.de\/proxy\/wp-json\/wp\/v2\/categories?post=2178"},{"taxonomy":"post_tag","embeddable":true,"href":"https:\/\/www.omsag.de\/proxy\/wp-json\/wp\/v2\/tags?post=2178"}],"curies":[{"name":"wp","href":"https:\/\/api.w.org\/{rel}","templated":true}]}}