{"id":1975,"date":"2014-03-17T08:11:25","date_gmt":"2014-03-17T07:11:25","guid":{"rendered":"https:\/\/www.omsag.de\/?p=1975"},"modified":"2018-11-20T13:15:44","modified_gmt":"2018-11-20T12:15:44","slug":"omsag-blog-erstrahlt-im-neuen-design","status":"publish","type":"post","link":"https:\/\/www.omsag.de\/proxy\/online-marketing-blog\/unternehmensnachrichten\/omsag-blog-erstrahlt-im-neuen-design\/","title":{"rendered":"OMSAG-Blog erstrahlt im neuen Design"},"content":{"rendered":"<p style=\"text-align: justify;\">Unwesentliches reduzieren und Inhalte in den Fokus setzen. Das war das erkl\u00e4rte Ziel im Zuge des <strong>Relaunch des OMSAG Corporate Blogs<\/strong>. Neben dem Design wurden auch Inhalte und Aufbau der Seite zugunsten von <strong>Leserfreundlichkeit<\/strong> und <strong>Service<\/strong> rund um das Informationsangebot optimiert. Wir freuen uns daher, dass es uns gelungen ist, diese Qualit\u00e4tsanspr\u00fcche im Design und Aufbau des Blogs erfolgreich umzusetzen. Die Themenf\u00fclle, Kategorien, Icons und weitere Designelemente, die wir dort pr\u00e4sentieren, sind dementsprechend auf ein sinnvolles bzw. leserliches Ma\u00df reduziert.<\/p>\n<p style=\"text-align: justify;\"><strong>Hier finden Sie detailierte Informationen \u00fcber die vorgenommenen \u00c4nderungen: https:\/\/www.omsag.de\/blog\/.<\/strong><\/p>\n<p style=\"text-align: justify;\"><!--more--><br \/>\nNeben qualitativ hochwertigen Inhalten wollen wir die <strong>Interaktivit\u00e4t<\/strong> zwischen Lesern und Blog-Autoren erh\u00f6hen. Dazu finden Blog-Besucher k\u00fcnftig unter jedem Beitrag eine Autorenbeschreibung inklusive eines Profilbilds sowie Verweise auf die jeweiligen Online-Profile des Autors vor.<\/p>\n<h2 style=\"text-align: justify;\">Service-Gedanke im Mittelpunkt<\/h2>\n<p style=\"text-align: justify;\">Auch in diesem Punkt hat die OMSAG sich an dem <strong>Leitgedanken<\/strong> orientiert, die Interessen der Blog-Leserschaft und den erh\u00f6hten Service-Gedanken in den Mittelpunkt zu setzen. Ein fortlaufender, nicht zu vernachl\u00e4ssigender Trend ist die mobile Internetnutzung. Die Kompatibilit\u00e4t der Seite bei Zugriff \u00fcber mobile Endger\u00e4te garantieren wir daher zuk\u00fcnftig durch <strong>Responsive Webdesign<\/strong>. Dadurch passt sich die Blog-Seite verschiedenen Displaygr\u00f6\u00dfen an &#8211; Leser behalten so auch per Smartphone und Tablet alles jederzeit im Blick. Insgesamt f\u00fcgt sich der Blog somit inhaltlich und visuell besser in das Gesamtbild der OMSAG-Website ein.<\/p>\n","protected":false},"excerpt":{"rendered":"<p>Unwesentliches reduzieren und Inhalte in den Fokus setzen. Das war das erkl\u00e4rte Ziel im Zuge des Relaunch des OMSAG Corporate Blogs. Neben dem Design wurden auch Inhalte und Aufbau der Seite zugunsten von Leserfreundlichkeit und Service rund um das Informationsangebot optimiert. Wir freuen uns daher, dass es uns gelungen ist, diese Qualit\u00e4tsanspr\u00fcche im Design und [&hellip;]<\/p>\n","protected":false},"author":46,"featured_media":0,"comment_status":"closed","ping_status":"closed","sticky":false,"template":"","format":"standard","meta":{"content-type":"","footnotes":""},"categories":[39],"tags":[],"yoast_head":"<!-- This site is optimized with the Yoast SEO plugin v22.8 - https:\/\/yoast.com\/wordpress\/plugins\/seo\/ -->\n<title>OMSAG-Blog erstrahlt im neuen Design - OMSAG Presse<\/title>\n<meta name=\"description\" content=\"Unwesentliches reduzieren &amp; Inhalte in den Fokus setzen. Das war das Ziel des Relaunch des Corporate Blogs der OMSAG.\" \/>\n<meta name=\"robots\" content=\"index, follow, max-snippet:-1, max-image-preview:large, max-video-preview:-1\" \/>\n<link rel=\"canonical\" href=\"https:\/\/www.omsag.de\/proxy\/online-marketing-blog\/unternehmensnachrichten\/omsag-blog-erstrahlt-im-neuen-design\/\" \/>\n<meta property=\"og:locale\" content=\"de_DE\" \/>\n<meta property=\"og:type\" content=\"article\" \/>\n<meta property=\"og:title\" content=\"OMSAG-Blog erstrahlt im neuen Design - OMSAG Presse\" \/>\n<meta property=\"og:description\" content=\"Unwesentliches reduzieren &amp; Inhalte in den Fokus setzen. Das war das Ziel des Relaunch des Corporate Blogs der OMSAG.\" \/>\n<meta property=\"og:url\" content=\"https:\/\/www.omsag.de\/proxy\/online-marketing-blog\/unternehmensnachrichten\/omsag-blog-erstrahlt-im-neuen-design\/\" \/>\n<meta property=\"og:site_name\" content=\"Online Marketing &amp; Suchmaschinenmarketing Agentur OMSAG\" \/>\n<meta property=\"article:publisher\" content=\"https:\/\/www.facebook.com\/Online.Marketing.Solutions.AG\" \/>\n<meta property=\"article:published_time\" content=\"2014-03-17T07:11:25+00:00\" \/>\n<meta property=\"article:modified_time\" content=\"2018-11-20T12:15:44+00:00\" \/>\n<meta name=\"author\" content=\"Presse\" \/>\n<meta name=\"twitter:card\" content=\"summary_large_image\" \/>\n<meta name=\"twitter:label1\" content=\"Verfasst von\" \/>\n\t<meta name=\"twitter:data1\" content=\"Presse\" \/>\n\t<meta name=\"twitter:label2\" content=\"Gesch\u00e4tzte Lesezeit\" \/>\n\t<meta name=\"twitter:data2\" content=\"1\u00a0Minute\" \/>\n<script type=\"application\/ld+json\" class=\"yoast-schema-graph\">{\"@context\":\"https:\/\/schema.org\",\"@graph\":[{\"@type\":\"Article\",\"@id\":\"https:\/\/www.omsag.de\/proxy\/online-marketing-blog\/unternehmensnachrichten\/omsag-blog-erstrahlt-im-neuen-design\/#article\",\"isPartOf\":{\"@id\":\"https:\/\/www.omsag.de\/proxy\/online-marketing-blog\/unternehmensnachrichten\/omsag-blog-erstrahlt-im-neuen-design\/\"},\"author\":{\"name\":\"Presse\",\"@id\":\"https:\/\/www.omsag.de\/proxy\/#\/schema\/person\/beb882437f9d1d6729304201da4c6b8f\"},\"headline\":\"OMSAG-Blog erstrahlt im neuen Design\",\"datePublished\":\"2014-03-17T07:11:25+00:00\",\"dateModified\":\"2018-11-20T12:15:44+00:00\",\"mainEntityOfPage\":{\"@id\":\"https:\/\/www.omsag.de\/proxy\/online-marketing-blog\/unternehmensnachrichten\/omsag-blog-erstrahlt-im-neuen-design\/\"},\"wordCount\":239,\"publisher\":{\"@id\":\"https:\/\/www.omsag.de\/proxy\/#organization\"},\"articleSection\":[\"Unternehmensnachrichten\"],\"inLanguage\":\"de\"},{\"@type\":\"WebPage\",\"@id\":\"https:\/\/www.omsag.de\/proxy\/online-marketing-blog\/unternehmensnachrichten\/omsag-blog-erstrahlt-im-neuen-design\/\",\"url\":\"https:\/\/www.omsag.de\/proxy\/online-marketing-blog\/unternehmensnachrichten\/omsag-blog-erstrahlt-im-neuen-design\/\",\"name\":\"OMSAG-Blog erstrahlt im neuen Design - OMSAG Presse\",\"isPartOf\":{\"@id\":\"https:\/\/www.omsag.de\/proxy\/#website\"},\"datePublished\":\"2014-03-17T07:11:25+00:00\",\"dateModified\":\"2018-11-20T12:15:44+00:00\",\"description\":\"Unwesentliches reduzieren & Inhalte in den Fokus setzen. Das war das Ziel des Relaunch des Corporate Blogs der OMSAG.\",\"breadcrumb\":{\"@id\":\"https:\/\/www.omsag.de\/proxy\/online-marketing-blog\/unternehmensnachrichten\/omsag-blog-erstrahlt-im-neuen-design\/#breadcrumb\"},\"inLanguage\":\"de\",\"potentialAction\":[{\"@type\":\"ReadAction\",\"target\":[\"https:\/\/www.omsag.de\/proxy\/online-marketing-blog\/unternehmensnachrichten\/omsag-blog-erstrahlt-im-neuen-design\/\"]}]},{\"@type\":\"BreadcrumbList\",\"@id\":\"https:\/\/www.omsag.de\/proxy\/online-marketing-blog\/unternehmensnachrichten\/omsag-blog-erstrahlt-im-neuen-design\/#breadcrumb\",\"itemListElement\":[{\"@type\":\"ListItem\",\"position\":1,\"name\":\"Startseite\",\"item\":\"https:\/\/www.omsag.de\/proxy\/\"},{\"@type\":\"ListItem\",\"position\":2,\"name\":\"Unternehmensnachrichten\",\"item\":\"https:\/\/www.omsag.de\/proxy\/online-marketing-blog\/unternehmensnachrichten\/\"},{\"@type\":\"ListItem\",\"position\":3,\"name\":\"OMSAG-Blog erstrahlt im neuen Design\"}]},{\"@type\":\"WebSite\",\"@id\":\"https:\/\/www.omsag.de\/proxy\/#website\",\"url\":\"https:\/\/www.omsag.de\/proxy\/\",\"name\":\"Online Marketing & Suchmaschinenmarketing Agentur OMSAG\",\"description\":\"\",\"publisher\":{\"@id\":\"https:\/\/www.omsag.de\/proxy\/#organization\"},\"potentialAction\":[{\"@type\":\"SearchAction\",\"target\":{\"@type\":\"EntryPoint\",\"urlTemplate\":\"https:\/\/www.omsag.de\/proxy\/?s={search_term_string}\"},\"query-input\":\"required name=search_term_string\"}],\"inLanguage\":\"de\"},{\"@type\":\"Organization\",\"@id\":\"https:\/\/www.omsag.de\/proxy\/#organization\",\"name\":\"OMSAG\",\"url\":\"https:\/\/www.omsag.de\/proxy\/\",\"logo\":{\"@type\":\"ImageObject\",\"inLanguage\":\"de\",\"@id\":\"https:\/\/www.omsag.de\/proxy\/#\/schema\/logo\/image\/\",\"url\":\"https:\/\/www.omsag.de\/proxy\/wp-content\/uploads\/2020\/08\/oms-logo-1.jpg\",\"contentUrl\":\"https:\/\/www.omsag.de\/proxy\/wp-content\/uploads\/2020\/08\/oms-logo-1.jpg\",\"width\":500,\"height\":148,\"caption\":\"OMSAG\"},\"image\":{\"@id\":\"https:\/\/www.omsag.de\/proxy\/#\/schema\/logo\/image\/\"},\"sameAs\":[\"https:\/\/www.facebook.com\/Online.Marketing.Solutions.AG\",\"https:\/\/www.instagram.com\/omsag\/\",\"https:\/\/de.linkedin.com\/company\/online-marketing-solutions-ag\"]},{\"@type\":\"Person\",\"@id\":\"https:\/\/www.omsag.de\/proxy\/#\/schema\/person\/beb882437f9d1d6729304201da4c6b8f\",\"name\":\"Presse\",\"description\":\"Die Presseredaktion ver\u00f6ffentlicht alle wichtigen Neuigkeiten rund um das Unternehmen, z. B. zu Produktneuheiten oder -erweiterungen, Personalien, Messeauftritten sowie interessanten OMSAG-Events und neuen Partnerschaften. Dar\u00fcber hinaus erhalten Sie im Pressespiegel eine \u00dcbersicht aller Beitr\u00e4ge aus der \u00f6ffentlichen Berichterstattung \u00fcber die Online Marketing Solutions AG.\",\"sameAs\":[\"https:\/\/www.omsag.de\"],\"url\":\"https:\/\/www.omsag.de\/proxy\/online-marketing-blog\/author\/presseredaktion\/\"}]}<\/script>\n<!-- \/ Yoast SEO plugin. -->","yoast_head_json":{"title":"OMSAG-Blog erstrahlt im neuen Design - OMSAG Presse","description":"Unwesentliches reduzieren & Inhalte in den Fokus setzen. Das war das Ziel des Relaunch des Corporate Blogs der OMSAG.","robots":{"index":"index","follow":"follow","max-snippet":"max-snippet:-1","max-image-preview":"max-image-preview:large","max-video-preview":"max-video-preview:-1"},"canonical":"https:\/\/www.omsag.de\/proxy\/online-marketing-blog\/unternehmensnachrichten\/omsag-blog-erstrahlt-im-neuen-design\/","og_locale":"de_DE","og_type":"article","og_title":"OMSAG-Blog erstrahlt im neuen Design - OMSAG Presse","og_description":"Unwesentliches reduzieren & Inhalte in den Fokus setzen. Das war das Ziel des Relaunch des Corporate Blogs der OMSAG.","og_url":"https:\/\/www.omsag.de\/proxy\/online-marketing-blog\/unternehmensnachrichten\/omsag-blog-erstrahlt-im-neuen-design\/","og_site_name":"Online Marketing &amp; Suchmaschinenmarketing Agentur OMSAG","article_publisher":"https:\/\/www.facebook.com\/Online.Marketing.Solutions.AG","article_published_time":"2014-03-17T07:11:25+00:00","article_modified_time":"2018-11-20T12:15:44+00:00","author":"Presse","twitter_card":"summary_large_image","twitter_misc":{"Verfasst von":"Presse","Gesch\u00e4tzte Lesezeit":"1\u00a0Minute"},"schema":{"@context":"https:\/\/schema.org","@graph":[{"@type":"Article","@id":"https:\/\/www.omsag.de\/proxy\/online-marketing-blog\/unternehmensnachrichten\/omsag-blog-erstrahlt-im-neuen-design\/#article","isPartOf":{"@id":"https:\/\/www.omsag.de\/proxy\/online-marketing-blog\/unternehmensnachrichten\/omsag-blog-erstrahlt-im-neuen-design\/"},"author":{"name":"Presse","@id":"https:\/\/www.omsag.de\/proxy\/#\/schema\/person\/beb882437f9d1d6729304201da4c6b8f"},"headline":"OMSAG-Blog erstrahlt im neuen Design","datePublished":"2014-03-17T07:11:25+00:00","dateModified":"2018-11-20T12:15:44+00:00","mainEntityOfPage":{"@id":"https:\/\/www.omsag.de\/proxy\/online-marketing-blog\/unternehmensnachrichten\/omsag-blog-erstrahlt-im-neuen-design\/"},"wordCount":239,"publisher":{"@id":"https:\/\/www.omsag.de\/proxy\/#organization"},"articleSection":["Unternehmensnachrichten"],"inLanguage":"de"},{"@type":"WebPage","@id":"https:\/\/www.omsag.de\/proxy\/online-marketing-blog\/unternehmensnachrichten\/omsag-blog-erstrahlt-im-neuen-design\/","url":"https:\/\/www.omsag.de\/proxy\/online-marketing-blog\/unternehmensnachrichten\/omsag-blog-erstrahlt-im-neuen-design\/","name":"OMSAG-Blog erstrahlt im neuen Design - OMSAG Presse","isPartOf":{"@id":"https:\/\/www.omsag.de\/proxy\/#website"},"datePublished":"2014-03-17T07:11:25+00:00","dateModified":"2018-11-20T12:15:44+00:00","description":"Unwesentliches reduzieren & Inhalte in den Fokus setzen. Das war das Ziel des Relaunch des Corporate Blogs der OMSAG.","breadcrumb":{"@id":"https:\/\/www.omsag.de\/proxy\/online-marketing-blog\/unternehmensnachrichten\/omsag-blog-erstrahlt-im-neuen-design\/#breadcrumb"},"inLanguage":"de","potentialAction":[{"@type":"ReadAction","target":["https:\/\/www.omsag.de\/proxy\/online-marketing-blog\/unternehmensnachrichten\/omsag-blog-erstrahlt-im-neuen-design\/"]}]},{"@type":"BreadcrumbList","@id":"https:\/\/www.omsag.de\/proxy\/online-marketing-blog\/unternehmensnachrichten\/omsag-blog-erstrahlt-im-neuen-design\/#breadcrumb","itemListElement":[{"@type":"ListItem","position":1,"name":"Startseite","item":"https:\/\/www.omsag.de\/proxy\/"},{"@type":"ListItem","position":2,"name":"Unternehmensnachrichten","item":"https:\/\/www.omsag.de\/proxy\/online-marketing-blog\/unternehmensnachrichten\/"},{"@type":"ListItem","position":3,"name":"OMSAG-Blog erstrahlt im neuen Design"}]},{"@type":"WebSite","@id":"https:\/\/www.omsag.de\/proxy\/#website","url":"https:\/\/www.omsag.de\/proxy\/","name":"Online Marketing & Suchmaschinenmarketing Agentur OMSAG","description":"","publisher":{"@id":"https:\/\/www.omsag.de\/proxy\/#organization"},"potentialAction":[{"@type":"SearchAction","target":{"@type":"EntryPoint","urlTemplate":"https:\/\/www.omsag.de\/proxy\/?s={search_term_string}"},"query-input":"required name=search_term_string"}],"inLanguage":"de"},{"@type":"Organization","@id":"https:\/\/www.omsag.de\/proxy\/#organization","name":"OMSAG","url":"https:\/\/www.omsag.de\/proxy\/","logo":{"@type":"ImageObject","inLanguage":"de","@id":"https:\/\/www.omsag.de\/proxy\/#\/schema\/logo\/image\/","url":"https:\/\/www.omsag.de\/proxy\/wp-content\/uploads\/2020\/08\/oms-logo-1.jpg","contentUrl":"https:\/\/www.omsag.de\/proxy\/wp-content\/uploads\/2020\/08\/oms-logo-1.jpg","width":500,"height":148,"caption":"OMSAG"},"image":{"@id":"https:\/\/www.omsag.de\/proxy\/#\/schema\/logo\/image\/"},"sameAs":["https:\/\/www.facebook.com\/Online.Marketing.Solutions.AG","https:\/\/www.instagram.com\/omsag\/","https:\/\/de.linkedin.com\/company\/online-marketing-solutions-ag"]},{"@type":"Person","@id":"https:\/\/www.omsag.de\/proxy\/#\/schema\/person\/beb882437f9d1d6729304201da4c6b8f","name":"Presse","description":"Die Presseredaktion ver\u00f6ffentlicht alle wichtigen Neuigkeiten rund um das Unternehmen, z. B. zu Produktneuheiten oder -erweiterungen, Personalien, Messeauftritten sowie interessanten OMSAG-Events und neuen Partnerschaften. Dar\u00fcber hinaus erhalten Sie im Pressespiegel eine \u00dcbersicht aller Beitr\u00e4ge aus der \u00f6ffentlichen Berichterstattung \u00fcber die Online Marketing Solutions AG.","sameAs":["https:\/\/www.omsag.de"],"url":"https:\/\/www.omsag.de\/proxy\/online-marketing-blog\/author\/presseredaktion\/"}]}},"_links":{"self":[{"href":"https:\/\/www.omsag.de\/proxy\/wp-json\/wp\/v2\/posts\/1975"}],"collection":[{"href":"https:\/\/www.omsag.de\/proxy\/wp-json\/wp\/v2\/posts"}],"about":[{"href":"https:\/\/www.omsag.de\/proxy\/wp-json\/wp\/v2\/types\/post"}],"author":[{"embeddable":true,"href":"https:\/\/www.omsag.de\/proxy\/wp-json\/wp\/v2\/users\/46"}],"replies":[{"embeddable":true,"href":"https:\/\/www.omsag.de\/proxy\/wp-json\/wp\/v2\/comments?post=1975"}],"version-history":[{"count":0,"href":"https:\/\/www.omsag.de\/proxy\/wp-json\/wp\/v2\/posts\/1975\/revisions"}],"wp:attachment":[{"href":"https:\/\/www.omsag.de\/proxy\/wp-json\/wp\/v2\/media?parent=1975"}],"wp:term":[{"taxonomy":"category","embeddable":true,"href":"https:\/\/www.omsag.de\/proxy\/wp-json\/wp\/v2\/categories?post=1975"},{"taxonomy":"post_tag","embeddable":true,"href":"https:\/\/www.omsag.de\/proxy\/wp-json\/wp\/v2\/tags?post=1975"}],"curies":[{"name":"wp","href":"https:\/\/api.w.org\/{rel}","templated":true}]}}