{"id":1903,"date":"2014-02-07T08:22:05","date_gmt":"2014-02-07T07:22:05","guid":{"rendered":"https:\/\/www.omsag.de\/?p=1903"},"modified":"2019-01-16T13:41:37","modified_gmt":"2019-01-16T12:41:37","slug":"online-marketing-solutions-ag-kuendigt-ausserordentliche-hauptversammlung-gem-%c2%a7-92-abs-1-aktg","status":"publish","type":"post","link":"https:\/\/www.omsag.de\/proxy\/online-marketing-blog\/unternehmensnachrichten\/online-marketing-solutions-ag-kuendigt-ausserordentliche-hauptversammlung-gem-%c2%a7-92-abs-1-aktg\/","title":{"rendered":"Online Marketing Solutions AG au\u00dferordentliche Hauptversammlung"},"content":{"rendered":"<p>Eschborn \u2013 Februar 2014: Die Online Marketing Solutions AG hat eine au\u00dferordentliche Hauptversammlung einberufen, in welcher der Vorstand die Lage der Gesellschaft darlegen und die weitere Vorgehensweise er\u00f6rtern wird.<\/p>\n<p>Der Vorstand der Online Marketing Solutions AG teilt mit, dass ein Verlust von mehr als der H\u00e4lfte des Grundkapitals eingetreten ist bzw. nach pflichtgem\u00e4\u00dfem Ermessen anzunehmen ist, dass ein solcher eingetreten ist.<\/p>\n<h2>Vorstand der Online Marketing Solutions AG pr\u00fcft intensiv die zur Beseitigung dieses Verlusts erforderlichen Ma\u00dfnahmen.<\/h2>\n<p>Der Vorstand hat gem\u00e4\u00df \u00a7 92 Abs. 1 AktG zugleich eine Hauptversammlung einberufen, in welcher er den Verlust in H\u00f6he der H\u00e4lfte des Grundkapitals anzeigen und die Lage der Gesellschaft er\u00f6rtern wird. Eine Einladung einschlie\u00dflich der Tagesordnung ist form- und fristgerecht bekannt gemacht worden.<\/p>\n","protected":false},"excerpt":{"rendered":"<p>Eschborn \u2013 Februar 2014: Die Online Marketing Solutions AG hat eine au\u00dferordentliche Hauptversammlung einberufen, in welcher der Vorstand die Lage der Gesellschaft darlegen und die weitere Vorgehensweise er\u00f6rtern wird. Der Vorstand der Online Marketing Solutions AG teilt mit, dass ein Verlust von mehr als der H\u00e4lfte des Grundkapitals eingetreten ist bzw. nach pflichtgem\u00e4\u00dfem Ermessen anzunehmen [&hellip;]<\/p>\n","protected":false},"author":46,"featured_media":0,"comment_status":"closed","ping_status":"closed","sticky":false,"template":"","format":"standard","meta":{"content-type":"","footnotes":""},"categories":[132,39],"tags":[133],"yoast_head":"<!-- This site is optimized with the Yoast SEO plugin v22.8 - https:\/\/yoast.com\/wordpress\/plugins\/seo\/ -->\n<title>Au\u00dferordentliche Hauptversammlung der Online Marketing Solutions AG<\/title>\n<meta name=\"description\" content=\"Die OMSAG hat eine au\u00dferordentliche Hauptversammlung einberufen, in welcher der Vorstand die Lage der Gesellschaft darlegt\" \/>\n<meta name=\"robots\" content=\"index, follow, max-snippet:-1, max-image-preview:large, max-video-preview:-1\" \/>\n<link rel=\"canonical\" href=\"https:\/\/www.omsag.de\/proxy\/online-marketing-blog\/unternehmensnachrichten\/online-marketing-solutions-ag-kuendigt-ausserordentliche-hauptversammlung-gem-\u00a7-92-abs-1-aktg\/\" \/>\n<meta property=\"og:locale\" content=\"de_DE\" \/>\n<meta property=\"og:type\" content=\"article\" \/>\n<meta property=\"og:title\" content=\"Au\u00dferordentliche Hauptversammlung der Online Marketing Solutions AG\" \/>\n<meta property=\"og:description\" content=\"Die OMSAG hat eine au\u00dferordentliche Hauptversammlung einberufen, in welcher der Vorstand die Lage der Gesellschaft darlegt\" \/>\n<meta property=\"og:url\" content=\"https:\/\/www.omsag.de\/proxy\/online-marketing-blog\/unternehmensnachrichten\/online-marketing-solutions-ag-kuendigt-ausserordentliche-hauptversammlung-gem-\u00a7-92-abs-1-aktg\/\" \/>\n<meta property=\"og:site_name\" content=\"Online Marketing &amp; Suchmaschinenmarketing Agentur OMSAG\" \/>\n<meta property=\"article:publisher\" content=\"https:\/\/www.facebook.com\/Online.Marketing.Solutions.AG\" \/>\n<meta property=\"article:published_time\" content=\"2014-02-07T07:22:05+00:00\" \/>\n<meta property=\"article:modified_time\" content=\"2019-01-16T12:41:37+00:00\" \/>\n<meta name=\"author\" content=\"Presse\" \/>\n<meta name=\"twitter:card\" content=\"summary_large_image\" \/>\n<meta name=\"twitter:label1\" content=\"Verfasst von\" \/>\n\t<meta name=\"twitter:data1\" content=\"Presse\" \/>\n\t<meta name=\"twitter:label2\" content=\"Gesch\u00e4tzte Lesezeit\" \/>\n\t<meta name=\"twitter:data2\" content=\"1\u00a0Minute\" \/>\n<script type=\"application\/ld+json\" class=\"yoast-schema-graph\">{\"@context\":\"https:\/\/schema.org\",\"@graph\":[{\"@type\":\"Article\",\"@id\":\"https:\/\/www.omsag.de\/proxy\/online-marketing-blog\/unternehmensnachrichten\/online-marketing-solutions-ag-kuendigt-ausserordentliche-hauptversammlung-gem-%c2%a7-92-abs-1-aktg\/#article\",\"isPartOf\":{\"@id\":\"https:\/\/www.omsag.de\/proxy\/online-marketing-blog\/unternehmensnachrichten\/online-marketing-solutions-ag-kuendigt-ausserordentliche-hauptversammlung-gem-%c2%a7-92-abs-1-aktg\/\"},\"author\":{\"name\":\"Presse\",\"@id\":\"https:\/\/www.omsag.de\/proxy\/#\/schema\/person\/beb882437f9d1d6729304201da4c6b8f\"},\"headline\":\"Online Marketing Solutions AG au\u00dferordentliche Hauptversammlung\",\"datePublished\":\"2014-02-07T07:22:05+00:00\",\"dateModified\":\"2019-01-16T12:41:37+00:00\",\"mainEntityOfPage\":{\"@id\":\"https:\/\/www.omsag.de\/proxy\/online-marketing-blog\/unternehmensnachrichten\/online-marketing-solutions-ag-kuendigt-ausserordentliche-hauptversammlung-gem-%c2%a7-92-abs-1-aktg\/\"},\"wordCount\":132,\"publisher\":{\"@id\":\"https:\/\/www.omsag.de\/proxy\/#organization\"},\"keywords\":[\"investor relations\"],\"articleSection\":[\"Investor Relations\",\"Unternehmensnachrichten\"],\"inLanguage\":\"de\"},{\"@type\":\"WebPage\",\"@id\":\"https:\/\/www.omsag.de\/proxy\/online-marketing-blog\/unternehmensnachrichten\/online-marketing-solutions-ag-kuendigt-ausserordentliche-hauptversammlung-gem-%c2%a7-92-abs-1-aktg\/\",\"url\":\"https:\/\/www.omsag.de\/proxy\/online-marketing-blog\/unternehmensnachrichten\/online-marketing-solutions-ag-kuendigt-ausserordentliche-hauptversammlung-gem-%c2%a7-92-abs-1-aktg\/\",\"name\":\"Au\u00dferordentliche Hauptversammlung der Online Marketing Solutions AG\",\"isPartOf\":{\"@id\":\"https:\/\/www.omsag.de\/proxy\/#website\"},\"datePublished\":\"2014-02-07T07:22:05+00:00\",\"dateModified\":\"2019-01-16T12:41:37+00:00\",\"description\":\"Die OMSAG hat eine au\u00dferordentliche Hauptversammlung einberufen, in welcher der Vorstand die Lage der Gesellschaft darlegt\",\"breadcrumb\":{\"@id\":\"https:\/\/www.omsag.de\/proxy\/online-marketing-blog\/unternehmensnachrichten\/online-marketing-solutions-ag-kuendigt-ausserordentliche-hauptversammlung-gem-%c2%a7-92-abs-1-aktg\/#breadcrumb\"},\"inLanguage\":\"de\",\"potentialAction\":[{\"@type\":\"ReadAction\",\"target\":[\"https:\/\/www.omsag.de\/proxy\/online-marketing-blog\/unternehmensnachrichten\/online-marketing-solutions-ag-kuendigt-ausserordentliche-hauptversammlung-gem-%c2%a7-92-abs-1-aktg\/\"]}]},{\"@type\":\"BreadcrumbList\",\"@id\":\"https:\/\/www.omsag.de\/proxy\/online-marketing-blog\/unternehmensnachrichten\/online-marketing-solutions-ag-kuendigt-ausserordentliche-hauptversammlung-gem-%c2%a7-92-abs-1-aktg\/#breadcrumb\",\"itemListElement\":[{\"@type\":\"ListItem\",\"position\":1,\"name\":\"Startseite\",\"item\":\"https:\/\/www.omsag.de\/proxy\/\"},{\"@type\":\"ListItem\",\"position\":2,\"name\":\"Investor Relations\",\"item\":\"https:\/\/www.omsag.de\/proxy\/online-marketing-blog\/investor-relations\/\"},{\"@type\":\"ListItem\",\"position\":3,\"name\":\"Online Marketing Solutions AG au\u00dferordentliche Hauptversammlung\"}]},{\"@type\":\"WebSite\",\"@id\":\"https:\/\/www.omsag.de\/proxy\/#website\",\"url\":\"https:\/\/www.omsag.de\/proxy\/\",\"name\":\"Online Marketing & Suchmaschinenmarketing Agentur OMSAG\",\"description\":\"\",\"publisher\":{\"@id\":\"https:\/\/www.omsag.de\/proxy\/#organization\"},\"potentialAction\":[{\"@type\":\"SearchAction\",\"target\":{\"@type\":\"EntryPoint\",\"urlTemplate\":\"https:\/\/www.omsag.de\/proxy\/?s={search_term_string}\"},\"query-input\":\"required name=search_term_string\"}],\"inLanguage\":\"de\"},{\"@type\":\"Organization\",\"@id\":\"https:\/\/www.omsag.de\/proxy\/#organization\",\"name\":\"OMSAG\",\"url\":\"https:\/\/www.omsag.de\/proxy\/\",\"logo\":{\"@type\":\"ImageObject\",\"inLanguage\":\"de\",\"@id\":\"https:\/\/www.omsag.de\/proxy\/#\/schema\/logo\/image\/\",\"url\":\"https:\/\/www.omsag.de\/proxy\/wp-content\/uploads\/2020\/08\/oms-logo-1.jpg\",\"contentUrl\":\"https:\/\/www.omsag.de\/proxy\/wp-content\/uploads\/2020\/08\/oms-logo-1.jpg\",\"width\":500,\"height\":148,\"caption\":\"OMSAG\"},\"image\":{\"@id\":\"https:\/\/www.omsag.de\/proxy\/#\/schema\/logo\/image\/\"},\"sameAs\":[\"https:\/\/www.facebook.com\/Online.Marketing.Solutions.AG\",\"https:\/\/www.instagram.com\/omsag\/\",\"https:\/\/de.linkedin.com\/company\/online-marketing-solutions-ag\"]},{\"@type\":\"Person\",\"@id\":\"https:\/\/www.omsag.de\/proxy\/#\/schema\/person\/beb882437f9d1d6729304201da4c6b8f\",\"name\":\"Presse\",\"description\":\"Die Presseredaktion ver\u00f6ffentlicht alle wichtigen Neuigkeiten rund um das Unternehmen, z. B. zu Produktneuheiten oder -erweiterungen, Personalien, Messeauftritten sowie interessanten OMSAG-Events und neuen Partnerschaften. Dar\u00fcber hinaus erhalten Sie im Pressespiegel eine \u00dcbersicht aller Beitr\u00e4ge aus der \u00f6ffentlichen Berichterstattung \u00fcber die Online Marketing Solutions AG.\",\"sameAs\":[\"https:\/\/www.omsag.de\"],\"url\":\"https:\/\/www.omsag.de\/proxy\/online-marketing-blog\/author\/presseredaktion\/\"}]}<\/script>\n<!-- \/ Yoast SEO plugin. -->","yoast_head_json":{"title":"Au\u00dferordentliche Hauptversammlung der Online Marketing Solutions AG","description":"Die OMSAG hat eine au\u00dferordentliche Hauptversammlung einberufen, in welcher der Vorstand die Lage der Gesellschaft darlegt","robots":{"index":"index","follow":"follow","max-snippet":"max-snippet:-1","max-image-preview":"max-image-preview:large","max-video-preview":"max-video-preview:-1"},"canonical":"https:\/\/www.omsag.de\/proxy\/online-marketing-blog\/unternehmensnachrichten\/online-marketing-solutions-ag-kuendigt-ausserordentliche-hauptversammlung-gem-\u00a7-92-abs-1-aktg\/","og_locale":"de_DE","og_type":"article","og_title":"Au\u00dferordentliche Hauptversammlung der Online Marketing Solutions AG","og_description":"Die OMSAG hat eine au\u00dferordentliche Hauptversammlung einberufen, in welcher der Vorstand die Lage der Gesellschaft darlegt","og_url":"https:\/\/www.omsag.de\/proxy\/online-marketing-blog\/unternehmensnachrichten\/online-marketing-solutions-ag-kuendigt-ausserordentliche-hauptversammlung-gem-\u00a7-92-abs-1-aktg\/","og_site_name":"Online Marketing &amp; Suchmaschinenmarketing Agentur OMSAG","article_publisher":"https:\/\/www.facebook.com\/Online.Marketing.Solutions.AG","article_published_time":"2014-02-07T07:22:05+00:00","article_modified_time":"2019-01-16T12:41:37+00:00","author":"Presse","twitter_card":"summary_large_image","twitter_misc":{"Verfasst von":"Presse","Gesch\u00e4tzte Lesezeit":"1\u00a0Minute"},"schema":{"@context":"https:\/\/schema.org","@graph":[{"@type":"Article","@id":"https:\/\/www.omsag.de\/proxy\/online-marketing-blog\/unternehmensnachrichten\/online-marketing-solutions-ag-kuendigt-ausserordentliche-hauptversammlung-gem-%c2%a7-92-abs-1-aktg\/#article","isPartOf":{"@id":"https:\/\/www.omsag.de\/proxy\/online-marketing-blog\/unternehmensnachrichten\/online-marketing-solutions-ag-kuendigt-ausserordentliche-hauptversammlung-gem-%c2%a7-92-abs-1-aktg\/"},"author":{"name":"Presse","@id":"https:\/\/www.omsag.de\/proxy\/#\/schema\/person\/beb882437f9d1d6729304201da4c6b8f"},"headline":"Online Marketing Solutions AG au\u00dferordentliche Hauptversammlung","datePublished":"2014-02-07T07:22:05+00:00","dateModified":"2019-01-16T12:41:37+00:00","mainEntityOfPage":{"@id":"https:\/\/www.omsag.de\/proxy\/online-marketing-blog\/unternehmensnachrichten\/online-marketing-solutions-ag-kuendigt-ausserordentliche-hauptversammlung-gem-%c2%a7-92-abs-1-aktg\/"},"wordCount":132,"publisher":{"@id":"https:\/\/www.omsag.de\/proxy\/#organization"},"keywords":["investor relations"],"articleSection":["Investor Relations","Unternehmensnachrichten"],"inLanguage":"de"},{"@type":"WebPage","@id":"https:\/\/www.omsag.de\/proxy\/online-marketing-blog\/unternehmensnachrichten\/online-marketing-solutions-ag-kuendigt-ausserordentliche-hauptversammlung-gem-%c2%a7-92-abs-1-aktg\/","url":"https:\/\/www.omsag.de\/proxy\/online-marketing-blog\/unternehmensnachrichten\/online-marketing-solutions-ag-kuendigt-ausserordentliche-hauptversammlung-gem-%c2%a7-92-abs-1-aktg\/","name":"Au\u00dferordentliche Hauptversammlung der Online Marketing Solutions AG","isPartOf":{"@id":"https:\/\/www.omsag.de\/proxy\/#website"},"datePublished":"2014-02-07T07:22:05+00:00","dateModified":"2019-01-16T12:41:37+00:00","description":"Die OMSAG hat eine au\u00dferordentliche Hauptversammlung einberufen, in welcher der Vorstand die Lage der Gesellschaft darlegt","breadcrumb":{"@id":"https:\/\/www.omsag.de\/proxy\/online-marketing-blog\/unternehmensnachrichten\/online-marketing-solutions-ag-kuendigt-ausserordentliche-hauptversammlung-gem-%c2%a7-92-abs-1-aktg\/#breadcrumb"},"inLanguage":"de","potentialAction":[{"@type":"ReadAction","target":["https:\/\/www.omsag.de\/proxy\/online-marketing-blog\/unternehmensnachrichten\/online-marketing-solutions-ag-kuendigt-ausserordentliche-hauptversammlung-gem-%c2%a7-92-abs-1-aktg\/"]}]},{"@type":"BreadcrumbList","@id":"https:\/\/www.omsag.de\/proxy\/online-marketing-blog\/unternehmensnachrichten\/online-marketing-solutions-ag-kuendigt-ausserordentliche-hauptversammlung-gem-%c2%a7-92-abs-1-aktg\/#breadcrumb","itemListElement":[{"@type":"ListItem","position":1,"name":"Startseite","item":"https:\/\/www.omsag.de\/proxy\/"},{"@type":"ListItem","position":2,"name":"Investor Relations","item":"https:\/\/www.omsag.de\/proxy\/online-marketing-blog\/investor-relations\/"},{"@type":"ListItem","position":3,"name":"Online Marketing Solutions AG au\u00dferordentliche Hauptversammlung"}]},{"@type":"WebSite","@id":"https:\/\/www.omsag.de\/proxy\/#website","url":"https:\/\/www.omsag.de\/proxy\/","name":"Online Marketing & Suchmaschinenmarketing Agentur OMSAG","description":"","publisher":{"@id":"https:\/\/www.omsag.de\/proxy\/#organization"},"potentialAction":[{"@type":"SearchAction","target":{"@type":"EntryPoint","urlTemplate":"https:\/\/www.omsag.de\/proxy\/?s={search_term_string}"},"query-input":"required name=search_term_string"}],"inLanguage":"de"},{"@type":"Organization","@id":"https:\/\/www.omsag.de\/proxy\/#organization","name":"OMSAG","url":"https:\/\/www.omsag.de\/proxy\/","logo":{"@type":"ImageObject","inLanguage":"de","@id":"https:\/\/www.omsag.de\/proxy\/#\/schema\/logo\/image\/","url":"https:\/\/www.omsag.de\/proxy\/wp-content\/uploads\/2020\/08\/oms-logo-1.jpg","contentUrl":"https:\/\/www.omsag.de\/proxy\/wp-content\/uploads\/2020\/08\/oms-logo-1.jpg","width":500,"height":148,"caption":"OMSAG"},"image":{"@id":"https:\/\/www.omsag.de\/proxy\/#\/schema\/logo\/image\/"},"sameAs":["https:\/\/www.facebook.com\/Online.Marketing.Solutions.AG","https:\/\/www.instagram.com\/omsag\/","https:\/\/de.linkedin.com\/company\/online-marketing-solutions-ag"]},{"@type":"Person","@id":"https:\/\/www.omsag.de\/proxy\/#\/schema\/person\/beb882437f9d1d6729304201da4c6b8f","name":"Presse","description":"Die Presseredaktion ver\u00f6ffentlicht alle wichtigen Neuigkeiten rund um das Unternehmen, z. B. zu Produktneuheiten oder -erweiterungen, Personalien, Messeauftritten sowie interessanten OMSAG-Events und neuen Partnerschaften. Dar\u00fcber hinaus erhalten Sie im Pressespiegel eine \u00dcbersicht aller Beitr\u00e4ge aus der \u00f6ffentlichen Berichterstattung \u00fcber die Online Marketing Solutions AG.","sameAs":["https:\/\/www.omsag.de"],"url":"https:\/\/www.omsag.de\/proxy\/online-marketing-blog\/author\/presseredaktion\/"}]}},"_links":{"self":[{"href":"https:\/\/www.omsag.de\/proxy\/wp-json\/wp\/v2\/posts\/1903"}],"collection":[{"href":"https:\/\/www.omsag.de\/proxy\/wp-json\/wp\/v2\/posts"}],"about":[{"href":"https:\/\/www.omsag.de\/proxy\/wp-json\/wp\/v2\/types\/post"}],"author":[{"embeddable":true,"href":"https:\/\/www.omsag.de\/proxy\/wp-json\/wp\/v2\/users\/46"}],"replies":[{"embeddable":true,"href":"https:\/\/www.omsag.de\/proxy\/wp-json\/wp\/v2\/comments?post=1903"}],"version-history":[{"count":0,"href":"https:\/\/www.omsag.de\/proxy\/wp-json\/wp\/v2\/posts\/1903\/revisions"}],"wp:attachment":[{"href":"https:\/\/www.omsag.de\/proxy\/wp-json\/wp\/v2\/media?parent=1903"}],"wp:term":[{"taxonomy":"category","embeddable":true,"href":"https:\/\/www.omsag.de\/proxy\/wp-json\/wp\/v2\/categories?post=1903"},{"taxonomy":"post_tag","embeddable":true,"href":"https:\/\/www.omsag.de\/proxy\/wp-json\/wp\/v2\/tags?post=1903"}],"curies":[{"name":"wp","href":"https:\/\/api.w.org\/{rel}","templated":true}]}}