{"id":1700,"date":"2010-11-04T12:26:30","date_gmt":"2010-11-04T11:26:30","guid":{"rendered":"https:\/\/www.omsag.de\/blog\/?p=220"},"modified":"2018-11-20T17:01:32","modified_gmt":"2018-11-20T16:01:32","slug":"apple-lasst-iphone-besitzer-eine-stunde-langer-schlafen","status":"publish","type":"post","link":"https:\/\/www.omsag.de\/proxy\/online-marketing-blog\/seo\/apple-lasst-iphone-besitzer-eine-stunde-langer-schlafen\/","title":{"rendered":"Apple l\u00e4sst iPhone Besitzer eine Stunde l\u00e4nger schlafen"},"content":{"rendered":"<p><em>Online Marketing Solutions AG aktuell:<\/em> Ein Softwarefehler im Weckermodus verpasste die Zeitumstellung und war daran schuld, dass zahlreiche iPhone Besitzer in verschiedenen europ\u00e4ischen L\u00e4ndern nicht rechtzeitig am Montagmorgen geweckt wurden. Bekannt ist der Weckfehler dem Handyhersteller jedoch seit einem Monat.<\/p>\n<p>Direkt am Montagvormittag war das Thema der Zeitumstellung ein gro\u00dfes Thema\u00a0 im \u201e<em>iPhone Alarm Bug<\/em>\u201c bei Twitter und wurde von hunderten hei\u00df diskutiert. Der Softwarefehler war jedoch bereits bekannt da Australien und Neuseeland bereits vor drei beziehungsweise vier Wochen die Zeitumstellung stattfand und auch dort die iPhone Besitzer betroffen waren.<br \/>\n<!--more--><br \/>\nAufgrund der entgegengesetzten Zeitumstellung klingelten die Wecker dort jedoch eine Stunde zu fr\u00fch und nicht zu sp\u00e4t. Zwar stellte sich die Uhr des Telefons auf die Winterzeit um aber die Uhr des Weckers nicht. Die korrekte Uhrzeit wurde entsprechend auf dem Display angezeigt.<\/p>\n<p>Nach eintreten des Fehlers hatte Apple ein Software Update versprochen um entsprechend vorzubeugen. Dies blieb jedoch aus. Apple kommentierte das aufgetretene Problem bis Dato nicht.<\/p>\n<p>Quelle: spiegel.de\/netzwelt\/<\/p>\n","protected":false},"excerpt":{"rendered":"<p><em>Online Marketing Solutions AG aktuell:<\/em> Ein Softwarefehler im Weckermodus verpasste die Zeitumstellung und war daran schuld, dass zahlreiche iPhone Besitzer in verschiedenen europ\u00e4ischen L\u00e4ndern nicht rechtzeitig am Montagmorgen geweckt wurden. Bekannt ist der Weckfehler dem Handyhersteller jedoch seit einem Monat.<\/p>\n<p>Direkt am Montagvormittag war das Thema der Zeitumstellung ein gro\u00dfes Thema  im \u201e<em>iPhone Alarm Bug<\/em>\u201c bei Twitter und wurde von hunderten hei\u00df diskutiert. Der Softwarefehler war jedoch bereits bekannt da Australien und Neuseeland bereits vor drei beziehungsweise vier Wochen die Zeitumstellung stattfand und auch dort die iPhone Besitzer betroffen waren.<\/p>\n","protected":false},"author":4,"featured_media":0,"comment_status":"closed","ping_status":"closed","sticky":false,"template":"","format":"standard","meta":{"content-type":"","footnotes":""},"categories":[1],"tags":[40,41],"yoast_head":"<!-- This site is optimized with the Yoast SEO plugin v22.8 - https:\/\/yoast.com\/wordpress\/plugins\/seo\/ -->\n<title>Apple verpasst die Anpassung der Zeitzone in der Weckfunktion<\/title>\n<meta name=\"description\" content=\"Schon drei Wochen vorher gab es Probleme bei der Zeitumstellung in Australien. Nun sorgte der Bug daf\u00fcr, dass auch europ\u00e4ische B\u00fcrger zur falschen Zeit geweckt wurden.\" \/>\n<meta name=\"robots\" content=\"index, follow, max-snippet:-1, max-image-preview:large, max-video-preview:-1\" \/>\n<link rel=\"canonical\" href=\"https:\/\/www.omsag.de\/proxy\/online-marketing-blog\/seo\/apple-lasst-iphone-besitzer-eine-stunde-langer-schlafen\/\" \/>\n<meta property=\"og:locale\" content=\"de_DE\" \/>\n<meta property=\"og:type\" content=\"article\" \/>\n<meta property=\"og:title\" content=\"Apple verpasst die Anpassung der Zeitzone in der Weckfunktion\" \/>\n<meta property=\"og:description\" content=\"Schon drei Wochen vorher gab es Probleme bei der Zeitumstellung in Australien. Nun sorgte der Bug daf\u00fcr, dass auch europ\u00e4ische B\u00fcrger zur falschen Zeit geweckt wurden.\" \/>\n<meta property=\"og:url\" content=\"https:\/\/www.omsag.de\/proxy\/online-marketing-blog\/seo\/apple-lasst-iphone-besitzer-eine-stunde-langer-schlafen\/\" \/>\n<meta property=\"og:site_name\" content=\"Online Marketing &amp; Suchmaschinenmarketing Agentur OMSAG\" \/>\n<meta property=\"article:publisher\" content=\"https:\/\/www.facebook.com\/Online.Marketing.Solutions.AG\" \/>\n<meta property=\"article:published_time\" content=\"2010-11-04T11:26:30+00:00\" \/>\n<meta property=\"article:modified_time\" content=\"2018-11-20T16:01:32+00:00\" \/>\n<meta name=\"author\" content=\"Blogredaktion\" \/>\n<meta name=\"twitter:card\" content=\"summary_large_image\" \/>\n<meta name=\"twitter:label1\" content=\"Verfasst von\" \/>\n\t<meta name=\"twitter:data1\" content=\"Blogredaktion\" \/>\n\t<meta name=\"twitter:label2\" content=\"Gesch\u00e4tzte Lesezeit\" \/>\n\t<meta name=\"twitter:data2\" content=\"1\u00a0Minute\" \/>\n<script type=\"application\/ld+json\" class=\"yoast-schema-graph\">{\"@context\":\"https:\/\/schema.org\",\"@graph\":[{\"@type\":\"Article\",\"@id\":\"https:\/\/www.omsag.de\/proxy\/online-marketing-blog\/seo\/apple-lasst-iphone-besitzer-eine-stunde-langer-schlafen\/#article\",\"isPartOf\":{\"@id\":\"https:\/\/www.omsag.de\/proxy\/online-marketing-blog\/seo\/apple-lasst-iphone-besitzer-eine-stunde-langer-schlafen\/\"},\"author\":{\"name\":\"Blogredaktion\",\"@id\":\"https:\/\/www.omsag.de\/proxy\/#\/schema\/person\/8dcdf1052bc5e4a5e82b494f96fba999\"},\"headline\":\"Apple l\u00e4sst iPhone Besitzer eine Stunde l\u00e4nger schlafen\",\"datePublished\":\"2010-11-04T11:26:30+00:00\",\"dateModified\":\"2018-11-20T16:01:32+00:00\",\"mainEntityOfPage\":{\"@id\":\"https:\/\/www.omsag.de\/proxy\/online-marketing-blog\/seo\/apple-lasst-iphone-besitzer-eine-stunde-langer-schlafen\/\"},\"wordCount\":177,\"publisher\":{\"@id\":\"https:\/\/www.omsag.de\/proxy\/#organization\"},\"keywords\":[\"apple\",\"iphone\"],\"articleSection\":[\"SEO\"],\"inLanguage\":\"de\"},{\"@type\":\"WebPage\",\"@id\":\"https:\/\/www.omsag.de\/proxy\/online-marketing-blog\/seo\/apple-lasst-iphone-besitzer-eine-stunde-langer-schlafen\/\",\"url\":\"https:\/\/www.omsag.de\/proxy\/online-marketing-blog\/seo\/apple-lasst-iphone-besitzer-eine-stunde-langer-schlafen\/\",\"name\":\"Apple verpasst die Anpassung der Zeitzone in der Weckfunktion\",\"isPartOf\":{\"@id\":\"https:\/\/www.omsag.de\/proxy\/#website\"},\"datePublished\":\"2010-11-04T11:26:30+00:00\",\"dateModified\":\"2018-11-20T16:01:32+00:00\",\"description\":\"Schon drei Wochen vorher gab es Probleme bei der Zeitumstellung in Australien. Nun sorgte der Bug daf\u00fcr, dass auch europ\u00e4ische B\u00fcrger zur falschen Zeit geweckt wurden.\",\"breadcrumb\":{\"@id\":\"https:\/\/www.omsag.de\/proxy\/online-marketing-blog\/seo\/apple-lasst-iphone-besitzer-eine-stunde-langer-schlafen\/#breadcrumb\"},\"inLanguage\":\"de\",\"potentialAction\":[{\"@type\":\"ReadAction\",\"target\":[\"https:\/\/www.omsag.de\/proxy\/online-marketing-blog\/seo\/apple-lasst-iphone-besitzer-eine-stunde-langer-schlafen\/\"]}]},{\"@type\":\"BreadcrumbList\",\"@id\":\"https:\/\/www.omsag.de\/proxy\/online-marketing-blog\/seo\/apple-lasst-iphone-besitzer-eine-stunde-langer-schlafen\/#breadcrumb\",\"itemListElement\":[{\"@type\":\"ListItem\",\"position\":1,\"name\":\"Startseite\",\"item\":\"https:\/\/www.omsag.de\/proxy\/\"},{\"@type\":\"ListItem\",\"position\":2,\"name\":\"SEO\",\"item\":\"https:\/\/www.omsag.de\/proxy\/online-marketing-blog\/seo\/\"},{\"@type\":\"ListItem\",\"position\":3,\"name\":\"Apple l\u00e4sst iPhone Besitzer eine Stunde l\u00e4nger schlafen\"}]},{\"@type\":\"WebSite\",\"@id\":\"https:\/\/www.omsag.de\/proxy\/#website\",\"url\":\"https:\/\/www.omsag.de\/proxy\/\",\"name\":\"Online Marketing & Suchmaschinenmarketing Agentur OMSAG\",\"description\":\"\",\"publisher\":{\"@id\":\"https:\/\/www.omsag.de\/proxy\/#organization\"},\"potentialAction\":[{\"@type\":\"SearchAction\",\"target\":{\"@type\":\"EntryPoint\",\"urlTemplate\":\"https:\/\/www.omsag.de\/proxy\/?s={search_term_string}\"},\"query-input\":\"required name=search_term_string\"}],\"inLanguage\":\"de\"},{\"@type\":\"Organization\",\"@id\":\"https:\/\/www.omsag.de\/proxy\/#organization\",\"name\":\"OMSAG\",\"url\":\"https:\/\/www.omsag.de\/proxy\/\",\"logo\":{\"@type\":\"ImageObject\",\"inLanguage\":\"de\",\"@id\":\"https:\/\/www.omsag.de\/proxy\/#\/schema\/logo\/image\/\",\"url\":\"https:\/\/www.omsag.de\/proxy\/wp-content\/uploads\/2020\/08\/oms-logo-1.jpg\",\"contentUrl\":\"https:\/\/www.omsag.de\/proxy\/wp-content\/uploads\/2020\/08\/oms-logo-1.jpg\",\"width\":500,\"height\":148,\"caption\":\"OMSAG\"},\"image\":{\"@id\":\"https:\/\/www.omsag.de\/proxy\/#\/schema\/logo\/image\/\"},\"sameAs\":[\"https:\/\/www.facebook.com\/Online.Marketing.Solutions.AG\",\"https:\/\/www.instagram.com\/omsag\/\",\"https:\/\/de.linkedin.com\/company\/online-marketing-solutions-ag\"]},{\"@type\":\"Person\",\"@id\":\"https:\/\/www.omsag.de\/proxy\/#\/schema\/person\/8dcdf1052bc5e4a5e82b494f96fba999\",\"name\":\"Blogredaktion\",\"description\":\"Unter \u201eBlogredaktion\u201c werden Fachbeitr\u00e4ge verschiedener Experten aus dem Unternehmen ohne Autorenkennzeichnung publiziert. Ihr habt Fragen oder Anregungen zu einem speziellen Beitrag? Kein Problem, die Blogredaktion steht euch daf\u00fcr gerne hier zur Verf\u00fcgung.\",\"sameAs\":[\"https:\/\/www.omsag.de\"],\"url\":\"https:\/\/www.omsag.de\/proxy\/online-marketing-blog\/author\/blogredaktion\/\"}]}<\/script>\n<!-- \/ Yoast SEO plugin. -->","yoast_head_json":{"title":"Apple verpasst die Anpassung der Zeitzone in der Weckfunktion","description":"Schon drei Wochen vorher gab es Probleme bei der Zeitumstellung in Australien. Nun sorgte der Bug daf\u00fcr, dass auch europ\u00e4ische B\u00fcrger zur falschen Zeit geweckt wurden.","robots":{"index":"index","follow":"follow","max-snippet":"max-snippet:-1","max-image-preview":"max-image-preview:large","max-video-preview":"max-video-preview:-1"},"canonical":"https:\/\/www.omsag.de\/proxy\/online-marketing-blog\/seo\/apple-lasst-iphone-besitzer-eine-stunde-langer-schlafen\/","og_locale":"de_DE","og_type":"article","og_title":"Apple verpasst die Anpassung der Zeitzone in der Weckfunktion","og_description":"Schon drei Wochen vorher gab es Probleme bei der Zeitumstellung in Australien. Nun sorgte der Bug daf\u00fcr, dass auch europ\u00e4ische B\u00fcrger zur falschen Zeit geweckt wurden.","og_url":"https:\/\/www.omsag.de\/proxy\/online-marketing-blog\/seo\/apple-lasst-iphone-besitzer-eine-stunde-langer-schlafen\/","og_site_name":"Online Marketing &amp; Suchmaschinenmarketing Agentur OMSAG","article_publisher":"https:\/\/www.facebook.com\/Online.Marketing.Solutions.AG","article_published_time":"2010-11-04T11:26:30+00:00","article_modified_time":"2018-11-20T16:01:32+00:00","author":"Blogredaktion","twitter_card":"summary_large_image","twitter_misc":{"Verfasst von":"Blogredaktion","Gesch\u00e4tzte Lesezeit":"1\u00a0Minute"},"schema":{"@context":"https:\/\/schema.org","@graph":[{"@type":"Article","@id":"https:\/\/www.omsag.de\/proxy\/online-marketing-blog\/seo\/apple-lasst-iphone-besitzer-eine-stunde-langer-schlafen\/#article","isPartOf":{"@id":"https:\/\/www.omsag.de\/proxy\/online-marketing-blog\/seo\/apple-lasst-iphone-besitzer-eine-stunde-langer-schlafen\/"},"author":{"name":"Blogredaktion","@id":"https:\/\/www.omsag.de\/proxy\/#\/schema\/person\/8dcdf1052bc5e4a5e82b494f96fba999"},"headline":"Apple l\u00e4sst iPhone Besitzer eine Stunde l\u00e4nger schlafen","datePublished":"2010-11-04T11:26:30+00:00","dateModified":"2018-11-20T16:01:32+00:00","mainEntityOfPage":{"@id":"https:\/\/www.omsag.de\/proxy\/online-marketing-blog\/seo\/apple-lasst-iphone-besitzer-eine-stunde-langer-schlafen\/"},"wordCount":177,"publisher":{"@id":"https:\/\/www.omsag.de\/proxy\/#organization"},"keywords":["apple","iphone"],"articleSection":["SEO"],"inLanguage":"de"},{"@type":"WebPage","@id":"https:\/\/www.omsag.de\/proxy\/online-marketing-blog\/seo\/apple-lasst-iphone-besitzer-eine-stunde-langer-schlafen\/","url":"https:\/\/www.omsag.de\/proxy\/online-marketing-blog\/seo\/apple-lasst-iphone-besitzer-eine-stunde-langer-schlafen\/","name":"Apple verpasst die Anpassung der Zeitzone in der Weckfunktion","isPartOf":{"@id":"https:\/\/www.omsag.de\/proxy\/#website"},"datePublished":"2010-11-04T11:26:30+00:00","dateModified":"2018-11-20T16:01:32+00:00","description":"Schon drei Wochen vorher gab es Probleme bei der Zeitumstellung in Australien. Nun sorgte der Bug daf\u00fcr, dass auch europ\u00e4ische B\u00fcrger zur falschen Zeit geweckt wurden.","breadcrumb":{"@id":"https:\/\/www.omsag.de\/proxy\/online-marketing-blog\/seo\/apple-lasst-iphone-besitzer-eine-stunde-langer-schlafen\/#breadcrumb"},"inLanguage":"de","potentialAction":[{"@type":"ReadAction","target":["https:\/\/www.omsag.de\/proxy\/online-marketing-blog\/seo\/apple-lasst-iphone-besitzer-eine-stunde-langer-schlafen\/"]}]},{"@type":"BreadcrumbList","@id":"https:\/\/www.omsag.de\/proxy\/online-marketing-blog\/seo\/apple-lasst-iphone-besitzer-eine-stunde-langer-schlafen\/#breadcrumb","itemListElement":[{"@type":"ListItem","position":1,"name":"Startseite","item":"https:\/\/www.omsag.de\/proxy\/"},{"@type":"ListItem","position":2,"name":"SEO","item":"https:\/\/www.omsag.de\/proxy\/online-marketing-blog\/seo\/"},{"@type":"ListItem","position":3,"name":"Apple l\u00e4sst iPhone Besitzer eine Stunde l\u00e4nger schlafen"}]},{"@type":"WebSite","@id":"https:\/\/www.omsag.de\/proxy\/#website","url":"https:\/\/www.omsag.de\/proxy\/","name":"Online Marketing & Suchmaschinenmarketing Agentur OMSAG","description":"","publisher":{"@id":"https:\/\/www.omsag.de\/proxy\/#organization"},"potentialAction":[{"@type":"SearchAction","target":{"@type":"EntryPoint","urlTemplate":"https:\/\/www.omsag.de\/proxy\/?s={search_term_string}"},"query-input":"required name=search_term_string"}],"inLanguage":"de"},{"@type":"Organization","@id":"https:\/\/www.omsag.de\/proxy\/#organization","name":"OMSAG","url":"https:\/\/www.omsag.de\/proxy\/","logo":{"@type":"ImageObject","inLanguage":"de","@id":"https:\/\/www.omsag.de\/proxy\/#\/schema\/logo\/image\/","url":"https:\/\/www.omsag.de\/proxy\/wp-content\/uploads\/2020\/08\/oms-logo-1.jpg","contentUrl":"https:\/\/www.omsag.de\/proxy\/wp-content\/uploads\/2020\/08\/oms-logo-1.jpg","width":500,"height":148,"caption":"OMSAG"},"image":{"@id":"https:\/\/www.omsag.de\/proxy\/#\/schema\/logo\/image\/"},"sameAs":["https:\/\/www.facebook.com\/Online.Marketing.Solutions.AG","https:\/\/www.instagram.com\/omsag\/","https:\/\/de.linkedin.com\/company\/online-marketing-solutions-ag"]},{"@type":"Person","@id":"https:\/\/www.omsag.de\/proxy\/#\/schema\/person\/8dcdf1052bc5e4a5e82b494f96fba999","name":"Blogredaktion","description":"Unter \u201eBlogredaktion\u201c werden Fachbeitr\u00e4ge verschiedener Experten aus dem Unternehmen ohne Autorenkennzeichnung publiziert. Ihr habt Fragen oder Anregungen zu einem speziellen Beitrag? Kein Problem, die Blogredaktion steht euch daf\u00fcr gerne hier zur Verf\u00fcgung.","sameAs":["https:\/\/www.omsag.de"],"url":"https:\/\/www.omsag.de\/proxy\/online-marketing-blog\/author\/blogredaktion\/"}]}},"_links":{"self":[{"href":"https:\/\/www.omsag.de\/proxy\/wp-json\/wp\/v2\/posts\/1700"}],"collection":[{"href":"https:\/\/www.omsag.de\/proxy\/wp-json\/wp\/v2\/posts"}],"about":[{"href":"https:\/\/www.omsag.de\/proxy\/wp-json\/wp\/v2\/types\/post"}],"author":[{"embeddable":true,"href":"https:\/\/www.omsag.de\/proxy\/wp-json\/wp\/v2\/users\/4"}],"replies":[{"embeddable":true,"href":"https:\/\/www.omsag.de\/proxy\/wp-json\/wp\/v2\/comments?post=1700"}],"version-history":[{"count":0,"href":"https:\/\/www.omsag.de\/proxy\/wp-json\/wp\/v2\/posts\/1700\/revisions"}],"wp:attachment":[{"href":"https:\/\/www.omsag.de\/proxy\/wp-json\/wp\/v2\/media?parent=1700"}],"wp:term":[{"taxonomy":"category","embeddable":true,"href":"https:\/\/www.omsag.de\/proxy\/wp-json\/wp\/v2\/categories?post=1700"},{"taxonomy":"post_tag","embeddable":true,"href":"https:\/\/www.omsag.de\/proxy\/wp-json\/wp\/v2\/tags?post=1700"}],"curies":[{"name":"wp","href":"https:\/\/api.w.org\/{rel}","templated":true}]}}