{"id":1647,"date":"2013-09-10T09:03:27","date_gmt":"2013-09-10T07:03:27","guid":{"rendered":"https:\/\/www.omsag.de\/?p=1647"},"modified":"2019-01-08T12:12:18","modified_gmt":"2019-01-08T11:12:18","slug":"hauptversammlung-2013-und-positive-bilanz-fuer-geschaeftsjahr-2012","status":"publish","type":"post","link":"https:\/\/www.omsag.de\/proxy\/online-marketing-blog\/pressespiegel\/hauptversammlung-2013-und-positive-bilanz-fuer-geschaeftsjahr-2012\/","title":{"rendered":"Hauptversammlung 2013 und positive Bilanz f\u00fcr Gesch\u00e4ftsjahr 2012"},"content":{"rendered":"<p>Eschborn, im August 2013: Auf der <strong>Hauptversammlung<\/strong> des an der D\u00fcsseldorfer B\u00f6rse gelisteten Online Marketing-Unternehmens Online Marketing Solutions AG pr\u00e4sentierte der Vorstand einen R\u00fcckblick auf das erfolgreiche Gesch\u00e4ftsjahr 2012. Die Strategie des Vorstands wurde von den Aktion\u00e4ren mit gro\u00dfer Mehrheit unterst\u00fctzt.<\/p>\n<p>Auf der Hauptversammlung der Online Marketing Solutions AG am 28. August haben die Aktion\u00e4re mit 94,16 % den Vorschlag des Vorstands angenommen, den Bilanzgewinn auf neue Rechnung vorzutragen. Allen weiteren Beschlussvorschl\u00e4gen stimmten die Aktion\u00e4re ebenfalls mit gro\u00dfer Mehrheit zu.<\/p>\n<p>Der Vorstand der Online Marketing Solutions AG, Ulv Michel, pr\u00e4sentierte zudem die operativen Ergebnisse des Gesch\u00e4ftsjahres 2012, die eine weiterhin positive Entwicklung zeigen. Der Kurs der Vorjahre konnte fortgesetzt und somit die Position auf dem Online Marketing-Markt weiter gest\u00e4rkt werden.<\/p>\n<p>Der aktuelle Gesch\u00e4ftsbericht der Online Marketing Solutions AG ist unter http:\/\/www.oms.ag\/unterseiten\/geschaftsberichte.php abrufbar.<\/p>\n","protected":false},"excerpt":{"rendered":"<p>Eschborn, im August 2013: Auf der Hauptversammlung des an der D\u00fcsseldorfer B\u00f6rse gelisteten Online Marketing-Unternehmens Online Marketing Solutions AG pr\u00e4sentierte der Vorstand einen R\u00fcckblick auf das erfolgreiche Gesch\u00e4ftsjahr 2012. Die Strategie des Vorstands wurde von den Aktion\u00e4ren mit gro\u00dfer Mehrheit unterst\u00fctzt. Auf der Hauptversammlung der Online Marketing Solutions AG am 28. August haben die Aktion\u00e4re [&hellip;]<\/p>\n","protected":false},"author":46,"featured_media":0,"comment_status":"closed","ping_status":"closed","sticky":false,"template":"","format":"standard","meta":{"content-type":"","footnotes":""},"categories":[132,38,39],"tags":[133],"yoast_head":"<!-- This site is optimized with the Yoast SEO plugin v22.8 - https:\/\/yoast.com\/wordpress\/plugins\/seo\/ -->\n<title>Vorstand pr\u00e4sentiert R\u00fcckblick auf das erfolgreiche Gesch\u00e4ftsjahr 2012<\/title>\n<meta name=\"description\" content=\"Auf der Hauptversammlung der Online Marketing Solutions AG am 28. August haben die Aktion\u00e4re mit 94,16 % den Vorschlag des Vorstands angenommen\" \/>\n<meta name=\"robots\" content=\"index, follow, max-snippet:-1, max-image-preview:large, max-video-preview:-1\" \/>\n<link rel=\"canonical\" href=\"https:\/\/www.omsag.de\/proxy\/online-marketing-blog\/pressespiegel\/hauptversammlung-2013-und-positive-bilanz-fuer-geschaeftsjahr-2012\/\" \/>\n<meta property=\"og:locale\" content=\"de_DE\" \/>\n<meta property=\"og:type\" content=\"article\" \/>\n<meta property=\"og:title\" content=\"Vorstand pr\u00e4sentiert R\u00fcckblick auf das erfolgreiche Gesch\u00e4ftsjahr 2012\" \/>\n<meta property=\"og:description\" content=\"Auf der Hauptversammlung der Online Marketing Solutions AG am 28. August haben die Aktion\u00e4re mit 94,16 % den Vorschlag des Vorstands angenommen\" \/>\n<meta property=\"og:url\" content=\"https:\/\/www.omsag.de\/proxy\/online-marketing-blog\/pressespiegel\/hauptversammlung-2013-und-positive-bilanz-fuer-geschaeftsjahr-2012\/\" \/>\n<meta property=\"og:site_name\" content=\"Online Marketing &amp; Suchmaschinenmarketing Agentur OMSAG\" \/>\n<meta property=\"article:publisher\" content=\"https:\/\/www.facebook.com\/Online.Marketing.Solutions.AG\" \/>\n<meta property=\"article:published_time\" content=\"2013-09-10T07:03:27+00:00\" \/>\n<meta property=\"article:modified_time\" content=\"2019-01-08T11:12:18+00:00\" \/>\n<meta name=\"author\" content=\"Presse\" \/>\n<meta name=\"twitter:card\" content=\"summary_large_image\" \/>\n<meta name=\"twitter:label1\" content=\"Verfasst von\" \/>\n\t<meta name=\"twitter:data1\" content=\"Presse\" \/>\n\t<meta name=\"twitter:label2\" content=\"Gesch\u00e4tzte Lesezeit\" \/>\n\t<meta name=\"twitter:data2\" content=\"1\u00a0Minute\" \/>\n<script type=\"application\/ld+json\" class=\"yoast-schema-graph\">{\"@context\":\"https:\/\/schema.org\",\"@graph\":[{\"@type\":\"Article\",\"@id\":\"https:\/\/www.omsag.de\/proxy\/online-marketing-blog\/pressespiegel\/hauptversammlung-2013-und-positive-bilanz-fuer-geschaeftsjahr-2012\/#article\",\"isPartOf\":{\"@id\":\"https:\/\/www.omsag.de\/proxy\/online-marketing-blog\/pressespiegel\/hauptversammlung-2013-und-positive-bilanz-fuer-geschaeftsjahr-2012\/\"},\"author\":{\"name\":\"Presse\",\"@id\":\"https:\/\/www.omsag.de\/proxy\/#\/schema\/person\/beb882437f9d1d6729304201da4c6b8f\"},\"headline\":\"Hauptversammlung 2013 und positive Bilanz f\u00fcr Gesch\u00e4ftsjahr 2012\",\"datePublished\":\"2013-09-10T07:03:27+00:00\",\"dateModified\":\"2019-01-08T11:12:18+00:00\",\"mainEntityOfPage\":{\"@id\":\"https:\/\/www.omsag.de\/proxy\/online-marketing-blog\/pressespiegel\/hauptversammlung-2013-und-positive-bilanz-fuer-geschaeftsjahr-2012\/\"},\"wordCount\":156,\"publisher\":{\"@id\":\"https:\/\/www.omsag.de\/proxy\/#organization\"},\"keywords\":[\"investor relations\"],\"articleSection\":[\"Investor Relations\",\"Pressespiegel\",\"Unternehmensnachrichten\"],\"inLanguage\":\"de\"},{\"@type\":\"WebPage\",\"@id\":\"https:\/\/www.omsag.de\/proxy\/online-marketing-blog\/pressespiegel\/hauptversammlung-2013-und-positive-bilanz-fuer-geschaeftsjahr-2012\/\",\"url\":\"https:\/\/www.omsag.de\/proxy\/online-marketing-blog\/pressespiegel\/hauptversammlung-2013-und-positive-bilanz-fuer-geschaeftsjahr-2012\/\",\"name\":\"Vorstand pr\u00e4sentiert R\u00fcckblick auf das erfolgreiche Gesch\u00e4ftsjahr 2012\",\"isPartOf\":{\"@id\":\"https:\/\/www.omsag.de\/proxy\/#website\"},\"datePublished\":\"2013-09-10T07:03:27+00:00\",\"dateModified\":\"2019-01-08T11:12:18+00:00\",\"description\":\"Auf der Hauptversammlung der Online Marketing Solutions AG am 28. August haben die Aktion\u00e4re mit 94,16 % den Vorschlag des Vorstands angenommen\",\"breadcrumb\":{\"@id\":\"https:\/\/www.omsag.de\/proxy\/online-marketing-blog\/pressespiegel\/hauptversammlung-2013-und-positive-bilanz-fuer-geschaeftsjahr-2012\/#breadcrumb\"},\"inLanguage\":\"de\",\"potentialAction\":[{\"@type\":\"ReadAction\",\"target\":[\"https:\/\/www.omsag.de\/proxy\/online-marketing-blog\/pressespiegel\/hauptversammlung-2013-und-positive-bilanz-fuer-geschaeftsjahr-2012\/\"]}]},{\"@type\":\"BreadcrumbList\",\"@id\":\"https:\/\/www.omsag.de\/proxy\/online-marketing-blog\/pressespiegel\/hauptversammlung-2013-und-positive-bilanz-fuer-geschaeftsjahr-2012\/#breadcrumb\",\"itemListElement\":[{\"@type\":\"ListItem\",\"position\":1,\"name\":\"Startseite\",\"item\":\"https:\/\/www.omsag.de\/proxy\/\"},{\"@type\":\"ListItem\",\"position\":2,\"name\":\"Investor Relations\",\"item\":\"https:\/\/www.omsag.de\/proxy\/online-marketing-blog\/investor-relations\/\"},{\"@type\":\"ListItem\",\"position\":3,\"name\":\"Hauptversammlung 2013 und positive Bilanz f\u00fcr Gesch\u00e4ftsjahr 2012\"}]},{\"@type\":\"WebSite\",\"@id\":\"https:\/\/www.omsag.de\/proxy\/#website\",\"url\":\"https:\/\/www.omsag.de\/proxy\/\",\"name\":\"Online Marketing & Suchmaschinenmarketing Agentur OMSAG\",\"description\":\"\",\"publisher\":{\"@id\":\"https:\/\/www.omsag.de\/proxy\/#organization\"},\"potentialAction\":[{\"@type\":\"SearchAction\",\"target\":{\"@type\":\"EntryPoint\",\"urlTemplate\":\"https:\/\/www.omsag.de\/proxy\/?s={search_term_string}\"},\"query-input\":\"required name=search_term_string\"}],\"inLanguage\":\"de\"},{\"@type\":\"Organization\",\"@id\":\"https:\/\/www.omsag.de\/proxy\/#organization\",\"name\":\"OMSAG\",\"url\":\"https:\/\/www.omsag.de\/proxy\/\",\"logo\":{\"@type\":\"ImageObject\",\"inLanguage\":\"de\",\"@id\":\"https:\/\/www.omsag.de\/proxy\/#\/schema\/logo\/image\/\",\"url\":\"https:\/\/www.omsag.de\/proxy\/wp-content\/uploads\/2020\/08\/oms-logo-1.jpg\",\"contentUrl\":\"https:\/\/www.omsag.de\/proxy\/wp-content\/uploads\/2020\/08\/oms-logo-1.jpg\",\"width\":500,\"height\":148,\"caption\":\"OMSAG\"},\"image\":{\"@id\":\"https:\/\/www.omsag.de\/proxy\/#\/schema\/logo\/image\/\"},\"sameAs\":[\"https:\/\/www.facebook.com\/Online.Marketing.Solutions.AG\",\"https:\/\/www.instagram.com\/omsag\/\",\"https:\/\/de.linkedin.com\/company\/online-marketing-solutions-ag\"]},{\"@type\":\"Person\",\"@id\":\"https:\/\/www.omsag.de\/proxy\/#\/schema\/person\/beb882437f9d1d6729304201da4c6b8f\",\"name\":\"Presse\",\"description\":\"Die Presseredaktion ver\u00f6ffentlicht alle wichtigen Neuigkeiten rund um das Unternehmen, z. B. zu Produktneuheiten oder -erweiterungen, Personalien, Messeauftritten sowie interessanten OMSAG-Events und neuen Partnerschaften. Dar\u00fcber hinaus erhalten Sie im Pressespiegel eine \u00dcbersicht aller Beitr\u00e4ge aus der \u00f6ffentlichen Berichterstattung \u00fcber die Online Marketing Solutions AG.\",\"sameAs\":[\"https:\/\/www.omsag.de\"],\"url\":\"https:\/\/www.omsag.de\/proxy\/online-marketing-blog\/author\/presseredaktion\/\"}]}<\/script>\n<!-- \/ Yoast SEO plugin. -->","yoast_head_json":{"title":"Vorstand pr\u00e4sentiert R\u00fcckblick auf das erfolgreiche Gesch\u00e4ftsjahr 2012","description":"Auf der Hauptversammlung der Online Marketing Solutions AG am 28. August haben die Aktion\u00e4re mit 94,16 % den Vorschlag des Vorstands angenommen","robots":{"index":"index","follow":"follow","max-snippet":"max-snippet:-1","max-image-preview":"max-image-preview:large","max-video-preview":"max-video-preview:-1"},"canonical":"https:\/\/www.omsag.de\/proxy\/online-marketing-blog\/pressespiegel\/hauptversammlung-2013-und-positive-bilanz-fuer-geschaeftsjahr-2012\/","og_locale":"de_DE","og_type":"article","og_title":"Vorstand pr\u00e4sentiert R\u00fcckblick auf das erfolgreiche Gesch\u00e4ftsjahr 2012","og_description":"Auf der Hauptversammlung der Online Marketing Solutions AG am 28. August haben die Aktion\u00e4re mit 94,16 % den Vorschlag des Vorstands angenommen","og_url":"https:\/\/www.omsag.de\/proxy\/online-marketing-blog\/pressespiegel\/hauptversammlung-2013-und-positive-bilanz-fuer-geschaeftsjahr-2012\/","og_site_name":"Online Marketing &amp; Suchmaschinenmarketing Agentur OMSAG","article_publisher":"https:\/\/www.facebook.com\/Online.Marketing.Solutions.AG","article_published_time":"2013-09-10T07:03:27+00:00","article_modified_time":"2019-01-08T11:12:18+00:00","author":"Presse","twitter_card":"summary_large_image","twitter_misc":{"Verfasst von":"Presse","Gesch\u00e4tzte Lesezeit":"1\u00a0Minute"},"schema":{"@context":"https:\/\/schema.org","@graph":[{"@type":"Article","@id":"https:\/\/www.omsag.de\/proxy\/online-marketing-blog\/pressespiegel\/hauptversammlung-2013-und-positive-bilanz-fuer-geschaeftsjahr-2012\/#article","isPartOf":{"@id":"https:\/\/www.omsag.de\/proxy\/online-marketing-blog\/pressespiegel\/hauptversammlung-2013-und-positive-bilanz-fuer-geschaeftsjahr-2012\/"},"author":{"name":"Presse","@id":"https:\/\/www.omsag.de\/proxy\/#\/schema\/person\/beb882437f9d1d6729304201da4c6b8f"},"headline":"Hauptversammlung 2013 und positive Bilanz f\u00fcr Gesch\u00e4ftsjahr 2012","datePublished":"2013-09-10T07:03:27+00:00","dateModified":"2019-01-08T11:12:18+00:00","mainEntityOfPage":{"@id":"https:\/\/www.omsag.de\/proxy\/online-marketing-blog\/pressespiegel\/hauptversammlung-2013-und-positive-bilanz-fuer-geschaeftsjahr-2012\/"},"wordCount":156,"publisher":{"@id":"https:\/\/www.omsag.de\/proxy\/#organization"},"keywords":["investor relations"],"articleSection":["Investor Relations","Pressespiegel","Unternehmensnachrichten"],"inLanguage":"de"},{"@type":"WebPage","@id":"https:\/\/www.omsag.de\/proxy\/online-marketing-blog\/pressespiegel\/hauptversammlung-2013-und-positive-bilanz-fuer-geschaeftsjahr-2012\/","url":"https:\/\/www.omsag.de\/proxy\/online-marketing-blog\/pressespiegel\/hauptversammlung-2013-und-positive-bilanz-fuer-geschaeftsjahr-2012\/","name":"Vorstand pr\u00e4sentiert R\u00fcckblick auf das erfolgreiche Gesch\u00e4ftsjahr 2012","isPartOf":{"@id":"https:\/\/www.omsag.de\/proxy\/#website"},"datePublished":"2013-09-10T07:03:27+00:00","dateModified":"2019-01-08T11:12:18+00:00","description":"Auf der Hauptversammlung der Online Marketing Solutions AG am 28. August haben die Aktion\u00e4re mit 94,16 % den Vorschlag des Vorstands angenommen","breadcrumb":{"@id":"https:\/\/www.omsag.de\/proxy\/online-marketing-blog\/pressespiegel\/hauptversammlung-2013-und-positive-bilanz-fuer-geschaeftsjahr-2012\/#breadcrumb"},"inLanguage":"de","potentialAction":[{"@type":"ReadAction","target":["https:\/\/www.omsag.de\/proxy\/online-marketing-blog\/pressespiegel\/hauptversammlung-2013-und-positive-bilanz-fuer-geschaeftsjahr-2012\/"]}]},{"@type":"BreadcrumbList","@id":"https:\/\/www.omsag.de\/proxy\/online-marketing-blog\/pressespiegel\/hauptversammlung-2013-und-positive-bilanz-fuer-geschaeftsjahr-2012\/#breadcrumb","itemListElement":[{"@type":"ListItem","position":1,"name":"Startseite","item":"https:\/\/www.omsag.de\/proxy\/"},{"@type":"ListItem","position":2,"name":"Investor Relations","item":"https:\/\/www.omsag.de\/proxy\/online-marketing-blog\/investor-relations\/"},{"@type":"ListItem","position":3,"name":"Hauptversammlung 2013 und positive Bilanz f\u00fcr Gesch\u00e4ftsjahr 2012"}]},{"@type":"WebSite","@id":"https:\/\/www.omsag.de\/proxy\/#website","url":"https:\/\/www.omsag.de\/proxy\/","name":"Online Marketing & Suchmaschinenmarketing Agentur OMSAG","description":"","publisher":{"@id":"https:\/\/www.omsag.de\/proxy\/#organization"},"potentialAction":[{"@type":"SearchAction","target":{"@type":"EntryPoint","urlTemplate":"https:\/\/www.omsag.de\/proxy\/?s={search_term_string}"},"query-input":"required name=search_term_string"}],"inLanguage":"de"},{"@type":"Organization","@id":"https:\/\/www.omsag.de\/proxy\/#organization","name":"OMSAG","url":"https:\/\/www.omsag.de\/proxy\/","logo":{"@type":"ImageObject","inLanguage":"de","@id":"https:\/\/www.omsag.de\/proxy\/#\/schema\/logo\/image\/","url":"https:\/\/www.omsag.de\/proxy\/wp-content\/uploads\/2020\/08\/oms-logo-1.jpg","contentUrl":"https:\/\/www.omsag.de\/proxy\/wp-content\/uploads\/2020\/08\/oms-logo-1.jpg","width":500,"height":148,"caption":"OMSAG"},"image":{"@id":"https:\/\/www.omsag.de\/proxy\/#\/schema\/logo\/image\/"},"sameAs":["https:\/\/www.facebook.com\/Online.Marketing.Solutions.AG","https:\/\/www.instagram.com\/omsag\/","https:\/\/de.linkedin.com\/company\/online-marketing-solutions-ag"]},{"@type":"Person","@id":"https:\/\/www.omsag.de\/proxy\/#\/schema\/person\/beb882437f9d1d6729304201da4c6b8f","name":"Presse","description":"Die Presseredaktion ver\u00f6ffentlicht alle wichtigen Neuigkeiten rund um das Unternehmen, z. B. zu Produktneuheiten oder -erweiterungen, Personalien, Messeauftritten sowie interessanten OMSAG-Events und neuen Partnerschaften. Dar\u00fcber hinaus erhalten Sie im Pressespiegel eine \u00dcbersicht aller Beitr\u00e4ge aus der \u00f6ffentlichen Berichterstattung \u00fcber die Online Marketing Solutions AG.","sameAs":["https:\/\/www.omsag.de"],"url":"https:\/\/www.omsag.de\/proxy\/online-marketing-blog\/author\/presseredaktion\/"}]}},"_links":{"self":[{"href":"https:\/\/www.omsag.de\/proxy\/wp-json\/wp\/v2\/posts\/1647"}],"collection":[{"href":"https:\/\/www.omsag.de\/proxy\/wp-json\/wp\/v2\/posts"}],"about":[{"href":"https:\/\/www.omsag.de\/proxy\/wp-json\/wp\/v2\/types\/post"}],"author":[{"embeddable":true,"href":"https:\/\/www.omsag.de\/proxy\/wp-json\/wp\/v2\/users\/46"}],"replies":[{"embeddable":true,"href":"https:\/\/www.omsag.de\/proxy\/wp-json\/wp\/v2\/comments?post=1647"}],"version-history":[{"count":0,"href":"https:\/\/www.omsag.de\/proxy\/wp-json\/wp\/v2\/posts\/1647\/revisions"}],"wp:attachment":[{"href":"https:\/\/www.omsag.de\/proxy\/wp-json\/wp\/v2\/media?parent=1647"}],"wp:term":[{"taxonomy":"category","embeddable":true,"href":"https:\/\/www.omsag.de\/proxy\/wp-json\/wp\/v2\/categories?post=1647"},{"taxonomy":"post_tag","embeddable":true,"href":"https:\/\/www.omsag.de\/proxy\/wp-json\/wp\/v2\/tags?post=1647"}],"curies":[{"name":"wp","href":"https:\/\/api.w.org\/{rel}","templated":true}]}}