{"id":1614,"date":"2011-08-18T10:37:32","date_gmt":"2011-08-18T08:37:32","guid":{"rendered":"https:\/\/www.omsag.de\/blog\/?p=1614"},"modified":"2018-12-22T20:43:49","modified_gmt":"2018-12-22T19:43:49","slug":"ja-oder-nein-zum-klarnamenzwang-nein","status":"publish","type":"post","link":"https:\/\/www.omsag.de\/proxy\/online-marketing-blog\/social-media\/ja-oder-nein-zum-klarnamenzwang-nein\/","title":{"rendered":"Ja oder Nein zum Klarnamenzwang? Nein!"},"content":{"rendered":"<p>Pseudonyme werden bei Google+ nicht geduldet. Nutzer, die sich ein Google-Profil unter einem Pseudonym anlegten, wurden noch vor kurzer Zeit ohne Vorwarnung von dem Suchmaschinenbetreiber gesperrt. Dies sorgte f\u00fcr einige Aufregung. Nun teilte Saurabh Sharam, Produktmanager im Google+-Team mit, dass fortan eine Reaktionszeit von vier Tagen gew\u00e4hrt wird, um im Sinne der Namensrichtlinien von Google+ seinen Namen zu \u00e4ndern, bevor eine Sperrung des Profils erfolgt.<br \/>\n<!--more-->Wer mit den Namensrichtlinien nicht einverstanden ist, hat die M\u00f6glichkeit seine Daten zu exportieren wie Sharma mitteilte. Die vom Nutzer eingestellten Inhalte geh\u00f6ren ihnen selbst. N\u00e4here Infos hierzu finden sich bei Google Takeout<\/p>\n<p><strong>Warum will Google+ keine Pseudonyme will<\/strong><\/p>\n<p>In den Richtlinien von Google+ hei\u00dft es, dass ausschlie\u00dflich der Name verwendet werden soll mit dem Freunde, Familien und Kollegen einen ansprechen. Dies soll der Bek\u00e4mpfung von Spam und gef\u00e4lschten Profilen vorbeugen. In diesem Zusammenhang kam es bereits w\u00e4hrend der Google+ Testphase zu Sperrungen von Usern. Dar\u00fcber hinaus wurden auch Unternehmen gesperrt. Seitens Google wurde bereits angek\u00fcndigt, dass Unternehmen zu einem sp\u00e4teren Zeitpunkt auf spezielle Gesch\u00e4ftsprofile ausweichen k\u00f6nnen.<\/p>\n<p><strong>Wer leidet unter dem Klarnamenzwang? <\/strong><\/p>\n<p>Datensch\u00fctzer sprachen im Zuge der Namensrichtlinien von Google+ sehr schnell Kritik aus und forderten weiterhin die M\u00f6glichkeit der Pseudonyme. So gibt es zahlreiche und gute Gr\u00fcnde sich f\u00fcr ein Pseudonym-Profil zu entscheiden. Ein Blog-Eintrag von Kirrily \u201eSkud\u201c Robert enth\u00e4lt beispielsweise eine Auflistung von unterschiedlichen Menschen, die ihre Gr\u00fcnde darlegen, weshalb sie sich bewusst f\u00fcr einen Pseudonym-Namen im Web entschieden haben. Auff\u00e4llig dabei: Es sind in der Regel Minderheiten, welche von der Gesellschaft oftmals ausgegrenzt werden. Darunter finden sich Missbrauchsopfer, Lesben, Schwule, Bi- und Transsexuelle sowie Stalking-Opfer. Es sind oftmals aber auch Personen des \u00f6ffentlichen Lebens, die auch unerkannt bleiben m\u00f6chten, wie Lehrer oder Politiker.<\/p>\n<p><strong>Sollte man auf den Klarnamenzwang bestehen?<\/strong><\/p>\n<p>Sicherlich gibt es f\u00fcr jedes Thema ein pro und contra. So auch beim Thema Klarnamenzwang: Hans-Peter Friedrich, Bundesminister des Inneren, beispielsweise fordert ein Ende der Anonymit\u00e4t im Netz und unterst\u00fctzt somit das Google+ Vorhaben. Doch kann er sich in die Lage der Betroffenen hineinversetzen? Es wird immer Ausnahmen und Menschen geben, die ihrer eigenen Sicherheit zuliebe, im Netz anonym bleiben wollen. Und genau diesen Menschen sollte meiner Meinung nach eine entsprechende M\u00f6glichkeit einger\u00e4umt werden.<\/p>\n<p>Verfasst von: Marc Hartung-Kn\u00f6fler<\/p>\n","protected":false},"excerpt":{"rendered":"<p>Pseudonyme werden bei Google+ nicht geduldet. Nutzer, die sich ein Google-Profil unter einem Pseudonym anlegten, wurden noch vor kurzer Zeit ohne Vorwarnung von dem Suchmaschinenbetreiber gesperrt. Dies sorgte f\u00fcr einige Aufregung. Nun teilte Saurabh Sharam, Produktmanager im Google+-Team mit, dass fortan eine Reaktionszeit von vier Tagen gew\u00e4hrt wird, um im Sinne der Namensrichtlinien von Google+ [&hellip;]<\/p>\n","protected":false},"author":36,"featured_media":0,"comment_status":"open","ping_status":"closed","sticky":false,"template":"","format":"standard","meta":{"content-type":"","footnotes":""},"categories":[35],"tags":[22,137,138,110],"yoast_head":"<!-- This site is optimized with the Yoast SEO plugin v22.8 - https:\/\/yoast.com\/wordpress\/plugins\/seo\/ -->\n<title>Ja oder Nein zum Klarnamenzwang? Nein! - OMSAG<\/title>\n<meta name=\"description\" content=\"Google+ zwingt seine Nutzer, auf Pseudonyme zu verzichten. Doch viele Menschen wehren sich gegen den Klarnamenzwang. Wir beleuchten f\u00fcr Euch mehrere Aspekte.\" \/>\n<meta name=\"robots\" content=\"index, follow, max-snippet:-1, max-image-preview:large, max-video-preview:-1\" \/>\n<link rel=\"canonical\" href=\"https:\/\/www.omsag.de\/proxy\/online-marketing-blog\/social-media\/ja-oder-nein-zum-klarnamenzwang-nein\/\" \/>\n<meta property=\"og:locale\" content=\"de_DE\" \/>\n<meta property=\"og:type\" content=\"article\" \/>\n<meta property=\"og:title\" content=\"Ja oder Nein zum Klarnamenzwang? Nein! - OMSAG\" \/>\n<meta property=\"og:description\" content=\"Google+ zwingt seine Nutzer, auf Pseudonyme zu verzichten. Doch viele Menschen wehren sich gegen den Klarnamenzwang. Wir beleuchten f\u00fcr Euch mehrere Aspekte.\" \/>\n<meta property=\"og:url\" content=\"https:\/\/www.omsag.de\/proxy\/online-marketing-blog\/social-media\/ja-oder-nein-zum-klarnamenzwang-nein\/\" \/>\n<meta property=\"og:site_name\" content=\"Online Marketing &amp; Suchmaschinenmarketing Agentur OMSAG\" \/>\n<meta property=\"article:publisher\" content=\"https:\/\/www.facebook.com\/Online.Marketing.Solutions.AG\" \/>\n<meta property=\"article:published_time\" content=\"2011-08-18T08:37:32+00:00\" \/>\n<meta property=\"article:modified_time\" content=\"2018-12-22T19:43:49+00:00\" \/>\n<meta name=\"author\" content=\"Marc\" \/>\n<meta name=\"twitter:card\" content=\"summary_large_image\" \/>\n<meta name=\"twitter:label1\" content=\"Verfasst von\" \/>\n\t<meta name=\"twitter:data1\" content=\"Marc\" \/>\n\t<meta name=\"twitter:label2\" content=\"Gesch\u00e4tzte Lesezeit\" \/>\n\t<meta name=\"twitter:data2\" content=\"2\u00a0Minuten\" \/>\n<script type=\"application\/ld+json\" class=\"yoast-schema-graph\">{\"@context\":\"https:\/\/schema.org\",\"@graph\":[{\"@type\":\"Article\",\"@id\":\"https:\/\/www.omsag.de\/proxy\/online-marketing-blog\/social-media\/ja-oder-nein-zum-klarnamenzwang-nein\/#article\",\"isPartOf\":{\"@id\":\"https:\/\/www.omsag.de\/proxy\/online-marketing-blog\/social-media\/ja-oder-nein-zum-klarnamenzwang-nein\/\"},\"author\":{\"name\":\"Marc\",\"@id\":\"https:\/\/www.omsag.de\/proxy\/#\/schema\/person\/a98442d0495bfa2f201fd3887eb721ee\"},\"headline\":\"Ja oder Nein zum Klarnamenzwang? Nein!\",\"datePublished\":\"2011-08-18T08:37:32+00:00\",\"dateModified\":\"2018-12-22T19:43:49+00:00\",\"mainEntityOfPage\":{\"@id\":\"https:\/\/www.omsag.de\/proxy\/online-marketing-blog\/social-media\/ja-oder-nein-zum-klarnamenzwang-nein\/\"},\"wordCount\":402,\"commentCount\":15,\"publisher\":{\"@id\":\"https:\/\/www.omsag.de\/proxy\/#organization\"},\"keywords\":[\"google\",\"klarnamen\",\"pseudonyme\",\"social media\"],\"articleSection\":[\"Social Media\"],\"inLanguage\":\"de\",\"potentialAction\":[{\"@type\":\"CommentAction\",\"name\":\"Comment\",\"target\":[\"https:\/\/www.omsag.de\/proxy\/online-marketing-blog\/social-media\/ja-oder-nein-zum-klarnamenzwang-nein\/#respond\"]}]},{\"@type\":\"WebPage\",\"@id\":\"https:\/\/www.omsag.de\/proxy\/online-marketing-blog\/social-media\/ja-oder-nein-zum-klarnamenzwang-nein\/\",\"url\":\"https:\/\/www.omsag.de\/proxy\/online-marketing-blog\/social-media\/ja-oder-nein-zum-klarnamenzwang-nein\/\",\"name\":\"Ja oder Nein zum Klarnamenzwang? Nein! - OMSAG\",\"isPartOf\":{\"@id\":\"https:\/\/www.omsag.de\/proxy\/#website\"},\"datePublished\":\"2011-08-18T08:37:32+00:00\",\"dateModified\":\"2018-12-22T19:43:49+00:00\",\"description\":\"Google+ zwingt seine Nutzer, auf Pseudonyme zu verzichten. Doch viele Menschen wehren sich gegen den Klarnamenzwang. Wir beleuchten f\u00fcr Euch mehrere Aspekte.\",\"breadcrumb\":{\"@id\":\"https:\/\/www.omsag.de\/proxy\/online-marketing-blog\/social-media\/ja-oder-nein-zum-klarnamenzwang-nein\/#breadcrumb\"},\"inLanguage\":\"de\",\"potentialAction\":[{\"@type\":\"ReadAction\",\"target\":[\"https:\/\/www.omsag.de\/proxy\/online-marketing-blog\/social-media\/ja-oder-nein-zum-klarnamenzwang-nein\/\"]}]},{\"@type\":\"BreadcrumbList\",\"@id\":\"https:\/\/www.omsag.de\/proxy\/online-marketing-blog\/social-media\/ja-oder-nein-zum-klarnamenzwang-nein\/#breadcrumb\",\"itemListElement\":[{\"@type\":\"ListItem\",\"position\":1,\"name\":\"Startseite\",\"item\":\"https:\/\/www.omsag.de\/proxy\/\"},{\"@type\":\"ListItem\",\"position\":2,\"name\":\"Social Media\",\"item\":\"https:\/\/www.omsag.de\/proxy\/online-marketing-blog\/social-media\/\"},{\"@type\":\"ListItem\",\"position\":3,\"name\":\"Ja oder Nein zum Klarnamenzwang? Nein!\"}]},{\"@type\":\"WebSite\",\"@id\":\"https:\/\/www.omsag.de\/proxy\/#website\",\"url\":\"https:\/\/www.omsag.de\/proxy\/\",\"name\":\"Online Marketing & Suchmaschinenmarketing Agentur OMSAG\",\"description\":\"\",\"publisher\":{\"@id\":\"https:\/\/www.omsag.de\/proxy\/#organization\"},\"potentialAction\":[{\"@type\":\"SearchAction\",\"target\":{\"@type\":\"EntryPoint\",\"urlTemplate\":\"https:\/\/www.omsag.de\/proxy\/?s={search_term_string}\"},\"query-input\":\"required name=search_term_string\"}],\"inLanguage\":\"de\"},{\"@type\":\"Organization\",\"@id\":\"https:\/\/www.omsag.de\/proxy\/#organization\",\"name\":\"OMSAG\",\"url\":\"https:\/\/www.omsag.de\/proxy\/\",\"logo\":{\"@type\":\"ImageObject\",\"inLanguage\":\"de\",\"@id\":\"https:\/\/www.omsag.de\/proxy\/#\/schema\/logo\/image\/\",\"url\":\"https:\/\/www.omsag.de\/proxy\/wp-content\/uploads\/2020\/08\/oms-logo-1.jpg\",\"contentUrl\":\"https:\/\/www.omsag.de\/proxy\/wp-content\/uploads\/2020\/08\/oms-logo-1.jpg\",\"width\":500,\"height\":148,\"caption\":\"OMSAG\"},\"image\":{\"@id\":\"https:\/\/www.omsag.de\/proxy\/#\/schema\/logo\/image\/\"},\"sameAs\":[\"https:\/\/www.facebook.com\/Online.Marketing.Solutions.AG\",\"https:\/\/www.instagram.com\/omsag\/\",\"https:\/\/de.linkedin.com\/company\/online-marketing-solutions-ag\"]},{\"@type\":\"Person\",\"@id\":\"https:\/\/www.omsag.de\/proxy\/#\/schema\/person\/a98442d0495bfa2f201fd3887eb721ee\",\"name\":\"Marc\",\"description\":\"Marc ist als Human Resources Manager f\u00fcr Personal- bzw. Karrierefragen sowie das Thema Weiterbildung im Unternehmen zust\u00e4ndig. Er ist gelernter B\u00fcrokaufmann und schon seit April 2007 im Unternehmen. Zun\u00e4chst prim\u00e4r f\u00fcr die administrative Abwicklung im Key Account und die kaufm\u00e4nnischen Auszubildenden im Unternehmen verantwortlich, ist Marc seit 2015 ausschlie\u00dflich im Personalbereich t\u00e4tig.\",\"sameAs\":[\"http:\/\/www.hartung-knoefler.de\"],\"url\":\"https:\/\/www.omsag.de\/proxy\/online-marketing-blog\/author\/m-hartung\/\"}]}<\/script>\n<!-- \/ Yoast SEO plugin. -->","yoast_head_json":{"title":"Ja oder Nein zum Klarnamenzwang? Nein! - OMSAG","description":"Google+ zwingt seine Nutzer, auf Pseudonyme zu verzichten. Doch viele Menschen wehren sich gegen den Klarnamenzwang. Wir beleuchten f\u00fcr Euch mehrere Aspekte.","robots":{"index":"index","follow":"follow","max-snippet":"max-snippet:-1","max-image-preview":"max-image-preview:large","max-video-preview":"max-video-preview:-1"},"canonical":"https:\/\/www.omsag.de\/proxy\/online-marketing-blog\/social-media\/ja-oder-nein-zum-klarnamenzwang-nein\/","og_locale":"de_DE","og_type":"article","og_title":"Ja oder Nein zum Klarnamenzwang? Nein! - OMSAG","og_description":"Google+ zwingt seine Nutzer, auf Pseudonyme zu verzichten. Doch viele Menschen wehren sich gegen den Klarnamenzwang. Wir beleuchten f\u00fcr Euch mehrere Aspekte.","og_url":"https:\/\/www.omsag.de\/proxy\/online-marketing-blog\/social-media\/ja-oder-nein-zum-klarnamenzwang-nein\/","og_site_name":"Online Marketing &amp; Suchmaschinenmarketing Agentur OMSAG","article_publisher":"https:\/\/www.facebook.com\/Online.Marketing.Solutions.AG","article_published_time":"2011-08-18T08:37:32+00:00","article_modified_time":"2018-12-22T19:43:49+00:00","author":"Marc","twitter_card":"summary_large_image","twitter_misc":{"Verfasst von":"Marc","Gesch\u00e4tzte Lesezeit":"2\u00a0Minuten"},"schema":{"@context":"https:\/\/schema.org","@graph":[{"@type":"Article","@id":"https:\/\/www.omsag.de\/proxy\/online-marketing-blog\/social-media\/ja-oder-nein-zum-klarnamenzwang-nein\/#article","isPartOf":{"@id":"https:\/\/www.omsag.de\/proxy\/online-marketing-blog\/social-media\/ja-oder-nein-zum-klarnamenzwang-nein\/"},"author":{"name":"Marc","@id":"https:\/\/www.omsag.de\/proxy\/#\/schema\/person\/a98442d0495bfa2f201fd3887eb721ee"},"headline":"Ja oder Nein zum Klarnamenzwang? Nein!","datePublished":"2011-08-18T08:37:32+00:00","dateModified":"2018-12-22T19:43:49+00:00","mainEntityOfPage":{"@id":"https:\/\/www.omsag.de\/proxy\/online-marketing-blog\/social-media\/ja-oder-nein-zum-klarnamenzwang-nein\/"},"wordCount":402,"commentCount":15,"publisher":{"@id":"https:\/\/www.omsag.de\/proxy\/#organization"},"keywords":["google","klarnamen","pseudonyme","social media"],"articleSection":["Social Media"],"inLanguage":"de","potentialAction":[{"@type":"CommentAction","name":"Comment","target":["https:\/\/www.omsag.de\/proxy\/online-marketing-blog\/social-media\/ja-oder-nein-zum-klarnamenzwang-nein\/#respond"]}]},{"@type":"WebPage","@id":"https:\/\/www.omsag.de\/proxy\/online-marketing-blog\/social-media\/ja-oder-nein-zum-klarnamenzwang-nein\/","url":"https:\/\/www.omsag.de\/proxy\/online-marketing-blog\/social-media\/ja-oder-nein-zum-klarnamenzwang-nein\/","name":"Ja oder Nein zum Klarnamenzwang? Nein! - OMSAG","isPartOf":{"@id":"https:\/\/www.omsag.de\/proxy\/#website"},"datePublished":"2011-08-18T08:37:32+00:00","dateModified":"2018-12-22T19:43:49+00:00","description":"Google+ zwingt seine Nutzer, auf Pseudonyme zu verzichten. Doch viele Menschen wehren sich gegen den Klarnamenzwang. Wir beleuchten f\u00fcr Euch mehrere Aspekte.","breadcrumb":{"@id":"https:\/\/www.omsag.de\/proxy\/online-marketing-blog\/social-media\/ja-oder-nein-zum-klarnamenzwang-nein\/#breadcrumb"},"inLanguage":"de","potentialAction":[{"@type":"ReadAction","target":["https:\/\/www.omsag.de\/proxy\/online-marketing-blog\/social-media\/ja-oder-nein-zum-klarnamenzwang-nein\/"]}]},{"@type":"BreadcrumbList","@id":"https:\/\/www.omsag.de\/proxy\/online-marketing-blog\/social-media\/ja-oder-nein-zum-klarnamenzwang-nein\/#breadcrumb","itemListElement":[{"@type":"ListItem","position":1,"name":"Startseite","item":"https:\/\/www.omsag.de\/proxy\/"},{"@type":"ListItem","position":2,"name":"Social Media","item":"https:\/\/www.omsag.de\/proxy\/online-marketing-blog\/social-media\/"},{"@type":"ListItem","position":3,"name":"Ja oder Nein zum Klarnamenzwang? Nein!"}]},{"@type":"WebSite","@id":"https:\/\/www.omsag.de\/proxy\/#website","url":"https:\/\/www.omsag.de\/proxy\/","name":"Online Marketing & Suchmaschinenmarketing Agentur OMSAG","description":"","publisher":{"@id":"https:\/\/www.omsag.de\/proxy\/#organization"},"potentialAction":[{"@type":"SearchAction","target":{"@type":"EntryPoint","urlTemplate":"https:\/\/www.omsag.de\/proxy\/?s={search_term_string}"},"query-input":"required name=search_term_string"}],"inLanguage":"de"},{"@type":"Organization","@id":"https:\/\/www.omsag.de\/proxy\/#organization","name":"OMSAG","url":"https:\/\/www.omsag.de\/proxy\/","logo":{"@type":"ImageObject","inLanguage":"de","@id":"https:\/\/www.omsag.de\/proxy\/#\/schema\/logo\/image\/","url":"https:\/\/www.omsag.de\/proxy\/wp-content\/uploads\/2020\/08\/oms-logo-1.jpg","contentUrl":"https:\/\/www.omsag.de\/proxy\/wp-content\/uploads\/2020\/08\/oms-logo-1.jpg","width":500,"height":148,"caption":"OMSAG"},"image":{"@id":"https:\/\/www.omsag.de\/proxy\/#\/schema\/logo\/image\/"},"sameAs":["https:\/\/www.facebook.com\/Online.Marketing.Solutions.AG","https:\/\/www.instagram.com\/omsag\/","https:\/\/de.linkedin.com\/company\/online-marketing-solutions-ag"]},{"@type":"Person","@id":"https:\/\/www.omsag.de\/proxy\/#\/schema\/person\/a98442d0495bfa2f201fd3887eb721ee","name":"Marc","description":"Marc ist als Human Resources Manager f\u00fcr Personal- bzw. Karrierefragen sowie das Thema Weiterbildung im Unternehmen zust\u00e4ndig. Er ist gelernter B\u00fcrokaufmann und schon seit April 2007 im Unternehmen. Zun\u00e4chst prim\u00e4r f\u00fcr die administrative Abwicklung im Key Account und die kaufm\u00e4nnischen Auszubildenden im Unternehmen verantwortlich, ist Marc seit 2015 ausschlie\u00dflich im Personalbereich t\u00e4tig.","sameAs":["http:\/\/www.hartung-knoefler.de"],"url":"https:\/\/www.omsag.de\/proxy\/online-marketing-blog\/author\/m-hartung\/"}]}},"_links":{"self":[{"href":"https:\/\/www.omsag.de\/proxy\/wp-json\/wp\/v2\/posts\/1614"}],"collection":[{"href":"https:\/\/www.omsag.de\/proxy\/wp-json\/wp\/v2\/posts"}],"about":[{"href":"https:\/\/www.omsag.de\/proxy\/wp-json\/wp\/v2\/types\/post"}],"author":[{"embeddable":true,"href":"https:\/\/www.omsag.de\/proxy\/wp-json\/wp\/v2\/users\/36"}],"replies":[{"embeddable":true,"href":"https:\/\/www.omsag.de\/proxy\/wp-json\/wp\/v2\/comments?post=1614"}],"version-history":[{"count":0,"href":"https:\/\/www.omsag.de\/proxy\/wp-json\/wp\/v2\/posts\/1614\/revisions"}],"wp:attachment":[{"href":"https:\/\/www.omsag.de\/proxy\/wp-json\/wp\/v2\/media?parent=1614"}],"wp:term":[{"taxonomy":"category","embeddable":true,"href":"https:\/\/www.omsag.de\/proxy\/wp-json\/wp\/v2\/categories?post=1614"},{"taxonomy":"post_tag","embeddable":true,"href":"https:\/\/www.omsag.de\/proxy\/wp-json\/wp\/v2\/tags?post=1614"}],"curies":[{"name":"wp","href":"https:\/\/api.w.org\/{rel}","templated":true}]}}