{"id":1407,"date":"2011-09-01T15:04:22","date_gmt":"2011-09-01T13:04:22","guid":{"rendered":"https:\/\/www.omsag.de\/?p=1407"},"modified":"2019-01-03T10:47:18","modified_gmt":"2019-01-03T09:47:18","slug":"wichtige-mitteilung-fur-oms-aktie","status":"publish","type":"post","link":"https:\/\/www.omsag.de\/proxy\/online-marketing-blog\/pressespiegel\/wichtige-mitteilung-fur-oms-aktie\/","title":{"rendered":"Wichtige Mitteilung f\u00fcr OMS Aktie"},"content":{"rendered":"<p>In j\u00fcngster Zeit kursieren anonyme Telefaxe ( <em>\u201eDas ist die Internet-Aktie die sich jetzt verdoppeln wird\u201c<\/em> ) und E-Mails die sich spekulativ \u00fcber die Wertentwicklung der Aktien unserer Gesellschaft auslassen und m\u00f6glicherweise den falschen Eindruck erwecken, die getroffenen Aussagen seien in irgendeiner Weise von der Gesellschaft autorisiert.<\/p>\n<p><b>Dies ist nicht zutreffend.<\/b><br \/>\nDar\u00fcber hinaus ist der Inhalt dieser Mitteilungen auch irref\u00fchrend und falsch.<\/p>\n<p>Die Gesellschaft \u00e4u\u00dfert sich nur im Wege von Corporate News, auf ihrer Webseite sowie in den Gesch\u00e4ftsberichten bzw. auf der Jahresshauptversammlung zur Entwicklung des Unternehmens.\u201c<\/p>\n<p>Eschborn, im September 2011<\/p>\n<p>-Der Vorstand-<\/p>\n","protected":false},"excerpt":{"rendered":"<p>In j\u00fcngster Zeit kursieren anonyme Telefaxe ( \u201eDas ist die Internet-Aktie die sich jetzt verdoppeln wird\u201c ) und E-Mails die sich spekulativ \u00fcber die Wertentwicklung der Aktien unserer Gesellschaft auslassen und m\u00f6glicherweise den falschen Eindruck erwecken, die getroffenen Aussagen seien in irgendeiner Weise von der Gesellschaft autorisiert. Dies ist nicht zutreffend. Dar\u00fcber hinaus ist der [&hellip;]<\/p>\n","protected":false},"author":46,"featured_media":0,"comment_status":"closed","ping_status":"closed","sticky":false,"template":"","format":"standard","meta":{"content-type":"","footnotes":""},"categories":[38,39],"tags":[],"yoast_head":"<!-- This site is optimized with the Yoast SEO plugin v22.8 - https:\/\/yoast.com\/wordpress\/plugins\/seo\/ -->\n<title>Wichtige Mitteilung f\u00fcr OMS Aktie - OMSAG<\/title>\n<meta name=\"description\" content=\"In j\u00fcngster Zeit kursieren anonyme Telefaxe und E-Mails die sich spekulativ \u00fcber die Wertentwicklung der Aktien unserer Gesellschaft auslassen\" \/>\n<meta name=\"robots\" content=\"index, follow, max-snippet:-1, max-image-preview:large, max-video-preview:-1\" \/>\n<link rel=\"canonical\" href=\"https:\/\/www.omsag.de\/proxy\/online-marketing-blog\/pressespiegel\/wichtige-mitteilung-fur-oms-aktie\/\" \/>\n<meta property=\"og:locale\" content=\"de_DE\" \/>\n<meta property=\"og:type\" content=\"article\" \/>\n<meta property=\"og:title\" content=\"Wichtige Mitteilung f\u00fcr OMS Aktie - OMSAG\" \/>\n<meta property=\"og:description\" content=\"In j\u00fcngster Zeit kursieren anonyme Telefaxe und E-Mails die sich spekulativ \u00fcber die Wertentwicklung der Aktien unserer Gesellschaft auslassen\" \/>\n<meta property=\"og:url\" content=\"https:\/\/www.omsag.de\/proxy\/online-marketing-blog\/pressespiegel\/wichtige-mitteilung-fur-oms-aktie\/\" \/>\n<meta property=\"og:site_name\" content=\"Online Marketing &amp; Suchmaschinenmarketing Agentur OMSAG\" \/>\n<meta property=\"article:publisher\" content=\"https:\/\/www.facebook.com\/Online.Marketing.Solutions.AG\" \/>\n<meta property=\"article:published_time\" content=\"2011-09-01T13:04:22+00:00\" \/>\n<meta property=\"article:modified_time\" content=\"2019-01-03T09:47:18+00:00\" \/>\n<meta name=\"author\" content=\"Presse\" \/>\n<meta name=\"twitter:card\" content=\"summary_large_image\" \/>\n<meta name=\"twitter:label1\" content=\"Verfasst von\" \/>\n\t<meta name=\"twitter:data1\" content=\"Presse\" \/>\n<script type=\"application\/ld+json\" class=\"yoast-schema-graph\">{\"@context\":\"https:\/\/schema.org\",\"@graph\":[{\"@type\":\"Article\",\"@id\":\"https:\/\/www.omsag.de\/proxy\/online-marketing-blog\/pressespiegel\/wichtige-mitteilung-fur-oms-aktie\/#article\",\"isPartOf\":{\"@id\":\"https:\/\/www.omsag.de\/proxy\/online-marketing-blog\/pressespiegel\/wichtige-mitteilung-fur-oms-aktie\/\"},\"author\":{\"name\":\"Presse\",\"@id\":\"https:\/\/www.omsag.de\/proxy\/#\/schema\/person\/beb882437f9d1d6729304201da4c6b8f\"},\"headline\":\"Wichtige Mitteilung f\u00fcr OMS Aktie\",\"datePublished\":\"2011-09-01T13:04:22+00:00\",\"dateModified\":\"2019-01-03T09:47:18+00:00\",\"mainEntityOfPage\":{\"@id\":\"https:\/\/www.omsag.de\/proxy\/online-marketing-blog\/pressespiegel\/wichtige-mitteilung-fur-oms-aktie\/\"},\"wordCount\":102,\"publisher\":{\"@id\":\"https:\/\/www.omsag.de\/proxy\/#organization\"},\"articleSection\":[\"Pressespiegel\",\"Unternehmensnachrichten\"],\"inLanguage\":\"de\"},{\"@type\":\"WebPage\",\"@id\":\"https:\/\/www.omsag.de\/proxy\/online-marketing-blog\/pressespiegel\/wichtige-mitteilung-fur-oms-aktie\/\",\"url\":\"https:\/\/www.omsag.de\/proxy\/online-marketing-blog\/pressespiegel\/wichtige-mitteilung-fur-oms-aktie\/\",\"name\":\"Wichtige Mitteilung f\u00fcr OMS Aktie - OMSAG\",\"isPartOf\":{\"@id\":\"https:\/\/www.omsag.de\/proxy\/#website\"},\"datePublished\":\"2011-09-01T13:04:22+00:00\",\"dateModified\":\"2019-01-03T09:47:18+00:00\",\"description\":\"In j\u00fcngster Zeit kursieren anonyme Telefaxe und E-Mails die sich spekulativ \u00fcber die Wertentwicklung der Aktien unserer Gesellschaft auslassen\",\"breadcrumb\":{\"@id\":\"https:\/\/www.omsag.de\/proxy\/online-marketing-blog\/pressespiegel\/wichtige-mitteilung-fur-oms-aktie\/#breadcrumb\"},\"inLanguage\":\"de\",\"potentialAction\":[{\"@type\":\"ReadAction\",\"target\":[\"https:\/\/www.omsag.de\/proxy\/online-marketing-blog\/pressespiegel\/wichtige-mitteilung-fur-oms-aktie\/\"]}]},{\"@type\":\"BreadcrumbList\",\"@id\":\"https:\/\/www.omsag.de\/proxy\/online-marketing-blog\/pressespiegel\/wichtige-mitteilung-fur-oms-aktie\/#breadcrumb\",\"itemListElement\":[{\"@type\":\"ListItem\",\"position\":1,\"name\":\"Startseite\",\"item\":\"https:\/\/www.omsag.de\/proxy\/\"},{\"@type\":\"ListItem\",\"position\":2,\"name\":\"Pressespiegel\",\"item\":\"https:\/\/www.omsag.de\/proxy\/online-marketing-blog\/pressespiegel\/\"},{\"@type\":\"ListItem\",\"position\":3,\"name\":\"Wichtige Mitteilung f\u00fcr OMS Aktie\"}]},{\"@type\":\"WebSite\",\"@id\":\"https:\/\/www.omsag.de\/proxy\/#website\",\"url\":\"https:\/\/www.omsag.de\/proxy\/\",\"name\":\"Online Marketing & Suchmaschinenmarketing Agentur OMSAG\",\"description\":\"\",\"publisher\":{\"@id\":\"https:\/\/www.omsag.de\/proxy\/#organization\"},\"potentialAction\":[{\"@type\":\"SearchAction\",\"target\":{\"@type\":\"EntryPoint\",\"urlTemplate\":\"https:\/\/www.omsag.de\/proxy\/?s={search_term_string}\"},\"query-input\":\"required name=search_term_string\"}],\"inLanguage\":\"de\"},{\"@type\":\"Organization\",\"@id\":\"https:\/\/www.omsag.de\/proxy\/#organization\",\"name\":\"OMSAG\",\"url\":\"https:\/\/www.omsag.de\/proxy\/\",\"logo\":{\"@type\":\"ImageObject\",\"inLanguage\":\"de\",\"@id\":\"https:\/\/www.omsag.de\/proxy\/#\/schema\/logo\/image\/\",\"url\":\"https:\/\/www.omsag.de\/proxy\/wp-content\/uploads\/2020\/08\/oms-logo-1.jpg\",\"contentUrl\":\"https:\/\/www.omsag.de\/proxy\/wp-content\/uploads\/2020\/08\/oms-logo-1.jpg\",\"width\":500,\"height\":148,\"caption\":\"OMSAG\"},\"image\":{\"@id\":\"https:\/\/www.omsag.de\/proxy\/#\/schema\/logo\/image\/\"},\"sameAs\":[\"https:\/\/www.facebook.com\/Online.Marketing.Solutions.AG\",\"https:\/\/www.instagram.com\/omsag\/\",\"https:\/\/de.linkedin.com\/company\/online-marketing-solutions-ag\"]},{\"@type\":\"Person\",\"@id\":\"https:\/\/www.omsag.de\/proxy\/#\/schema\/person\/beb882437f9d1d6729304201da4c6b8f\",\"name\":\"Presse\",\"description\":\"Die Presseredaktion ver\u00f6ffentlicht alle wichtigen Neuigkeiten rund um das Unternehmen, z. B. zu Produktneuheiten oder -erweiterungen, Personalien, Messeauftritten sowie interessanten OMSAG-Events und neuen Partnerschaften. Dar\u00fcber hinaus erhalten Sie im Pressespiegel eine \u00dcbersicht aller Beitr\u00e4ge aus der \u00f6ffentlichen Berichterstattung \u00fcber die Online Marketing Solutions AG.\",\"sameAs\":[\"https:\/\/www.omsag.de\"],\"url\":\"https:\/\/www.omsag.de\/proxy\/online-marketing-blog\/author\/presseredaktion\/\"}]}<\/script>\n<!-- \/ Yoast SEO plugin. -->","yoast_head_json":{"title":"Wichtige Mitteilung f\u00fcr OMS Aktie - OMSAG","description":"In j\u00fcngster Zeit kursieren anonyme Telefaxe und E-Mails die sich spekulativ \u00fcber die Wertentwicklung der Aktien unserer Gesellschaft auslassen","robots":{"index":"index","follow":"follow","max-snippet":"max-snippet:-1","max-image-preview":"max-image-preview:large","max-video-preview":"max-video-preview:-1"},"canonical":"https:\/\/www.omsag.de\/proxy\/online-marketing-blog\/pressespiegel\/wichtige-mitteilung-fur-oms-aktie\/","og_locale":"de_DE","og_type":"article","og_title":"Wichtige Mitteilung f\u00fcr OMS Aktie - OMSAG","og_description":"In j\u00fcngster Zeit kursieren anonyme Telefaxe und E-Mails die sich spekulativ \u00fcber die Wertentwicklung der Aktien unserer Gesellschaft auslassen","og_url":"https:\/\/www.omsag.de\/proxy\/online-marketing-blog\/pressespiegel\/wichtige-mitteilung-fur-oms-aktie\/","og_site_name":"Online Marketing &amp; Suchmaschinenmarketing Agentur OMSAG","article_publisher":"https:\/\/www.facebook.com\/Online.Marketing.Solutions.AG","article_published_time":"2011-09-01T13:04:22+00:00","article_modified_time":"2019-01-03T09:47:18+00:00","author":"Presse","twitter_card":"summary_large_image","twitter_misc":{"Verfasst von":"Presse"},"schema":{"@context":"https:\/\/schema.org","@graph":[{"@type":"Article","@id":"https:\/\/www.omsag.de\/proxy\/online-marketing-blog\/pressespiegel\/wichtige-mitteilung-fur-oms-aktie\/#article","isPartOf":{"@id":"https:\/\/www.omsag.de\/proxy\/online-marketing-blog\/pressespiegel\/wichtige-mitteilung-fur-oms-aktie\/"},"author":{"name":"Presse","@id":"https:\/\/www.omsag.de\/proxy\/#\/schema\/person\/beb882437f9d1d6729304201da4c6b8f"},"headline":"Wichtige Mitteilung f\u00fcr OMS Aktie","datePublished":"2011-09-01T13:04:22+00:00","dateModified":"2019-01-03T09:47:18+00:00","mainEntityOfPage":{"@id":"https:\/\/www.omsag.de\/proxy\/online-marketing-blog\/pressespiegel\/wichtige-mitteilung-fur-oms-aktie\/"},"wordCount":102,"publisher":{"@id":"https:\/\/www.omsag.de\/proxy\/#organization"},"articleSection":["Pressespiegel","Unternehmensnachrichten"],"inLanguage":"de"},{"@type":"WebPage","@id":"https:\/\/www.omsag.de\/proxy\/online-marketing-blog\/pressespiegel\/wichtige-mitteilung-fur-oms-aktie\/","url":"https:\/\/www.omsag.de\/proxy\/online-marketing-blog\/pressespiegel\/wichtige-mitteilung-fur-oms-aktie\/","name":"Wichtige Mitteilung f\u00fcr OMS Aktie - OMSAG","isPartOf":{"@id":"https:\/\/www.omsag.de\/proxy\/#website"},"datePublished":"2011-09-01T13:04:22+00:00","dateModified":"2019-01-03T09:47:18+00:00","description":"In j\u00fcngster Zeit kursieren anonyme Telefaxe und E-Mails die sich spekulativ \u00fcber die Wertentwicklung der Aktien unserer Gesellschaft auslassen","breadcrumb":{"@id":"https:\/\/www.omsag.de\/proxy\/online-marketing-blog\/pressespiegel\/wichtige-mitteilung-fur-oms-aktie\/#breadcrumb"},"inLanguage":"de","potentialAction":[{"@type":"ReadAction","target":["https:\/\/www.omsag.de\/proxy\/online-marketing-blog\/pressespiegel\/wichtige-mitteilung-fur-oms-aktie\/"]}]},{"@type":"BreadcrumbList","@id":"https:\/\/www.omsag.de\/proxy\/online-marketing-blog\/pressespiegel\/wichtige-mitteilung-fur-oms-aktie\/#breadcrumb","itemListElement":[{"@type":"ListItem","position":1,"name":"Startseite","item":"https:\/\/www.omsag.de\/proxy\/"},{"@type":"ListItem","position":2,"name":"Pressespiegel","item":"https:\/\/www.omsag.de\/proxy\/online-marketing-blog\/pressespiegel\/"},{"@type":"ListItem","position":3,"name":"Wichtige Mitteilung f\u00fcr OMS Aktie"}]},{"@type":"WebSite","@id":"https:\/\/www.omsag.de\/proxy\/#website","url":"https:\/\/www.omsag.de\/proxy\/","name":"Online Marketing & Suchmaschinenmarketing Agentur OMSAG","description":"","publisher":{"@id":"https:\/\/www.omsag.de\/proxy\/#organization"},"potentialAction":[{"@type":"SearchAction","target":{"@type":"EntryPoint","urlTemplate":"https:\/\/www.omsag.de\/proxy\/?s={search_term_string}"},"query-input":"required name=search_term_string"}],"inLanguage":"de"},{"@type":"Organization","@id":"https:\/\/www.omsag.de\/proxy\/#organization","name":"OMSAG","url":"https:\/\/www.omsag.de\/proxy\/","logo":{"@type":"ImageObject","inLanguage":"de","@id":"https:\/\/www.omsag.de\/proxy\/#\/schema\/logo\/image\/","url":"https:\/\/www.omsag.de\/proxy\/wp-content\/uploads\/2020\/08\/oms-logo-1.jpg","contentUrl":"https:\/\/www.omsag.de\/proxy\/wp-content\/uploads\/2020\/08\/oms-logo-1.jpg","width":500,"height":148,"caption":"OMSAG"},"image":{"@id":"https:\/\/www.omsag.de\/proxy\/#\/schema\/logo\/image\/"},"sameAs":["https:\/\/www.facebook.com\/Online.Marketing.Solutions.AG","https:\/\/www.instagram.com\/omsag\/","https:\/\/de.linkedin.com\/company\/online-marketing-solutions-ag"]},{"@type":"Person","@id":"https:\/\/www.omsag.de\/proxy\/#\/schema\/person\/beb882437f9d1d6729304201da4c6b8f","name":"Presse","description":"Die Presseredaktion ver\u00f6ffentlicht alle wichtigen Neuigkeiten rund um das Unternehmen, z. B. zu Produktneuheiten oder -erweiterungen, Personalien, Messeauftritten sowie interessanten OMSAG-Events und neuen Partnerschaften. Dar\u00fcber hinaus erhalten Sie im Pressespiegel eine \u00dcbersicht aller Beitr\u00e4ge aus der \u00f6ffentlichen Berichterstattung \u00fcber die Online Marketing Solutions AG.","sameAs":["https:\/\/www.omsag.de"],"url":"https:\/\/www.omsag.de\/proxy\/online-marketing-blog\/author\/presseredaktion\/"}]}},"_links":{"self":[{"href":"https:\/\/www.omsag.de\/proxy\/wp-json\/wp\/v2\/posts\/1407"}],"collection":[{"href":"https:\/\/www.omsag.de\/proxy\/wp-json\/wp\/v2\/posts"}],"about":[{"href":"https:\/\/www.omsag.de\/proxy\/wp-json\/wp\/v2\/types\/post"}],"author":[{"embeddable":true,"href":"https:\/\/www.omsag.de\/proxy\/wp-json\/wp\/v2\/users\/46"}],"replies":[{"embeddable":true,"href":"https:\/\/www.omsag.de\/proxy\/wp-json\/wp\/v2\/comments?post=1407"}],"version-history":[{"count":0,"href":"https:\/\/www.omsag.de\/proxy\/wp-json\/wp\/v2\/posts\/1407\/revisions"}],"wp:attachment":[{"href":"https:\/\/www.omsag.de\/proxy\/wp-json\/wp\/v2\/media?parent=1407"}],"wp:term":[{"taxonomy":"category","embeddable":true,"href":"https:\/\/www.omsag.de\/proxy\/wp-json\/wp\/v2\/categories?post=1407"},{"taxonomy":"post_tag","embeddable":true,"href":"https:\/\/www.omsag.de\/proxy\/wp-json\/wp\/v2\/tags?post=1407"}],"curies":[{"name":"wp","href":"https:\/\/api.w.org\/{rel}","templated":true}]}}