{"id":13718,"date":"2016-06-21T15:23:10","date_gmt":"2016-06-21T13:23:10","guid":{"rendered":"https:\/\/www.omsag.de\/?p=13718"},"modified":"2018-11-20T11:53:29","modified_gmt":"2018-11-20T10:53:29","slug":"artikel-fuer-ihk-wirtschaftsforum-vorstand-ulv-michel-ueber-chancen-und-herausforderungen-der-digitalisierung","status":"publish","type":"post","link":"https:\/\/www.omsag.de\/proxy\/online-marketing-blog\/pressespiegel\/artikel-fuer-ihk-wirtschaftsforum-vorstand-ulv-michel-ueber-chancen-und-herausforderungen-der-digitalisierung\/","title":{"rendered":"Artikel f\u00fcr IHK WirtschaftsForum: Vorstand Ulv Michel \u00fcber Chancen und Herausforderungen der Digitalisierung"},"content":{"rendered":"<p>Mittlerweile ist das Smartphone das meistgenutzte Ger\u00e4t, \u00fcber das Kunden einen Verkaufsweg starten. Digitale Kan\u00e4le sind auf der \u00dcberholspur &#8211; f\u00fcr jeden Dritten ist das Smartphone sogar stetiger Einkaufsbegleiter und \u2013berater. Doch das ist nur ein Beispiel daf\u00fcr, welche Nutzungsvielfalt die Digitalisierung erm\u00f6glicht und welche neuen Vertriebswege sich Unternehmern er\u00f6ffnen. Dieses Thema hat auch die IHK besch\u00e4ftigt.<\/p>\n<p>Ulv Michel, Vorstand der Online Marketing Solutions AG (OMSAG), hat diese Entwicklung in einem Artikel f\u00fcr das Unternehmermagazin IHK WirtschaftsForum unter verschiedenen Gesichtspunkten beleuchtet.<\/p>\n<p>Im Folgenden ein kurzer inhaltlicher \u00dcberblick:<\/p>\n<ul>\n<li><strong>Folgen f\u00fcr traditionelle Kan\u00e4le:<\/strong><br \/>\nDigitale Kan\u00e4le als wachsendes St\u00fcck am Werbekuchen<\/li>\n<\/ul>\n<ul>\n<li><strong>Steigende Kundenanspr\u00fcche:<\/strong><br \/>\nPers\u00f6nlich relevante Inhalte f\u00fcr Konsumenten zunehmend im Fokus<\/li>\n<\/ul>\n<ul>\n<li><strong>Erfolgspotenziale mittelst\u00e4ndischer Unternehmen:<\/strong><br \/>\nLokale Zielgruppen situationsgebunden adressieren<\/li>\n<\/ul>\n<ul>\n<li><strong>Spitzendisziplinen im Online-Marketing:<\/strong><br \/>\nSinnvolle Ma\u00dfnahmen erfolgswirksam vereinen<\/li>\n<\/ul>\n<ul>\n<li><strong>Qualifizierungsmerkmale von Internetmarketing-Spezialisten:<\/strong><br \/>\nVerschiedene Anbieter vergleichen<\/li>\n<\/ul>\n<p>Der Artikel mit unserem Vorstand Ulv Michel ist unter dem Titel \u201cDigitalisierung &#8211; Auf Kurs bleiben\u201c in der Juni-Ausgabe 2016 des IHK WirtschaftsForums publiziert worden \u2013 siehe <strong>S. 26 &#8211; 27<\/strong>. Das Magazin der IHK erscheint monatlich mit einer Auflage von \u00fcber 85.000 Exemplaren f\u00fcr die Region Frankfurt Rhein-Main.<\/p>\n","protected":false},"excerpt":{"rendered":"<p>Mittlerweile ist das Smartphone das meistgenutzte Ger\u00e4t, \u00fcber das Kunden einen Verkaufsweg starten. Digitale Kan\u00e4le sind auf der \u00dcberholspur &#8211; f\u00fcr jeden Dritten ist das Smartphone sogar stetiger Einkaufsbegleiter und \u2013berater. Doch das ist nur ein Beispiel daf\u00fcr, welche Nutzungsvielfalt die Digitalisierung erm\u00f6glicht und welche neuen Vertriebswege sich Unternehmern er\u00f6ffnen. Dieses Thema hat auch die [&hellip;]<\/p>\n","protected":false},"author":46,"featured_media":0,"comment_status":"open","ping_status":"closed","sticky":false,"template":"","format":"standard","meta":{"content-type":"","footnotes":""},"categories":[38,39],"tags":[305,282],"yoast_head":"<!-- This site is optimized with the Yoast SEO plugin v22.8 - https:\/\/yoast.com\/wordpress\/plugins\/seo\/ -->\n<title>OMSAG-Vorstand Ulv Michel \u00fcber Chancen der Digitalisierung<\/title>\n<meta name=\"description\" content=\"Im Magazin IHK WirtschaftsForum beleuchtet OMSAG-Vorstand Ulv Michel, wie Unternehmer im Zuge der Digitalisierung auf Kurs bleiben.\" \/>\n<meta name=\"robots\" content=\"index, follow, max-snippet:-1, max-image-preview:large, max-video-preview:-1\" \/>\n<link rel=\"canonical\" href=\"https:\/\/www.omsag.de\/proxy\/online-marketing-blog\/pressespiegel\/artikel-fuer-ihk-wirtschaftsforum-vorstand-ulv-michel-ueber-chancen-und-herausforderungen-der-digitalisierung\/\" \/>\n<meta property=\"og:locale\" content=\"de_DE\" \/>\n<meta property=\"og:type\" content=\"article\" \/>\n<meta property=\"og:title\" content=\"OMSAG-Vorstand Ulv Michel \u00fcber Chancen der Digitalisierung\" \/>\n<meta property=\"og:description\" content=\"Im Magazin IHK WirtschaftsForum beleuchtet OMSAG-Vorstand Ulv Michel, wie Unternehmer im Zuge der Digitalisierung auf Kurs bleiben.\" \/>\n<meta property=\"og:url\" content=\"https:\/\/www.omsag.de\/proxy\/online-marketing-blog\/pressespiegel\/artikel-fuer-ihk-wirtschaftsforum-vorstand-ulv-michel-ueber-chancen-und-herausforderungen-der-digitalisierung\/\" \/>\n<meta property=\"og:site_name\" content=\"Online Marketing &amp; Suchmaschinenmarketing Agentur OMSAG\" \/>\n<meta property=\"article:publisher\" content=\"https:\/\/www.facebook.com\/Online.Marketing.Solutions.AG\" \/>\n<meta property=\"article:published_time\" content=\"2016-06-21T13:23:10+00:00\" \/>\n<meta property=\"article:modified_time\" content=\"2018-11-20T10:53:29+00:00\" \/>\n<meta name=\"author\" content=\"Presse\" \/>\n<meta name=\"twitter:card\" content=\"summary_large_image\" \/>\n<meta name=\"twitter:label1\" content=\"Verfasst von\" \/>\n\t<meta name=\"twitter:data1\" content=\"Presse\" \/>\n\t<meta name=\"twitter:label2\" content=\"Gesch\u00e4tzte Lesezeit\" \/>\n\t<meta name=\"twitter:data2\" content=\"1\u00a0Minute\" \/>\n<script type=\"application\/ld+json\" class=\"yoast-schema-graph\">{\"@context\":\"https:\/\/schema.org\",\"@graph\":[{\"@type\":\"Article\",\"@id\":\"https:\/\/www.omsag.de\/proxy\/online-marketing-blog\/pressespiegel\/artikel-fuer-ihk-wirtschaftsforum-vorstand-ulv-michel-ueber-chancen-und-herausforderungen-der-digitalisierung\/#article\",\"isPartOf\":{\"@id\":\"https:\/\/www.omsag.de\/proxy\/online-marketing-blog\/pressespiegel\/artikel-fuer-ihk-wirtschaftsforum-vorstand-ulv-michel-ueber-chancen-und-herausforderungen-der-digitalisierung\/\"},\"author\":{\"name\":\"Presse\",\"@id\":\"https:\/\/www.omsag.de\/proxy\/#\/schema\/person\/beb882437f9d1d6729304201da4c6b8f\"},\"headline\":\"Artikel f\u00fcr IHK WirtschaftsForum: Vorstand Ulv Michel \u00fcber Chancen und Herausforderungen der Digitalisierung\",\"datePublished\":\"2016-06-21T13:23:10+00:00\",\"dateModified\":\"2018-11-20T10:53:29+00:00\",\"mainEntityOfPage\":{\"@id\":\"https:\/\/www.omsag.de\/proxy\/online-marketing-blog\/pressespiegel\/artikel-fuer-ihk-wirtschaftsforum-vorstand-ulv-michel-ueber-chancen-und-herausforderungen-der-digitalisierung\/\"},\"wordCount\":204,\"commentCount\":0,\"publisher\":{\"@id\":\"https:\/\/www.omsag.de\/proxy\/#organization\"},\"keywords\":[\"digitalisierung\",\"kmu\"],\"articleSection\":[\"Pressespiegel\",\"Unternehmensnachrichten\"],\"inLanguage\":\"de\",\"potentialAction\":[{\"@type\":\"CommentAction\",\"name\":\"Comment\",\"target\":[\"https:\/\/www.omsag.de\/proxy\/online-marketing-blog\/pressespiegel\/artikel-fuer-ihk-wirtschaftsforum-vorstand-ulv-michel-ueber-chancen-und-herausforderungen-der-digitalisierung\/#respond\"]}]},{\"@type\":\"WebPage\",\"@id\":\"https:\/\/www.omsag.de\/proxy\/online-marketing-blog\/pressespiegel\/artikel-fuer-ihk-wirtschaftsforum-vorstand-ulv-michel-ueber-chancen-und-herausforderungen-der-digitalisierung\/\",\"url\":\"https:\/\/www.omsag.de\/proxy\/online-marketing-blog\/pressespiegel\/artikel-fuer-ihk-wirtschaftsforum-vorstand-ulv-michel-ueber-chancen-und-herausforderungen-der-digitalisierung\/\",\"name\":\"OMSAG-Vorstand Ulv Michel \u00fcber Chancen der Digitalisierung\",\"isPartOf\":{\"@id\":\"https:\/\/www.omsag.de\/proxy\/#website\"},\"datePublished\":\"2016-06-21T13:23:10+00:00\",\"dateModified\":\"2018-11-20T10:53:29+00:00\",\"description\":\"Im Magazin IHK WirtschaftsForum beleuchtet OMSAG-Vorstand Ulv Michel, wie Unternehmer im Zuge der Digitalisierung auf Kurs bleiben.\",\"breadcrumb\":{\"@id\":\"https:\/\/www.omsag.de\/proxy\/online-marketing-blog\/pressespiegel\/artikel-fuer-ihk-wirtschaftsforum-vorstand-ulv-michel-ueber-chancen-und-herausforderungen-der-digitalisierung\/#breadcrumb\"},\"inLanguage\":\"de\",\"potentialAction\":[{\"@type\":\"ReadAction\",\"target\":[\"https:\/\/www.omsag.de\/proxy\/online-marketing-blog\/pressespiegel\/artikel-fuer-ihk-wirtschaftsforum-vorstand-ulv-michel-ueber-chancen-und-herausforderungen-der-digitalisierung\/\"]}]},{\"@type\":\"BreadcrumbList\",\"@id\":\"https:\/\/www.omsag.de\/proxy\/online-marketing-blog\/pressespiegel\/artikel-fuer-ihk-wirtschaftsforum-vorstand-ulv-michel-ueber-chancen-und-herausforderungen-der-digitalisierung\/#breadcrumb\",\"itemListElement\":[{\"@type\":\"ListItem\",\"position\":1,\"name\":\"Startseite\",\"item\":\"https:\/\/www.omsag.de\/proxy\/\"},{\"@type\":\"ListItem\",\"position\":2,\"name\":\"Pressespiegel\",\"item\":\"https:\/\/www.omsag.de\/proxy\/online-marketing-blog\/pressespiegel\/\"},{\"@type\":\"ListItem\",\"position\":3,\"name\":\"Artikel f\u00fcr IHK WirtschaftsForum: Vorstand Ulv Michel \u00fcber Chancen und Herausforderungen der Digitalisierung\"}]},{\"@type\":\"WebSite\",\"@id\":\"https:\/\/www.omsag.de\/proxy\/#website\",\"url\":\"https:\/\/www.omsag.de\/proxy\/\",\"name\":\"Online Marketing & Suchmaschinenmarketing Agentur OMSAG\",\"description\":\"\",\"publisher\":{\"@id\":\"https:\/\/www.omsag.de\/proxy\/#organization\"},\"potentialAction\":[{\"@type\":\"SearchAction\",\"target\":{\"@type\":\"EntryPoint\",\"urlTemplate\":\"https:\/\/www.omsag.de\/proxy\/?s={search_term_string}\"},\"query-input\":\"required name=search_term_string\"}],\"inLanguage\":\"de\"},{\"@type\":\"Organization\",\"@id\":\"https:\/\/www.omsag.de\/proxy\/#organization\",\"name\":\"OMSAG\",\"url\":\"https:\/\/www.omsag.de\/proxy\/\",\"logo\":{\"@type\":\"ImageObject\",\"inLanguage\":\"de\",\"@id\":\"https:\/\/www.omsag.de\/proxy\/#\/schema\/logo\/image\/\",\"url\":\"https:\/\/www.omsag.de\/proxy\/wp-content\/uploads\/2020\/08\/oms-logo-1.jpg\",\"contentUrl\":\"https:\/\/www.omsag.de\/proxy\/wp-content\/uploads\/2020\/08\/oms-logo-1.jpg\",\"width\":500,\"height\":148,\"caption\":\"OMSAG\"},\"image\":{\"@id\":\"https:\/\/www.omsag.de\/proxy\/#\/schema\/logo\/image\/\"},\"sameAs\":[\"https:\/\/www.facebook.com\/Online.Marketing.Solutions.AG\",\"https:\/\/www.instagram.com\/omsag\/\",\"https:\/\/de.linkedin.com\/company\/online-marketing-solutions-ag\"]},{\"@type\":\"Person\",\"@id\":\"https:\/\/www.omsag.de\/proxy\/#\/schema\/person\/beb882437f9d1d6729304201da4c6b8f\",\"name\":\"Presse\",\"description\":\"Die Presseredaktion ver\u00f6ffentlicht alle wichtigen Neuigkeiten rund um das Unternehmen, z. B. zu Produktneuheiten oder -erweiterungen, Personalien, Messeauftritten sowie interessanten OMSAG-Events und neuen Partnerschaften. Dar\u00fcber hinaus erhalten Sie im Pressespiegel eine \u00dcbersicht aller Beitr\u00e4ge aus der \u00f6ffentlichen Berichterstattung \u00fcber die Online Marketing Solutions AG.\",\"sameAs\":[\"https:\/\/www.omsag.de\"],\"url\":\"https:\/\/www.omsag.de\/proxy\/online-marketing-blog\/author\/presseredaktion\/\"}]}<\/script>\n<!-- \/ Yoast SEO plugin. -->","yoast_head_json":{"title":"OMSAG-Vorstand Ulv Michel \u00fcber Chancen der Digitalisierung","description":"Im Magazin IHK WirtschaftsForum beleuchtet OMSAG-Vorstand Ulv Michel, wie Unternehmer im Zuge der Digitalisierung auf Kurs bleiben.","robots":{"index":"index","follow":"follow","max-snippet":"max-snippet:-1","max-image-preview":"max-image-preview:large","max-video-preview":"max-video-preview:-1"},"canonical":"https:\/\/www.omsag.de\/proxy\/online-marketing-blog\/pressespiegel\/artikel-fuer-ihk-wirtschaftsforum-vorstand-ulv-michel-ueber-chancen-und-herausforderungen-der-digitalisierung\/","og_locale":"de_DE","og_type":"article","og_title":"OMSAG-Vorstand Ulv Michel \u00fcber Chancen der Digitalisierung","og_description":"Im Magazin IHK WirtschaftsForum beleuchtet OMSAG-Vorstand Ulv Michel, wie Unternehmer im Zuge der Digitalisierung auf Kurs bleiben.","og_url":"https:\/\/www.omsag.de\/proxy\/online-marketing-blog\/pressespiegel\/artikel-fuer-ihk-wirtschaftsforum-vorstand-ulv-michel-ueber-chancen-und-herausforderungen-der-digitalisierung\/","og_site_name":"Online Marketing &amp; Suchmaschinenmarketing Agentur OMSAG","article_publisher":"https:\/\/www.facebook.com\/Online.Marketing.Solutions.AG","article_published_time":"2016-06-21T13:23:10+00:00","article_modified_time":"2018-11-20T10:53:29+00:00","author":"Presse","twitter_card":"summary_large_image","twitter_misc":{"Verfasst von":"Presse","Gesch\u00e4tzte Lesezeit":"1\u00a0Minute"},"schema":{"@context":"https:\/\/schema.org","@graph":[{"@type":"Article","@id":"https:\/\/www.omsag.de\/proxy\/online-marketing-blog\/pressespiegel\/artikel-fuer-ihk-wirtschaftsforum-vorstand-ulv-michel-ueber-chancen-und-herausforderungen-der-digitalisierung\/#article","isPartOf":{"@id":"https:\/\/www.omsag.de\/proxy\/online-marketing-blog\/pressespiegel\/artikel-fuer-ihk-wirtschaftsforum-vorstand-ulv-michel-ueber-chancen-und-herausforderungen-der-digitalisierung\/"},"author":{"name":"Presse","@id":"https:\/\/www.omsag.de\/proxy\/#\/schema\/person\/beb882437f9d1d6729304201da4c6b8f"},"headline":"Artikel f\u00fcr IHK WirtschaftsForum: Vorstand Ulv Michel \u00fcber Chancen und Herausforderungen der Digitalisierung","datePublished":"2016-06-21T13:23:10+00:00","dateModified":"2018-11-20T10:53:29+00:00","mainEntityOfPage":{"@id":"https:\/\/www.omsag.de\/proxy\/online-marketing-blog\/pressespiegel\/artikel-fuer-ihk-wirtschaftsforum-vorstand-ulv-michel-ueber-chancen-und-herausforderungen-der-digitalisierung\/"},"wordCount":204,"commentCount":0,"publisher":{"@id":"https:\/\/www.omsag.de\/proxy\/#organization"},"keywords":["digitalisierung","kmu"],"articleSection":["Pressespiegel","Unternehmensnachrichten"],"inLanguage":"de","potentialAction":[{"@type":"CommentAction","name":"Comment","target":["https:\/\/www.omsag.de\/proxy\/online-marketing-blog\/pressespiegel\/artikel-fuer-ihk-wirtschaftsforum-vorstand-ulv-michel-ueber-chancen-und-herausforderungen-der-digitalisierung\/#respond"]}]},{"@type":"WebPage","@id":"https:\/\/www.omsag.de\/proxy\/online-marketing-blog\/pressespiegel\/artikel-fuer-ihk-wirtschaftsforum-vorstand-ulv-michel-ueber-chancen-und-herausforderungen-der-digitalisierung\/","url":"https:\/\/www.omsag.de\/proxy\/online-marketing-blog\/pressespiegel\/artikel-fuer-ihk-wirtschaftsforum-vorstand-ulv-michel-ueber-chancen-und-herausforderungen-der-digitalisierung\/","name":"OMSAG-Vorstand Ulv Michel \u00fcber Chancen der Digitalisierung","isPartOf":{"@id":"https:\/\/www.omsag.de\/proxy\/#website"},"datePublished":"2016-06-21T13:23:10+00:00","dateModified":"2018-11-20T10:53:29+00:00","description":"Im Magazin IHK WirtschaftsForum beleuchtet OMSAG-Vorstand Ulv Michel, wie Unternehmer im Zuge der Digitalisierung auf Kurs bleiben.","breadcrumb":{"@id":"https:\/\/www.omsag.de\/proxy\/online-marketing-blog\/pressespiegel\/artikel-fuer-ihk-wirtschaftsforum-vorstand-ulv-michel-ueber-chancen-und-herausforderungen-der-digitalisierung\/#breadcrumb"},"inLanguage":"de","potentialAction":[{"@type":"ReadAction","target":["https:\/\/www.omsag.de\/proxy\/online-marketing-blog\/pressespiegel\/artikel-fuer-ihk-wirtschaftsforum-vorstand-ulv-michel-ueber-chancen-und-herausforderungen-der-digitalisierung\/"]}]},{"@type":"BreadcrumbList","@id":"https:\/\/www.omsag.de\/proxy\/online-marketing-blog\/pressespiegel\/artikel-fuer-ihk-wirtschaftsforum-vorstand-ulv-michel-ueber-chancen-und-herausforderungen-der-digitalisierung\/#breadcrumb","itemListElement":[{"@type":"ListItem","position":1,"name":"Startseite","item":"https:\/\/www.omsag.de\/proxy\/"},{"@type":"ListItem","position":2,"name":"Pressespiegel","item":"https:\/\/www.omsag.de\/proxy\/online-marketing-blog\/pressespiegel\/"},{"@type":"ListItem","position":3,"name":"Artikel f\u00fcr IHK WirtschaftsForum: Vorstand Ulv Michel \u00fcber Chancen und Herausforderungen der Digitalisierung"}]},{"@type":"WebSite","@id":"https:\/\/www.omsag.de\/proxy\/#website","url":"https:\/\/www.omsag.de\/proxy\/","name":"Online Marketing & Suchmaschinenmarketing Agentur OMSAG","description":"","publisher":{"@id":"https:\/\/www.omsag.de\/proxy\/#organization"},"potentialAction":[{"@type":"SearchAction","target":{"@type":"EntryPoint","urlTemplate":"https:\/\/www.omsag.de\/proxy\/?s={search_term_string}"},"query-input":"required name=search_term_string"}],"inLanguage":"de"},{"@type":"Organization","@id":"https:\/\/www.omsag.de\/proxy\/#organization","name":"OMSAG","url":"https:\/\/www.omsag.de\/proxy\/","logo":{"@type":"ImageObject","inLanguage":"de","@id":"https:\/\/www.omsag.de\/proxy\/#\/schema\/logo\/image\/","url":"https:\/\/www.omsag.de\/proxy\/wp-content\/uploads\/2020\/08\/oms-logo-1.jpg","contentUrl":"https:\/\/www.omsag.de\/proxy\/wp-content\/uploads\/2020\/08\/oms-logo-1.jpg","width":500,"height":148,"caption":"OMSAG"},"image":{"@id":"https:\/\/www.omsag.de\/proxy\/#\/schema\/logo\/image\/"},"sameAs":["https:\/\/www.facebook.com\/Online.Marketing.Solutions.AG","https:\/\/www.instagram.com\/omsag\/","https:\/\/de.linkedin.com\/company\/online-marketing-solutions-ag"]},{"@type":"Person","@id":"https:\/\/www.omsag.de\/proxy\/#\/schema\/person\/beb882437f9d1d6729304201da4c6b8f","name":"Presse","description":"Die Presseredaktion ver\u00f6ffentlicht alle wichtigen Neuigkeiten rund um das Unternehmen, z. B. zu Produktneuheiten oder -erweiterungen, Personalien, Messeauftritten sowie interessanten OMSAG-Events und neuen Partnerschaften. Dar\u00fcber hinaus erhalten Sie im Pressespiegel eine \u00dcbersicht aller Beitr\u00e4ge aus der \u00f6ffentlichen Berichterstattung \u00fcber die Online Marketing Solutions AG.","sameAs":["https:\/\/www.omsag.de"],"url":"https:\/\/www.omsag.de\/proxy\/online-marketing-blog\/author\/presseredaktion\/"}]}},"_links":{"self":[{"href":"https:\/\/www.omsag.de\/proxy\/wp-json\/wp\/v2\/posts\/13718"}],"collection":[{"href":"https:\/\/www.omsag.de\/proxy\/wp-json\/wp\/v2\/posts"}],"about":[{"href":"https:\/\/www.omsag.de\/proxy\/wp-json\/wp\/v2\/types\/post"}],"author":[{"embeddable":true,"href":"https:\/\/www.omsag.de\/proxy\/wp-json\/wp\/v2\/users\/46"}],"replies":[{"embeddable":true,"href":"https:\/\/www.omsag.de\/proxy\/wp-json\/wp\/v2\/comments?post=13718"}],"version-history":[{"count":0,"href":"https:\/\/www.omsag.de\/proxy\/wp-json\/wp\/v2\/posts\/13718\/revisions"}],"wp:attachment":[{"href":"https:\/\/www.omsag.de\/proxy\/wp-json\/wp\/v2\/media?parent=13718"}],"wp:term":[{"taxonomy":"category","embeddable":true,"href":"https:\/\/www.omsag.de\/proxy\/wp-json\/wp\/v2\/categories?post=13718"},{"taxonomy":"post_tag","embeddable":true,"href":"https:\/\/www.omsag.de\/proxy\/wp-json\/wp\/v2\/tags?post=13718"}],"curies":[{"name":"wp","href":"https:\/\/api.w.org\/{rel}","templated":true}]}}