{"id":13497,"date":"2016-05-09T09:15:18","date_gmt":"2016-05-09T07:15:18","guid":{"rendered":"https:\/\/www.omsag.de\/?p=13497"},"modified":"2018-11-20T11:56:45","modified_gmt":"2018-11-20T10:56:45","slug":"smm-teamleiterin-blanka-szczebak-zum-stellenwert-von-social-media-fuer-moderne-marketing-strategien","status":"publish","type":"post","link":"https:\/\/www.omsag.de\/proxy\/online-marketing-blog\/pressespiegel\/smm-teamleiterin-blanka-szczebak-zum-stellenwert-von-social-media-fuer-moderne-marketing-strategien\/","title":{"rendered":"OMSAG:  Blanka Szczebak zum Stellenwert von Social Media f\u00fcr moderne Marketing-Strategien"},"content":{"rendered":"<p>Neben Facebook erfreuen sich auch Plattformen wie z. B. Pinterest und Messaging-Dienste wie Snapchat zunehmender Beliebtheit \u2013 insbesondere bei j\u00fcngeren Generationen. Kein Wunder, dass sich auch Unternehmen Gedanken \u00fcber moderne M\u00f6glichkeiten der Zielgruppen-Ansprache machen oder die wachsenden Angebote bereits in ihre digitalen Marketing-Strategien einflie\u00dfen lassen.<\/p>\n<p><img loading=\"lazy\" decoding=\"async\" class=\"aligncenter wp-image-13501 \" src=\"https:\/\/www.omsag.de\/proxy\/wp-content\/uploads\/2016\/05\/omsag.de_KW-18_Statemen-f\u00fcr-acquisa-Artikel-1024x768.png\" alt=\"OMSAG-Blog: Statement Blanka Szczebak f\u00fcr acquisa-Artikel\" width=\"650\" height=\"487\" \/><\/p>\n<p>Der Fachjournalist Karsten Zunke hat sich daher mit der Frage besch\u00e4ftigt, wie sich Social Media-Strategien mit der Zeit wandeln und wie Unternehmen sie erfolgsbringend in ihre Strukturen integrieren sollten. Daf\u00fcr hat er Blanka Szczebak, Teamleiterin f\u00fcr Social Media Marketing bei der OMSAG, um ihre Einsch\u00e4tzung gebeten. Warum sich bestehende Strategien f\u00fcr andere Netzwerke nicht auf Snapchat \u00fcbertragen lassen und welchen Stellenwert Social Media-Abteilungen ihrer Meinung nach haben sollten. Hier stellen wir den Artikel zum Nachlesen bereit, der in der Ausgabe 03\/2016 der Marketing-Fachzeitschrift acquisa erschienen ist: OMSAG Statement f\u00fcr Marketing-Fachzeitschrift acquisa.<\/p>\n<p>Haben auch Sie Interesse an Social Media Marketing oder Social Media Advertising f\u00fcr Ihr Unternehmen? Dann ist die OMSAG Ihr Partner!<\/p>\n","protected":false},"excerpt":{"rendered":"<p>Neben Facebook erfreuen sich auch Plattformen wie z. B. Pinterest und Messaging-Dienste wie Snapchat zunehmender Beliebtheit \u2013 insbesondere bei j\u00fcngeren Generationen. Kein Wunder, dass sich auch Unternehmen Gedanken \u00fcber moderne M\u00f6glichkeiten der Zielgruppen-Ansprache machen oder die wachsenden Angebote bereits in ihre digitalen Marketing-Strategien einflie\u00dfen lassen. Der Fachjournalist Karsten Zunke hat sich daher mit der Frage [&hellip;]<\/p>\n","protected":false},"author":46,"featured_media":88223,"comment_status":"open","ping_status":"closed","sticky":false,"template":"","format":"standard","meta":{"content-type":"","footnotes":""},"categories":[38],"tags":[110,236],"yoast_head":"<!-- This site is optimized with the Yoast SEO plugin v22.8 - https:\/\/yoast.com\/wordpress\/plugins\/seo\/ -->\n<title>OMSAG: Blanka Szczebak zum Stellenwert von Social Media im Marketing<\/title>\n<meta name=\"description\" content=\"Statement f\u00fcr die acquisa: Unsere SMM-Teamleiterin Blanka Szczebak zur Relevanz von Social Media-Abteilungen f\u00fcr zeitgem\u00e4\u00dfes Marketing.\" \/>\n<meta name=\"robots\" content=\"index, follow, max-snippet:-1, max-image-preview:large, max-video-preview:-1\" \/>\n<link rel=\"canonical\" href=\"https:\/\/www.omsag.de\/proxy\/online-marketing-blog\/pressespiegel\/smm-teamleiterin-blanka-szczebak-zum-stellenwert-von-social-media-fuer-moderne-marketing-strategien\/\" \/>\n<meta property=\"og:locale\" content=\"de_DE\" \/>\n<meta property=\"og:type\" content=\"article\" \/>\n<meta property=\"og:title\" content=\"OMSAG: Blanka Szczebak zum Stellenwert von Social Media im Marketing\" \/>\n<meta property=\"og:description\" content=\"Statement f\u00fcr die acquisa: Unsere SMM-Teamleiterin Blanka Szczebak zur Relevanz von Social Media-Abteilungen f\u00fcr zeitgem\u00e4\u00dfes Marketing.\" \/>\n<meta property=\"og:url\" content=\"https:\/\/www.omsag.de\/proxy\/online-marketing-blog\/pressespiegel\/smm-teamleiterin-blanka-szczebak-zum-stellenwert-von-social-media-fuer-moderne-marketing-strategien\/\" \/>\n<meta property=\"og:site_name\" content=\"Online Marketing &amp; Suchmaschinenmarketing Agentur OMSAG\" \/>\n<meta property=\"article:publisher\" content=\"https:\/\/www.facebook.com\/Online.Marketing.Solutions.AG\" \/>\n<meta property=\"article:published_time\" content=\"2016-05-09T07:15:18+00:00\" \/>\n<meta property=\"article:modified_time\" content=\"2018-11-20T10:56:45+00:00\" \/>\n<meta property=\"og:image\" content=\"https:\/\/www.omsag.de\/proxy\/wp-content\/uploads\/2015\/06\/Hashtag.png\" \/>\n\t<meta property=\"og:image:width\" content=\"1038\" \/>\n\t<meta property=\"og:image:height\" content=\"598\" \/>\n\t<meta property=\"og:image:type\" content=\"image\/png\" \/>\n<meta name=\"author\" content=\"Presse\" \/>\n<meta name=\"twitter:card\" content=\"summary_large_image\" \/>\n<meta name=\"twitter:label1\" content=\"Verfasst von\" \/>\n\t<meta name=\"twitter:data1\" content=\"Presse\" \/>\n\t<meta name=\"twitter:label2\" content=\"Gesch\u00e4tzte Lesezeit\" \/>\n\t<meta name=\"twitter:data2\" content=\"1\u00a0Minute\" \/>\n<script type=\"application\/ld+json\" class=\"yoast-schema-graph\">{\"@context\":\"https:\/\/schema.org\",\"@graph\":[{\"@type\":\"Article\",\"@id\":\"https:\/\/www.omsag.de\/proxy\/online-marketing-blog\/pressespiegel\/smm-teamleiterin-blanka-szczebak-zum-stellenwert-von-social-media-fuer-moderne-marketing-strategien\/#article\",\"isPartOf\":{\"@id\":\"https:\/\/www.omsag.de\/proxy\/online-marketing-blog\/pressespiegel\/smm-teamleiterin-blanka-szczebak-zum-stellenwert-von-social-media-fuer-moderne-marketing-strategien\/\"},\"author\":{\"name\":\"Presse\",\"@id\":\"https:\/\/www.omsag.de\/proxy\/#\/schema\/person\/beb882437f9d1d6729304201da4c6b8f\"},\"headline\":\"OMSAG: Blanka Szczebak zum Stellenwert von Social Media f\u00fcr moderne Marketing-Strategien\",\"datePublished\":\"2016-05-09T07:15:18+00:00\",\"dateModified\":\"2018-11-20T10:56:45+00:00\",\"mainEntityOfPage\":{\"@id\":\"https:\/\/www.omsag.de\/proxy\/online-marketing-blog\/pressespiegel\/smm-teamleiterin-blanka-szczebak-zum-stellenwert-von-social-media-fuer-moderne-marketing-strategien\/\"},\"wordCount\":177,\"commentCount\":0,\"publisher\":{\"@id\":\"https:\/\/www.omsag.de\/proxy\/#organization\"},\"image\":{\"@id\":\"https:\/\/www.omsag.de\/proxy\/online-marketing-blog\/pressespiegel\/smm-teamleiterin-blanka-szczebak-zum-stellenwert-von-social-media-fuer-moderne-marketing-strategien\/#primaryimage\"},\"thumbnailUrl\":\"https:\/\/www.omsag.de\/proxy\/wp-content\/uploads\/2015\/06\/Hashtag.png\",\"keywords\":[\"social media\",\"social media marketing\"],\"articleSection\":[\"Pressespiegel\"],\"inLanguage\":\"de\",\"potentialAction\":[{\"@type\":\"CommentAction\",\"name\":\"Comment\",\"target\":[\"https:\/\/www.omsag.de\/proxy\/online-marketing-blog\/pressespiegel\/smm-teamleiterin-blanka-szczebak-zum-stellenwert-von-social-media-fuer-moderne-marketing-strategien\/#respond\"]}]},{\"@type\":\"WebPage\",\"@id\":\"https:\/\/www.omsag.de\/proxy\/online-marketing-blog\/pressespiegel\/smm-teamleiterin-blanka-szczebak-zum-stellenwert-von-social-media-fuer-moderne-marketing-strategien\/\",\"url\":\"https:\/\/www.omsag.de\/proxy\/online-marketing-blog\/pressespiegel\/smm-teamleiterin-blanka-szczebak-zum-stellenwert-von-social-media-fuer-moderne-marketing-strategien\/\",\"name\":\"OMSAG: Blanka Szczebak zum Stellenwert von Social Media im Marketing\",\"isPartOf\":{\"@id\":\"https:\/\/www.omsag.de\/proxy\/#website\"},\"primaryImageOfPage\":{\"@id\":\"https:\/\/www.omsag.de\/proxy\/online-marketing-blog\/pressespiegel\/smm-teamleiterin-blanka-szczebak-zum-stellenwert-von-social-media-fuer-moderne-marketing-strategien\/#primaryimage\"},\"image\":{\"@id\":\"https:\/\/www.omsag.de\/proxy\/online-marketing-blog\/pressespiegel\/smm-teamleiterin-blanka-szczebak-zum-stellenwert-von-social-media-fuer-moderne-marketing-strategien\/#primaryimage\"},\"thumbnailUrl\":\"https:\/\/www.omsag.de\/proxy\/wp-content\/uploads\/2015\/06\/Hashtag.png\",\"datePublished\":\"2016-05-09T07:15:18+00:00\",\"dateModified\":\"2018-11-20T10:56:45+00:00\",\"description\":\"Statement f\u00fcr die acquisa: Unsere SMM-Teamleiterin Blanka Szczebak zur Relevanz von Social Media-Abteilungen f\u00fcr zeitgem\u00e4\u00dfes Marketing.\",\"breadcrumb\":{\"@id\":\"https:\/\/www.omsag.de\/proxy\/online-marketing-blog\/pressespiegel\/smm-teamleiterin-blanka-szczebak-zum-stellenwert-von-social-media-fuer-moderne-marketing-strategien\/#breadcrumb\"},\"inLanguage\":\"de\",\"potentialAction\":[{\"@type\":\"ReadAction\",\"target\":[\"https:\/\/www.omsag.de\/proxy\/online-marketing-blog\/pressespiegel\/smm-teamleiterin-blanka-szczebak-zum-stellenwert-von-social-media-fuer-moderne-marketing-strategien\/\"]}]},{\"@type\":\"ImageObject\",\"inLanguage\":\"de\",\"@id\":\"https:\/\/www.omsag.de\/proxy\/online-marketing-blog\/pressespiegel\/smm-teamleiterin-blanka-szczebak-zum-stellenwert-von-social-media-fuer-moderne-marketing-strategien\/#primaryimage\",\"url\":\"https:\/\/www.omsag.de\/proxy\/wp-content\/uploads\/2015\/06\/Hashtag.png\",\"contentUrl\":\"https:\/\/www.omsag.de\/proxy\/wp-content\/uploads\/2015\/06\/Hashtag.png\",\"width\":1038,\"height\":598,\"caption\":\"Pressemeldung\"},{\"@type\":\"BreadcrumbList\",\"@id\":\"https:\/\/www.omsag.de\/proxy\/online-marketing-blog\/pressespiegel\/smm-teamleiterin-blanka-szczebak-zum-stellenwert-von-social-media-fuer-moderne-marketing-strategien\/#breadcrumb\",\"itemListElement\":[{\"@type\":\"ListItem\",\"position\":1,\"name\":\"Startseite\",\"item\":\"https:\/\/www.omsag.de\/proxy\/\"},{\"@type\":\"ListItem\",\"position\":2,\"name\":\"Pressespiegel\",\"item\":\"https:\/\/www.omsag.de\/proxy\/online-marketing-blog\/pressespiegel\/\"},{\"@type\":\"ListItem\",\"position\":3,\"name\":\"OMSAG: Blanka Szczebak zum Stellenwert von Social Media f\u00fcr moderne Marketing-Strategien\"}]},{\"@type\":\"WebSite\",\"@id\":\"https:\/\/www.omsag.de\/proxy\/#website\",\"url\":\"https:\/\/www.omsag.de\/proxy\/\",\"name\":\"Online Marketing & Suchmaschinenmarketing Agentur OMSAG\",\"description\":\"\",\"publisher\":{\"@id\":\"https:\/\/www.omsag.de\/proxy\/#organization\"},\"potentialAction\":[{\"@type\":\"SearchAction\",\"target\":{\"@type\":\"EntryPoint\",\"urlTemplate\":\"https:\/\/www.omsag.de\/proxy\/?s={search_term_string}\"},\"query-input\":\"required name=search_term_string\"}],\"inLanguage\":\"de\"},{\"@type\":\"Organization\",\"@id\":\"https:\/\/www.omsag.de\/proxy\/#organization\",\"name\":\"OMSAG\",\"url\":\"https:\/\/www.omsag.de\/proxy\/\",\"logo\":{\"@type\":\"ImageObject\",\"inLanguage\":\"de\",\"@id\":\"https:\/\/www.omsag.de\/proxy\/#\/schema\/logo\/image\/\",\"url\":\"https:\/\/www.omsag.de\/proxy\/wp-content\/uploads\/2020\/08\/oms-logo-1.jpg\",\"contentUrl\":\"https:\/\/www.omsag.de\/proxy\/wp-content\/uploads\/2020\/08\/oms-logo-1.jpg\",\"width\":500,\"height\":148,\"caption\":\"OMSAG\"},\"image\":{\"@id\":\"https:\/\/www.omsag.de\/proxy\/#\/schema\/logo\/image\/\"},\"sameAs\":[\"https:\/\/www.facebook.com\/Online.Marketing.Solutions.AG\",\"https:\/\/www.instagram.com\/omsag\/\",\"https:\/\/de.linkedin.com\/company\/online-marketing-solutions-ag\"]},{\"@type\":\"Person\",\"@id\":\"https:\/\/www.omsag.de\/proxy\/#\/schema\/person\/beb882437f9d1d6729304201da4c6b8f\",\"name\":\"Presse\",\"description\":\"Die Presseredaktion ver\u00f6ffentlicht alle wichtigen Neuigkeiten rund um das Unternehmen, z. B. zu Produktneuheiten oder -erweiterungen, Personalien, Messeauftritten sowie interessanten OMSAG-Events und neuen Partnerschaften. Dar\u00fcber hinaus erhalten Sie im Pressespiegel eine \u00dcbersicht aller Beitr\u00e4ge aus der \u00f6ffentlichen Berichterstattung \u00fcber die Online Marketing Solutions AG.\",\"sameAs\":[\"https:\/\/www.omsag.de\"],\"url\":\"https:\/\/www.omsag.de\/proxy\/online-marketing-blog\/author\/presseredaktion\/\"}]}<\/script>\n<!-- \/ Yoast SEO plugin. -->","yoast_head_json":{"title":"OMSAG: Blanka Szczebak zum Stellenwert von Social Media im Marketing","description":"Statement f\u00fcr die acquisa: Unsere SMM-Teamleiterin Blanka Szczebak zur Relevanz von Social Media-Abteilungen f\u00fcr zeitgem\u00e4\u00dfes Marketing.","robots":{"index":"index","follow":"follow","max-snippet":"max-snippet:-1","max-image-preview":"max-image-preview:large","max-video-preview":"max-video-preview:-1"},"canonical":"https:\/\/www.omsag.de\/proxy\/online-marketing-blog\/pressespiegel\/smm-teamleiterin-blanka-szczebak-zum-stellenwert-von-social-media-fuer-moderne-marketing-strategien\/","og_locale":"de_DE","og_type":"article","og_title":"OMSAG: Blanka Szczebak zum Stellenwert von Social Media im Marketing","og_description":"Statement f\u00fcr die acquisa: Unsere SMM-Teamleiterin Blanka Szczebak zur Relevanz von Social Media-Abteilungen f\u00fcr zeitgem\u00e4\u00dfes Marketing.","og_url":"https:\/\/www.omsag.de\/proxy\/online-marketing-blog\/pressespiegel\/smm-teamleiterin-blanka-szczebak-zum-stellenwert-von-social-media-fuer-moderne-marketing-strategien\/","og_site_name":"Online Marketing &amp; Suchmaschinenmarketing Agentur OMSAG","article_publisher":"https:\/\/www.facebook.com\/Online.Marketing.Solutions.AG","article_published_time":"2016-05-09T07:15:18+00:00","article_modified_time":"2018-11-20T10:56:45+00:00","og_image":[{"width":1038,"height":598,"url":"https:\/\/www.omsag.de\/proxy\/wp-content\/uploads\/2015\/06\/Hashtag.png","type":"image\/png"}],"author":"Presse","twitter_card":"summary_large_image","twitter_misc":{"Verfasst von":"Presse","Gesch\u00e4tzte Lesezeit":"1\u00a0Minute"},"schema":{"@context":"https:\/\/schema.org","@graph":[{"@type":"Article","@id":"https:\/\/www.omsag.de\/proxy\/online-marketing-blog\/pressespiegel\/smm-teamleiterin-blanka-szczebak-zum-stellenwert-von-social-media-fuer-moderne-marketing-strategien\/#article","isPartOf":{"@id":"https:\/\/www.omsag.de\/proxy\/online-marketing-blog\/pressespiegel\/smm-teamleiterin-blanka-szczebak-zum-stellenwert-von-social-media-fuer-moderne-marketing-strategien\/"},"author":{"name":"Presse","@id":"https:\/\/www.omsag.de\/proxy\/#\/schema\/person\/beb882437f9d1d6729304201da4c6b8f"},"headline":"OMSAG: Blanka Szczebak zum Stellenwert von Social Media f\u00fcr moderne Marketing-Strategien","datePublished":"2016-05-09T07:15:18+00:00","dateModified":"2018-11-20T10:56:45+00:00","mainEntityOfPage":{"@id":"https:\/\/www.omsag.de\/proxy\/online-marketing-blog\/pressespiegel\/smm-teamleiterin-blanka-szczebak-zum-stellenwert-von-social-media-fuer-moderne-marketing-strategien\/"},"wordCount":177,"commentCount":0,"publisher":{"@id":"https:\/\/www.omsag.de\/proxy\/#organization"},"image":{"@id":"https:\/\/www.omsag.de\/proxy\/online-marketing-blog\/pressespiegel\/smm-teamleiterin-blanka-szczebak-zum-stellenwert-von-social-media-fuer-moderne-marketing-strategien\/#primaryimage"},"thumbnailUrl":"https:\/\/www.omsag.de\/proxy\/wp-content\/uploads\/2015\/06\/Hashtag.png","keywords":["social media","social media marketing"],"articleSection":["Pressespiegel"],"inLanguage":"de","potentialAction":[{"@type":"CommentAction","name":"Comment","target":["https:\/\/www.omsag.de\/proxy\/online-marketing-blog\/pressespiegel\/smm-teamleiterin-blanka-szczebak-zum-stellenwert-von-social-media-fuer-moderne-marketing-strategien\/#respond"]}]},{"@type":"WebPage","@id":"https:\/\/www.omsag.de\/proxy\/online-marketing-blog\/pressespiegel\/smm-teamleiterin-blanka-szczebak-zum-stellenwert-von-social-media-fuer-moderne-marketing-strategien\/","url":"https:\/\/www.omsag.de\/proxy\/online-marketing-blog\/pressespiegel\/smm-teamleiterin-blanka-szczebak-zum-stellenwert-von-social-media-fuer-moderne-marketing-strategien\/","name":"OMSAG: Blanka Szczebak zum Stellenwert von Social Media im Marketing","isPartOf":{"@id":"https:\/\/www.omsag.de\/proxy\/#website"},"primaryImageOfPage":{"@id":"https:\/\/www.omsag.de\/proxy\/online-marketing-blog\/pressespiegel\/smm-teamleiterin-blanka-szczebak-zum-stellenwert-von-social-media-fuer-moderne-marketing-strategien\/#primaryimage"},"image":{"@id":"https:\/\/www.omsag.de\/proxy\/online-marketing-blog\/pressespiegel\/smm-teamleiterin-blanka-szczebak-zum-stellenwert-von-social-media-fuer-moderne-marketing-strategien\/#primaryimage"},"thumbnailUrl":"https:\/\/www.omsag.de\/proxy\/wp-content\/uploads\/2015\/06\/Hashtag.png","datePublished":"2016-05-09T07:15:18+00:00","dateModified":"2018-11-20T10:56:45+00:00","description":"Statement f\u00fcr die acquisa: Unsere SMM-Teamleiterin Blanka Szczebak zur Relevanz von Social Media-Abteilungen f\u00fcr zeitgem\u00e4\u00dfes Marketing.","breadcrumb":{"@id":"https:\/\/www.omsag.de\/proxy\/online-marketing-blog\/pressespiegel\/smm-teamleiterin-blanka-szczebak-zum-stellenwert-von-social-media-fuer-moderne-marketing-strategien\/#breadcrumb"},"inLanguage":"de","potentialAction":[{"@type":"ReadAction","target":["https:\/\/www.omsag.de\/proxy\/online-marketing-blog\/pressespiegel\/smm-teamleiterin-blanka-szczebak-zum-stellenwert-von-social-media-fuer-moderne-marketing-strategien\/"]}]},{"@type":"ImageObject","inLanguage":"de","@id":"https:\/\/www.omsag.de\/proxy\/online-marketing-blog\/pressespiegel\/smm-teamleiterin-blanka-szczebak-zum-stellenwert-von-social-media-fuer-moderne-marketing-strategien\/#primaryimage","url":"https:\/\/www.omsag.de\/proxy\/wp-content\/uploads\/2015\/06\/Hashtag.png","contentUrl":"https:\/\/www.omsag.de\/proxy\/wp-content\/uploads\/2015\/06\/Hashtag.png","width":1038,"height":598,"caption":"Pressemeldung"},{"@type":"BreadcrumbList","@id":"https:\/\/www.omsag.de\/proxy\/online-marketing-blog\/pressespiegel\/smm-teamleiterin-blanka-szczebak-zum-stellenwert-von-social-media-fuer-moderne-marketing-strategien\/#breadcrumb","itemListElement":[{"@type":"ListItem","position":1,"name":"Startseite","item":"https:\/\/www.omsag.de\/proxy\/"},{"@type":"ListItem","position":2,"name":"Pressespiegel","item":"https:\/\/www.omsag.de\/proxy\/online-marketing-blog\/pressespiegel\/"},{"@type":"ListItem","position":3,"name":"OMSAG: Blanka Szczebak zum Stellenwert von Social Media f\u00fcr moderne Marketing-Strategien"}]},{"@type":"WebSite","@id":"https:\/\/www.omsag.de\/proxy\/#website","url":"https:\/\/www.omsag.de\/proxy\/","name":"Online Marketing & Suchmaschinenmarketing Agentur OMSAG","description":"","publisher":{"@id":"https:\/\/www.omsag.de\/proxy\/#organization"},"potentialAction":[{"@type":"SearchAction","target":{"@type":"EntryPoint","urlTemplate":"https:\/\/www.omsag.de\/proxy\/?s={search_term_string}"},"query-input":"required name=search_term_string"}],"inLanguage":"de"},{"@type":"Organization","@id":"https:\/\/www.omsag.de\/proxy\/#organization","name":"OMSAG","url":"https:\/\/www.omsag.de\/proxy\/","logo":{"@type":"ImageObject","inLanguage":"de","@id":"https:\/\/www.omsag.de\/proxy\/#\/schema\/logo\/image\/","url":"https:\/\/www.omsag.de\/proxy\/wp-content\/uploads\/2020\/08\/oms-logo-1.jpg","contentUrl":"https:\/\/www.omsag.de\/proxy\/wp-content\/uploads\/2020\/08\/oms-logo-1.jpg","width":500,"height":148,"caption":"OMSAG"},"image":{"@id":"https:\/\/www.omsag.de\/proxy\/#\/schema\/logo\/image\/"},"sameAs":["https:\/\/www.facebook.com\/Online.Marketing.Solutions.AG","https:\/\/www.instagram.com\/omsag\/","https:\/\/de.linkedin.com\/company\/online-marketing-solutions-ag"]},{"@type":"Person","@id":"https:\/\/www.omsag.de\/proxy\/#\/schema\/person\/beb882437f9d1d6729304201da4c6b8f","name":"Presse","description":"Die Presseredaktion ver\u00f6ffentlicht alle wichtigen Neuigkeiten rund um das Unternehmen, z. B. zu Produktneuheiten oder -erweiterungen, Personalien, Messeauftritten sowie interessanten OMSAG-Events und neuen Partnerschaften. Dar\u00fcber hinaus erhalten Sie im Pressespiegel eine \u00dcbersicht aller Beitr\u00e4ge aus der \u00f6ffentlichen Berichterstattung \u00fcber die Online Marketing Solutions AG.","sameAs":["https:\/\/www.omsag.de"],"url":"https:\/\/www.omsag.de\/proxy\/online-marketing-blog\/author\/presseredaktion\/"}]}},"_links":{"self":[{"href":"https:\/\/www.omsag.de\/proxy\/wp-json\/wp\/v2\/posts\/13497"}],"collection":[{"href":"https:\/\/www.omsag.de\/proxy\/wp-json\/wp\/v2\/posts"}],"about":[{"href":"https:\/\/www.omsag.de\/proxy\/wp-json\/wp\/v2\/types\/post"}],"author":[{"embeddable":true,"href":"https:\/\/www.omsag.de\/proxy\/wp-json\/wp\/v2\/users\/46"}],"replies":[{"embeddable":true,"href":"https:\/\/www.omsag.de\/proxy\/wp-json\/wp\/v2\/comments?post=13497"}],"version-history":[{"count":0,"href":"https:\/\/www.omsag.de\/proxy\/wp-json\/wp\/v2\/posts\/13497\/revisions"}],"wp:featuredmedia":[{"embeddable":true,"href":"https:\/\/www.omsag.de\/proxy\/wp-json\/wp\/v2\/media\/88223"}],"wp:attachment":[{"href":"https:\/\/www.omsag.de\/proxy\/wp-json\/wp\/v2\/media?parent=13497"}],"wp:term":[{"taxonomy":"category","embeddable":true,"href":"https:\/\/www.omsag.de\/proxy\/wp-json\/wp\/v2\/categories?post=13497"},{"taxonomy":"post_tag","embeddable":true,"href":"https:\/\/www.omsag.de\/proxy\/wp-json\/wp\/v2\/tags?post=13497"}],"curies":[{"name":"wp","href":"https:\/\/api.w.org\/{rel}","templated":true}]}}