{"id":13113,"date":"2016-02-10T10:57:46","date_gmt":"2016-02-10T09:57:46","guid":{"rendered":"https:\/\/www.omsag.de\/?p=13113"},"modified":"2018-11-20T12:10:41","modified_gmt":"2018-11-20T11:10:41","slug":"omsag-vorstand-gibt-iwb-fachartikel-einblicke-seo-qualifizierung-des-unternehmens","status":"publish","type":"post","link":"https:\/\/www.omsag.de\/proxy\/online-marketing-blog\/pressespiegel\/omsag-vorstand-gibt-iwb-fachartikel-einblicke-seo-qualifizierung-des-unternehmens\/","title":{"rendered":"OMSAG Vorstand gibt in IWB-Fachartikel Einblicke in SEO-Qualifizierung des Unternehmens"},"content":{"rendered":"<p>Suchmaschinenoptimierung (SEO) z\u00e4hlt zu den wichtigsten Ma\u00dfnahmen im Online-Marketing, um die Wahrnehmung und so die Besucherzahlen von Unternehmens-Websites zu steigern. In Deutschland ist Google mit Abstand die relevanteste Suchmaschine: 95 Prozent der im Netz aktiven Deutschen verwenden sie am Desktop oder mobil, um sich zu den verschiedensten Dienstleistungen und Produkten zu informieren.<\/p>\n<div id=\"attachment_13116\" style=\"width: 146px\" class=\"wp-caption alignleft\"><img loading=\"lazy\" decoding=\"async\" aria-describedby=\"caption-attachment-13116\" class=\"wp-image-13116\" title=\"OMSAG-Vorstand Ulv Michel lieferte f\u00fcrs Fachmagazin INTERNET WORLD Business ein Statement zur SEO-Qualifizierung des Unternehmens.\" src=\"https:\/\/www.omsag.de\/proxy\/wp-content\/uploads\/2016\/02\/omsag.de_Pressespiegel_Statement-von-Vorstand-Ulv-Michel-zu-OMSAG-SEO-Qualifizierung_IWB-Artikel-200x300.jpg\" alt=\"OMSAG-Pressespiegel: Ulv Michel, Unternehmensvorstand der OMSAG\" width=\"136\" height=\"205\" \/><p id=\"caption-attachment-13116\" class=\"wp-caption-text\">OMSAG-Vorstand Ulv Michel<\/p><\/div>\n<p>Zahlreiche Mechanismen bestimmen den Google-Algorithmus und somit die besten Platzierungen in den Suchergebnissen. Doch dar\u00fcber gibt der Konzern nur sehr wenige Fakten preis. Helmut van Rinsum, Redakteur Marketing &amp; Werbung beim Fachmagazin INTERENT WORLD Business (IWB), ist daher der Frage nachgegangen, wie deutsche Online-Marketing-Anbieter ihr SEO Know-how aufbauen bzw. sich im Bereich Suchmaschinenoptimierung weiterbilden.<\/p>\n<p>Ulv Michel, Vorstand der Online Marketing Solutions AG (OMSAG), geh\u00f6rt zu den Experten, die f\u00fcr den Artikel \u201eSuchmaschinenoptimierung \u2013 das gro\u00dfe Geheimnis\u201c um ein Statement zu diesem wichtigen Thema gebeten wurde. Der Artikel liefert interessante Einblicke in die verschiedenen M\u00f6glichkeiten des Wissensaufbaus im SEO Bereich. Er erschien in der aktuellen IWB-Ausgabe (03\/2016) und ist hier abrufbar.<\/p>\n","protected":false},"excerpt":{"rendered":"<p>Suchmaschinenoptimierung (SEO) z\u00e4hlt zu den wichtigsten Ma\u00dfnahmen im Online-Marketing, um die Wahrnehmung und so die Besucherzahlen von Unternehmens-Websites zu steigern. In Deutschland ist Google mit Abstand die relevanteste Suchmaschine: 95 Prozent der im Netz aktiven Deutschen verwenden sie am Desktop oder mobil, um sich zu den verschiedensten Dienstleistungen und Produkten zu informieren. Zahlreiche Mechanismen bestimmen [&hellip;]<\/p>\n","protected":false},"author":46,"featured_media":88223,"comment_status":"open","ping_status":"closed","sticky":false,"template":"","format":"standard","meta":{"content-type":"","footnotes":""},"categories":[38],"tags":[22,145],"yoast_head":"<!-- This site is optimized with the Yoast SEO plugin v22.8 - https:\/\/yoast.com\/wordpress\/plugins\/seo\/ -->\n<title>Fachstatement: Vorstand zur SEO-Qualifizierung der OMSAG<\/title>\n<meta name=\"description\" content=\"Wie eignen sich SEO-Experten ihr Wissen an? Eine spannende Frage, zu der unser Vorstand Ulv Michel um ein Statement gebeten wurde.\" \/>\n<meta name=\"robots\" content=\"index, follow, max-snippet:-1, max-image-preview:large, max-video-preview:-1\" \/>\n<link rel=\"canonical\" href=\"https:\/\/www.omsag.de\/proxy\/online-marketing-blog\/pressespiegel\/omsag-vorstand-gibt-iwb-fachartikel-einblicke-seo-qualifizierung-des-unternehmens\/\" \/>\n<meta property=\"og:locale\" content=\"de_DE\" \/>\n<meta property=\"og:type\" content=\"article\" \/>\n<meta property=\"og:title\" content=\"Fachstatement: Vorstand zur SEO-Qualifizierung der OMSAG\" \/>\n<meta property=\"og:description\" content=\"Wie eignen sich SEO-Experten ihr Wissen an? Eine spannende Frage, zu der unser Vorstand Ulv Michel um ein Statement gebeten wurde.\" \/>\n<meta property=\"og:url\" content=\"https:\/\/www.omsag.de\/proxy\/online-marketing-blog\/pressespiegel\/omsag-vorstand-gibt-iwb-fachartikel-einblicke-seo-qualifizierung-des-unternehmens\/\" \/>\n<meta property=\"og:site_name\" content=\"Online Marketing &amp; Suchmaschinenmarketing Agentur OMSAG\" \/>\n<meta property=\"article:publisher\" content=\"https:\/\/www.facebook.com\/Online.Marketing.Solutions.AG\" \/>\n<meta property=\"article:published_time\" content=\"2016-02-10T09:57:46+00:00\" \/>\n<meta property=\"article:modified_time\" content=\"2018-11-20T11:10:41+00:00\" \/>\n<meta property=\"og:image\" content=\"https:\/\/www.omsag.de\/proxy\/wp-content\/uploads\/2015\/06\/Hashtag.png\" \/>\n\t<meta property=\"og:image:width\" content=\"1038\" \/>\n\t<meta property=\"og:image:height\" content=\"598\" \/>\n\t<meta property=\"og:image:type\" content=\"image\/png\" \/>\n<meta name=\"author\" content=\"Presse\" \/>\n<meta name=\"twitter:card\" content=\"summary_large_image\" \/>\n<meta name=\"twitter:label1\" content=\"Verfasst von\" \/>\n\t<meta name=\"twitter:data1\" content=\"Presse\" \/>\n\t<meta name=\"twitter:label2\" content=\"Gesch\u00e4tzte Lesezeit\" \/>\n\t<meta name=\"twitter:data2\" content=\"1\u00a0Minute\" \/>\n<script type=\"application\/ld+json\" class=\"yoast-schema-graph\">{\"@context\":\"https:\/\/schema.org\",\"@graph\":[{\"@type\":\"Article\",\"@id\":\"https:\/\/www.omsag.de\/proxy\/online-marketing-blog\/pressespiegel\/omsag-vorstand-gibt-iwb-fachartikel-einblicke-seo-qualifizierung-des-unternehmens\/#article\",\"isPartOf\":{\"@id\":\"https:\/\/www.omsag.de\/proxy\/online-marketing-blog\/pressespiegel\/omsag-vorstand-gibt-iwb-fachartikel-einblicke-seo-qualifizierung-des-unternehmens\/\"},\"author\":{\"name\":\"Presse\",\"@id\":\"https:\/\/www.omsag.de\/proxy\/#\/schema\/person\/beb882437f9d1d6729304201da4c6b8f\"},\"headline\":\"OMSAG Vorstand gibt in IWB-Fachartikel Einblicke in SEO-Qualifizierung des Unternehmens\",\"datePublished\":\"2016-02-10T09:57:46+00:00\",\"dateModified\":\"2018-11-20T11:10:41+00:00\",\"mainEntityOfPage\":{\"@id\":\"https:\/\/www.omsag.de\/proxy\/online-marketing-blog\/pressespiegel\/omsag-vorstand-gibt-iwb-fachartikel-einblicke-seo-qualifizierung-des-unternehmens\/\"},\"wordCount\":186,\"commentCount\":0,\"publisher\":{\"@id\":\"https:\/\/www.omsag.de\/proxy\/#organization\"},\"image\":{\"@id\":\"https:\/\/www.omsag.de\/proxy\/online-marketing-blog\/pressespiegel\/omsag-vorstand-gibt-iwb-fachartikel-einblicke-seo-qualifizierung-des-unternehmens\/#primaryimage\"},\"thumbnailUrl\":\"https:\/\/www.omsag.de\/proxy\/wp-content\/uploads\/2015\/06\/Hashtag.png\",\"keywords\":[\"google\",\"suchmaschinenoptimierung\"],\"articleSection\":[\"Pressespiegel\"],\"inLanguage\":\"de\",\"potentialAction\":[{\"@type\":\"CommentAction\",\"name\":\"Comment\",\"target\":[\"https:\/\/www.omsag.de\/proxy\/online-marketing-blog\/pressespiegel\/omsag-vorstand-gibt-iwb-fachartikel-einblicke-seo-qualifizierung-des-unternehmens\/#respond\"]}]},{\"@type\":\"WebPage\",\"@id\":\"https:\/\/www.omsag.de\/proxy\/online-marketing-blog\/pressespiegel\/omsag-vorstand-gibt-iwb-fachartikel-einblicke-seo-qualifizierung-des-unternehmens\/\",\"url\":\"https:\/\/www.omsag.de\/proxy\/online-marketing-blog\/pressespiegel\/omsag-vorstand-gibt-iwb-fachartikel-einblicke-seo-qualifizierung-des-unternehmens\/\",\"name\":\"Fachstatement: Vorstand zur SEO-Qualifizierung der OMSAG\",\"isPartOf\":{\"@id\":\"https:\/\/www.omsag.de\/proxy\/#website\"},\"primaryImageOfPage\":{\"@id\":\"https:\/\/www.omsag.de\/proxy\/online-marketing-blog\/pressespiegel\/omsag-vorstand-gibt-iwb-fachartikel-einblicke-seo-qualifizierung-des-unternehmens\/#primaryimage\"},\"image\":{\"@id\":\"https:\/\/www.omsag.de\/proxy\/online-marketing-blog\/pressespiegel\/omsag-vorstand-gibt-iwb-fachartikel-einblicke-seo-qualifizierung-des-unternehmens\/#primaryimage\"},\"thumbnailUrl\":\"https:\/\/www.omsag.de\/proxy\/wp-content\/uploads\/2015\/06\/Hashtag.png\",\"datePublished\":\"2016-02-10T09:57:46+00:00\",\"dateModified\":\"2018-11-20T11:10:41+00:00\",\"description\":\"Wie eignen sich SEO-Experten ihr Wissen an? Eine spannende Frage, zu der unser Vorstand Ulv Michel um ein Statement gebeten wurde.\",\"breadcrumb\":{\"@id\":\"https:\/\/www.omsag.de\/proxy\/online-marketing-blog\/pressespiegel\/omsag-vorstand-gibt-iwb-fachartikel-einblicke-seo-qualifizierung-des-unternehmens\/#breadcrumb\"},\"inLanguage\":\"de\",\"potentialAction\":[{\"@type\":\"ReadAction\",\"target\":[\"https:\/\/www.omsag.de\/proxy\/online-marketing-blog\/pressespiegel\/omsag-vorstand-gibt-iwb-fachartikel-einblicke-seo-qualifizierung-des-unternehmens\/\"]}]},{\"@type\":\"ImageObject\",\"inLanguage\":\"de\",\"@id\":\"https:\/\/www.omsag.de\/proxy\/online-marketing-blog\/pressespiegel\/omsag-vorstand-gibt-iwb-fachartikel-einblicke-seo-qualifizierung-des-unternehmens\/#primaryimage\",\"url\":\"https:\/\/www.omsag.de\/proxy\/wp-content\/uploads\/2015\/06\/Hashtag.png\",\"contentUrl\":\"https:\/\/www.omsag.de\/proxy\/wp-content\/uploads\/2015\/06\/Hashtag.png\",\"width\":1038,\"height\":598,\"caption\":\"Pressemeldung\"},{\"@type\":\"BreadcrumbList\",\"@id\":\"https:\/\/www.omsag.de\/proxy\/online-marketing-blog\/pressespiegel\/omsag-vorstand-gibt-iwb-fachartikel-einblicke-seo-qualifizierung-des-unternehmens\/#breadcrumb\",\"itemListElement\":[{\"@type\":\"ListItem\",\"position\":1,\"name\":\"Startseite\",\"item\":\"https:\/\/www.omsag.de\/proxy\/\"},{\"@type\":\"ListItem\",\"position\":2,\"name\":\"Pressespiegel\",\"item\":\"https:\/\/www.omsag.de\/proxy\/online-marketing-blog\/pressespiegel\/\"},{\"@type\":\"ListItem\",\"position\":3,\"name\":\"OMSAG Vorstand gibt in IWB-Fachartikel Einblicke in SEO-Qualifizierung des Unternehmens\"}]},{\"@type\":\"WebSite\",\"@id\":\"https:\/\/www.omsag.de\/proxy\/#website\",\"url\":\"https:\/\/www.omsag.de\/proxy\/\",\"name\":\"Online Marketing & Suchmaschinenmarketing Agentur OMSAG\",\"description\":\"\",\"publisher\":{\"@id\":\"https:\/\/www.omsag.de\/proxy\/#organization\"},\"potentialAction\":[{\"@type\":\"SearchAction\",\"target\":{\"@type\":\"EntryPoint\",\"urlTemplate\":\"https:\/\/www.omsag.de\/proxy\/?s={search_term_string}\"},\"query-input\":\"required name=search_term_string\"}],\"inLanguage\":\"de\"},{\"@type\":\"Organization\",\"@id\":\"https:\/\/www.omsag.de\/proxy\/#organization\",\"name\":\"OMSAG\",\"url\":\"https:\/\/www.omsag.de\/proxy\/\",\"logo\":{\"@type\":\"ImageObject\",\"inLanguage\":\"de\",\"@id\":\"https:\/\/www.omsag.de\/proxy\/#\/schema\/logo\/image\/\",\"url\":\"https:\/\/www.omsag.de\/proxy\/wp-content\/uploads\/2020\/08\/oms-logo-1.jpg\",\"contentUrl\":\"https:\/\/www.omsag.de\/proxy\/wp-content\/uploads\/2020\/08\/oms-logo-1.jpg\",\"width\":500,\"height\":148,\"caption\":\"OMSAG\"},\"image\":{\"@id\":\"https:\/\/www.omsag.de\/proxy\/#\/schema\/logo\/image\/\"},\"sameAs\":[\"https:\/\/www.facebook.com\/Online.Marketing.Solutions.AG\",\"https:\/\/www.instagram.com\/omsag\/\",\"https:\/\/de.linkedin.com\/company\/online-marketing-solutions-ag\"]},{\"@type\":\"Person\",\"@id\":\"https:\/\/www.omsag.de\/proxy\/#\/schema\/person\/beb882437f9d1d6729304201da4c6b8f\",\"name\":\"Presse\",\"description\":\"Die Presseredaktion ver\u00f6ffentlicht alle wichtigen Neuigkeiten rund um das Unternehmen, z. B. zu Produktneuheiten oder -erweiterungen, Personalien, Messeauftritten sowie interessanten OMSAG-Events und neuen Partnerschaften. Dar\u00fcber hinaus erhalten Sie im Pressespiegel eine \u00dcbersicht aller Beitr\u00e4ge aus der \u00f6ffentlichen Berichterstattung \u00fcber die Online Marketing Solutions AG.\",\"sameAs\":[\"https:\/\/www.omsag.de\"],\"url\":\"https:\/\/www.omsag.de\/proxy\/online-marketing-blog\/author\/presseredaktion\/\"}]}<\/script>\n<!-- \/ Yoast SEO plugin. -->","yoast_head_json":{"title":"Fachstatement: Vorstand zur SEO-Qualifizierung der OMSAG","description":"Wie eignen sich SEO-Experten ihr Wissen an? Eine spannende Frage, zu der unser Vorstand Ulv Michel um ein Statement gebeten wurde.","robots":{"index":"index","follow":"follow","max-snippet":"max-snippet:-1","max-image-preview":"max-image-preview:large","max-video-preview":"max-video-preview:-1"},"canonical":"https:\/\/www.omsag.de\/proxy\/online-marketing-blog\/pressespiegel\/omsag-vorstand-gibt-iwb-fachartikel-einblicke-seo-qualifizierung-des-unternehmens\/","og_locale":"de_DE","og_type":"article","og_title":"Fachstatement: Vorstand zur SEO-Qualifizierung der OMSAG","og_description":"Wie eignen sich SEO-Experten ihr Wissen an? Eine spannende Frage, zu der unser Vorstand Ulv Michel um ein Statement gebeten wurde.","og_url":"https:\/\/www.omsag.de\/proxy\/online-marketing-blog\/pressespiegel\/omsag-vorstand-gibt-iwb-fachartikel-einblicke-seo-qualifizierung-des-unternehmens\/","og_site_name":"Online Marketing &amp; Suchmaschinenmarketing Agentur OMSAG","article_publisher":"https:\/\/www.facebook.com\/Online.Marketing.Solutions.AG","article_published_time":"2016-02-10T09:57:46+00:00","article_modified_time":"2018-11-20T11:10:41+00:00","og_image":[{"width":1038,"height":598,"url":"https:\/\/www.omsag.de\/proxy\/wp-content\/uploads\/2015\/06\/Hashtag.png","type":"image\/png"}],"author":"Presse","twitter_card":"summary_large_image","twitter_misc":{"Verfasst von":"Presse","Gesch\u00e4tzte Lesezeit":"1\u00a0Minute"},"schema":{"@context":"https:\/\/schema.org","@graph":[{"@type":"Article","@id":"https:\/\/www.omsag.de\/proxy\/online-marketing-blog\/pressespiegel\/omsag-vorstand-gibt-iwb-fachartikel-einblicke-seo-qualifizierung-des-unternehmens\/#article","isPartOf":{"@id":"https:\/\/www.omsag.de\/proxy\/online-marketing-blog\/pressespiegel\/omsag-vorstand-gibt-iwb-fachartikel-einblicke-seo-qualifizierung-des-unternehmens\/"},"author":{"name":"Presse","@id":"https:\/\/www.omsag.de\/proxy\/#\/schema\/person\/beb882437f9d1d6729304201da4c6b8f"},"headline":"OMSAG Vorstand gibt in IWB-Fachartikel Einblicke in SEO-Qualifizierung des Unternehmens","datePublished":"2016-02-10T09:57:46+00:00","dateModified":"2018-11-20T11:10:41+00:00","mainEntityOfPage":{"@id":"https:\/\/www.omsag.de\/proxy\/online-marketing-blog\/pressespiegel\/omsag-vorstand-gibt-iwb-fachartikel-einblicke-seo-qualifizierung-des-unternehmens\/"},"wordCount":186,"commentCount":0,"publisher":{"@id":"https:\/\/www.omsag.de\/proxy\/#organization"},"image":{"@id":"https:\/\/www.omsag.de\/proxy\/online-marketing-blog\/pressespiegel\/omsag-vorstand-gibt-iwb-fachartikel-einblicke-seo-qualifizierung-des-unternehmens\/#primaryimage"},"thumbnailUrl":"https:\/\/www.omsag.de\/proxy\/wp-content\/uploads\/2015\/06\/Hashtag.png","keywords":["google","suchmaschinenoptimierung"],"articleSection":["Pressespiegel"],"inLanguage":"de","potentialAction":[{"@type":"CommentAction","name":"Comment","target":["https:\/\/www.omsag.de\/proxy\/online-marketing-blog\/pressespiegel\/omsag-vorstand-gibt-iwb-fachartikel-einblicke-seo-qualifizierung-des-unternehmens\/#respond"]}]},{"@type":"WebPage","@id":"https:\/\/www.omsag.de\/proxy\/online-marketing-blog\/pressespiegel\/omsag-vorstand-gibt-iwb-fachartikel-einblicke-seo-qualifizierung-des-unternehmens\/","url":"https:\/\/www.omsag.de\/proxy\/online-marketing-blog\/pressespiegel\/omsag-vorstand-gibt-iwb-fachartikel-einblicke-seo-qualifizierung-des-unternehmens\/","name":"Fachstatement: Vorstand zur SEO-Qualifizierung der OMSAG","isPartOf":{"@id":"https:\/\/www.omsag.de\/proxy\/#website"},"primaryImageOfPage":{"@id":"https:\/\/www.omsag.de\/proxy\/online-marketing-blog\/pressespiegel\/omsag-vorstand-gibt-iwb-fachartikel-einblicke-seo-qualifizierung-des-unternehmens\/#primaryimage"},"image":{"@id":"https:\/\/www.omsag.de\/proxy\/online-marketing-blog\/pressespiegel\/omsag-vorstand-gibt-iwb-fachartikel-einblicke-seo-qualifizierung-des-unternehmens\/#primaryimage"},"thumbnailUrl":"https:\/\/www.omsag.de\/proxy\/wp-content\/uploads\/2015\/06\/Hashtag.png","datePublished":"2016-02-10T09:57:46+00:00","dateModified":"2018-11-20T11:10:41+00:00","description":"Wie eignen sich SEO-Experten ihr Wissen an? Eine spannende Frage, zu der unser Vorstand Ulv Michel um ein Statement gebeten wurde.","breadcrumb":{"@id":"https:\/\/www.omsag.de\/proxy\/online-marketing-blog\/pressespiegel\/omsag-vorstand-gibt-iwb-fachartikel-einblicke-seo-qualifizierung-des-unternehmens\/#breadcrumb"},"inLanguage":"de","potentialAction":[{"@type":"ReadAction","target":["https:\/\/www.omsag.de\/proxy\/online-marketing-blog\/pressespiegel\/omsag-vorstand-gibt-iwb-fachartikel-einblicke-seo-qualifizierung-des-unternehmens\/"]}]},{"@type":"ImageObject","inLanguage":"de","@id":"https:\/\/www.omsag.de\/proxy\/online-marketing-blog\/pressespiegel\/omsag-vorstand-gibt-iwb-fachartikel-einblicke-seo-qualifizierung-des-unternehmens\/#primaryimage","url":"https:\/\/www.omsag.de\/proxy\/wp-content\/uploads\/2015\/06\/Hashtag.png","contentUrl":"https:\/\/www.omsag.de\/proxy\/wp-content\/uploads\/2015\/06\/Hashtag.png","width":1038,"height":598,"caption":"Pressemeldung"},{"@type":"BreadcrumbList","@id":"https:\/\/www.omsag.de\/proxy\/online-marketing-blog\/pressespiegel\/omsag-vorstand-gibt-iwb-fachartikel-einblicke-seo-qualifizierung-des-unternehmens\/#breadcrumb","itemListElement":[{"@type":"ListItem","position":1,"name":"Startseite","item":"https:\/\/www.omsag.de\/proxy\/"},{"@type":"ListItem","position":2,"name":"Pressespiegel","item":"https:\/\/www.omsag.de\/proxy\/online-marketing-blog\/pressespiegel\/"},{"@type":"ListItem","position":3,"name":"OMSAG Vorstand gibt in IWB-Fachartikel Einblicke in SEO-Qualifizierung des Unternehmens"}]},{"@type":"WebSite","@id":"https:\/\/www.omsag.de\/proxy\/#website","url":"https:\/\/www.omsag.de\/proxy\/","name":"Online Marketing & Suchmaschinenmarketing Agentur OMSAG","description":"","publisher":{"@id":"https:\/\/www.omsag.de\/proxy\/#organization"},"potentialAction":[{"@type":"SearchAction","target":{"@type":"EntryPoint","urlTemplate":"https:\/\/www.omsag.de\/proxy\/?s={search_term_string}"},"query-input":"required name=search_term_string"}],"inLanguage":"de"},{"@type":"Organization","@id":"https:\/\/www.omsag.de\/proxy\/#organization","name":"OMSAG","url":"https:\/\/www.omsag.de\/proxy\/","logo":{"@type":"ImageObject","inLanguage":"de","@id":"https:\/\/www.omsag.de\/proxy\/#\/schema\/logo\/image\/","url":"https:\/\/www.omsag.de\/proxy\/wp-content\/uploads\/2020\/08\/oms-logo-1.jpg","contentUrl":"https:\/\/www.omsag.de\/proxy\/wp-content\/uploads\/2020\/08\/oms-logo-1.jpg","width":500,"height":148,"caption":"OMSAG"},"image":{"@id":"https:\/\/www.omsag.de\/proxy\/#\/schema\/logo\/image\/"},"sameAs":["https:\/\/www.facebook.com\/Online.Marketing.Solutions.AG","https:\/\/www.instagram.com\/omsag\/","https:\/\/de.linkedin.com\/company\/online-marketing-solutions-ag"]},{"@type":"Person","@id":"https:\/\/www.omsag.de\/proxy\/#\/schema\/person\/beb882437f9d1d6729304201da4c6b8f","name":"Presse","description":"Die Presseredaktion ver\u00f6ffentlicht alle wichtigen Neuigkeiten rund um das Unternehmen, z. B. zu Produktneuheiten oder -erweiterungen, Personalien, Messeauftritten sowie interessanten OMSAG-Events und neuen Partnerschaften. Dar\u00fcber hinaus erhalten Sie im Pressespiegel eine \u00dcbersicht aller Beitr\u00e4ge aus der \u00f6ffentlichen Berichterstattung \u00fcber die Online Marketing Solutions AG.","sameAs":["https:\/\/www.omsag.de"],"url":"https:\/\/www.omsag.de\/proxy\/online-marketing-blog\/author\/presseredaktion\/"}]}},"_links":{"self":[{"href":"https:\/\/www.omsag.de\/proxy\/wp-json\/wp\/v2\/posts\/13113"}],"collection":[{"href":"https:\/\/www.omsag.de\/proxy\/wp-json\/wp\/v2\/posts"}],"about":[{"href":"https:\/\/www.omsag.de\/proxy\/wp-json\/wp\/v2\/types\/post"}],"author":[{"embeddable":true,"href":"https:\/\/www.omsag.de\/proxy\/wp-json\/wp\/v2\/users\/46"}],"replies":[{"embeddable":true,"href":"https:\/\/www.omsag.de\/proxy\/wp-json\/wp\/v2\/comments?post=13113"}],"version-history":[{"count":0,"href":"https:\/\/www.omsag.de\/proxy\/wp-json\/wp\/v2\/posts\/13113\/revisions"}],"wp:featuredmedia":[{"embeddable":true,"href":"https:\/\/www.omsag.de\/proxy\/wp-json\/wp\/v2\/media\/88223"}],"wp:attachment":[{"href":"https:\/\/www.omsag.de\/proxy\/wp-json\/wp\/v2\/media?parent=13113"}],"wp:term":[{"taxonomy":"category","embeddable":true,"href":"https:\/\/www.omsag.de\/proxy\/wp-json\/wp\/v2\/categories?post=13113"},{"taxonomy":"post_tag","embeddable":true,"href":"https:\/\/www.omsag.de\/proxy\/wp-json\/wp\/v2\/tags?post=13113"}],"curies":[{"name":"wp","href":"https:\/\/api.w.org\/{rel}","templated":true}]}}