{"id":12958,"date":"2016-01-22T14:29:02","date_gmt":"2016-01-22T13:29:02","guid":{"rendered":"https:\/\/www.omsag.de\/?p=12958"},"modified":"2019-05-29T14:40:14","modified_gmt":"2019-05-29T12:40:14","slug":"auftakt-event-der-omsag-online-marketing-tage-ein-voller-erfolg","status":"publish","type":"post","link":"https:\/\/www.omsag.de\/proxy\/online-marketing-blog\/unternehmensnachrichten\/auftakt-event-der-omsag-online-marketing-tage-ein-voller-erfolg\/","title":{"rendered":"OMSAG Online-Marketing-Tage: Auftakt-Event mit \u00dcberraschungsgast war ein voller Erfolg"},"content":{"rendered":"<p>Die verschiedenen Online-Marketing-Bereiche kennenlernen und das eigene Erfolgspotenzial im Web erkunden \u2013 diese Chancen bieten wir f\u00fcr BVMW-Mitglieder im Rahmen unserer OMSAG Online-Marketing-Eventreihe. Vergangenen Donnerstag ging es los mit der Auftakt-Veranstaltung, und in zwei Wochen steht bereits der n\u00e4chste Online-Marketing-Tag an! Im heutigen Beitrag erfahrt ihr mehr zu den insgesamt sechs Events. Au\u00dferdem bekommt ihr einige Bilder der vergangenen Veranstaltung zu sehen und bekommt einen Ausblick auf den n\u00e4chsten Vortrag.<\/p>\n<p><strong>Donnerstag, 14. Januar, 13.30 Uhr<\/strong>: Die ersten Teilnehmer finden sich in unserem Firmensitz in Eschborn ein und stimmen sich im Gespr\u00e4ch mit Speaker Adrian, Leiter des Teams Suchmaschinenwerbung (SEA) bei der OMSAG, bereits auf den Vortrag ein. Thema \u201eWerbung mit Google AdWords: Regionale Zielgruppen effizient erreichen\u201c. Dies wird Dreh- und Angelpunkt des Nachmittags sein, und Adrian wird f\u00fcr die G\u00e4ste &#8211; allesamt kleine und mittelst\u00e4ndische Unternehmen (KMU) &#8211; neben spannenden Insights und Praxis-Beispielen noch einen \u00dcberraschungsgast bereithalten&#8230; Doch gehen wir einen Schritt zur\u00fcck, indem ich euch zun\u00e4chst zum Gesamtkonzept der Eventreihe unter dem Titel \u201cOMSAG Online-Marketing-Tage\u201c N\u00e4heres erz\u00e4hle.<\/p>\n<h2>Orientierungspfad entlang sechs unabh\u00e4ngiger Online-Marketing-Events<\/h2>\n<p>Ihr spielt mit dem Gedanken, euch die neueste Generation eures geliebten iPhones anzuschaffen oder den Anbieter eurer Krankenversicherung abzuschlie\u00dfen? Dann bedarf es sicher keines Verk\u00e4ufers, der euch erstmal erkl\u00e4ren muss, worum es sich bei einem Handy oder einer Versicherung handelt. Bei der Frage: \u201cWas ist Online-Marketing und welche Bereiche geh\u00f6ren dazu?\u201c, sieht es jedoch anders aus.<\/p>\n<p>Geht es um die Vermarktung von Unternehmen im Internet, besteht h\u00e4ufig <strong>Informations- und Erkl\u00e4rungsbedarf<\/strong>.<\/p>\n<p>Und das liegt auf der Hand: Die M\u00f6glichkeiten im Internet-Marketing sind vielf\u00e4ltig und jeder Bereich, sei es zum Beispiel Suchmaschinenoptimierung oder Conversion Rate-Optimierung, beinhaltet f\u00fcr sich wiederum viele Bestandteile. Hinzu kommt: Das was gestern noch als Best Practice galt, kann unter Umst\u00e4nden morgen wieder veraltet sein. Dabei <strong>stets den Durchblick zu behalten<\/strong> und verschiedene Bereiche f\u00fcr jeden Kunden individuell zu einer stringenten, abgestimmten Web-Strategie zusammenzuf\u00fchren \u2013 das ist unsere Aufgabe und Herausforderung, der wir uns als Full-Service-Agentur f\u00fcr Online-Marketing t\u00e4glich gerne stellen.<\/p>\n<h2>Ersten Zugang zum Thema Web-Marketing schaffen<\/h2>\n<p>Im Rahmen unserer sechsteiligen Eventreihe wollen wir daher genau diese Informationen liefern und f\u00fcr Fragen rund ums Thema pers\u00f6nlich bereitstehen.<\/p>\n<p><strong>Hier ein \u00dcbersicht \u00fcber alle Themen und Speaker der OMSAG Online-Marketing-Tage:<\/strong><\/p>\n<p><img loading=\"lazy\" decoding=\"async\" class=\"aligncenter wp-image-12963 size-full\" title=\"Der 2. Online-Marketing-Tag findet bereits Anfang Februar zum Thema Social Media Marketing statt.\" src=\"https:\/\/www.omsag.de\/proxy\/wp-content\/uploads\/2016\/01\/omsag.de_bb_Annika-Wurm_\u00dcbersicht-Online-Marketing-Tage_neu.png\" alt=\"\u00dcberblick aller Online-Marketing-Events der OMSAG zwischen Januar und Juni 2016\" width=\"1010\" height=\"423\" \/><\/p>\n<p>Auch Unternehmern, die bislang keine oder nur wenig Ber\u00fchrungspunkte zum Web-Marketing hatten, erm\u00f6glichen wir so einfachen Zugang. Aufgrund der sehr guten Zusammenarbeit mit dem Mittelstandsverein richtet sich die Reihe <strong>exklusiv und kostenlos an Mitglieder des Bundesverbands mittelst\u00e4ndische Wirtschaft<\/strong>, Unternehmerverband e.V. (BVMW). N\u00e4her Hintergrund-Infos findet ihr dazu in unserer Presselounge.<\/p>\n<p>Von Januar bis einschlie\u00dflich Juni dieses Jahres werden wir pro Monat jeweils ein Event zu einem bestimmten, erfolgswirksamen Bereich des Web-Marketings veranstalten. Jede Veranstaltung steht f\u00fcr sich, ist daher nicht thematisch an die anderen gebunden und erfordert <strong>kein besonderes Vorwissen<\/strong>. Speaker ist immer der entsprechende, teamleitende Fachexperte, der \u00fcber den gesamten Tag als Ansprechpartner zur Verf\u00fcgung steht. Und so kommen wir zur\u00fcck zum 1. Online-Marketing-Tag, mit dem wir die Reihe vergangenen Donnerstag erfolgreich gestartet haben.<\/p>\n<h2>\u00dcberraschungsgast im Live-Hangout<\/h2>\n<p>Google ist der am h\u00e4ufigsten genutzte Einstiegskanal zur Online-Recherche der Internetnutzer in Deutschland. Wenn man bedenkt, dass knapp 80 Prozent der deutschen Bev\u00f6lkerung online ist, wird deutlich, wie viel potenzielle Kunden dort erreichbar sind \u2013 <strong>auch f\u00fcr regional t\u00e4tige Unternehmen<\/strong>! Mit Google AdWords, Werbeanzeigen bei Google, k\u00f6nnen Unternehmen ihre Botschaften dort und auf Googles Partnerwebsites und -portalen im Werbenetzwerk platzieren.<\/p>\n<p>Google AdWords Professional Adrian leitet wie erw\u00e4hnt unser Team f\u00fcr Suchmaschinenwerbung. Unsere G\u00e4ste hatten am Donnerstag die <strong>einmalige Gelegenheit<\/strong>, im kleinen Teilnehmerkreis von ihm alles Wichtige zum Potenzial von Google-Anzeigen f\u00fcr Mittelst\u00e4ndler zu erfahren und ihre pers\u00f6nlichen Fragen loszuwerden.<\/p>\n<p><img loading=\"lazy\" decoding=\"async\" class=\"aligncenter wp-image-12968 size-full\" title=\"Erneut eine gelungene Kooperaton zwischen der OMSAG und dem BVMW-Team, das die gesamte Event-Reihe begleiten werden.\" src=\"https:\/\/www.omsag.de\/proxy\/wp-content\/uploads\/2016\/01\/omsag.de_bb_Annika-Wurm_OMSAG-Online-Marketing-Tage_Gruppenbild.jpg\" alt=\"Auftakt der OMSAG Online-Marketing-Tage: Gruppenbild mit dem BVMW-Team der Region Frankfurt Rhein-Main.\" width=\"1010\" height=\"674\" \/><\/p>\n<p><strong>Besondere \u00dcberraschung<\/strong>: das vorab nicht-angek\u00fcndigte Live-Hangout mit Google Partner Trainerin Sarah Braun aus Hamburg. Erg\u00e4nzend zu Adrians Vortrag ging sie speziell auf das Thema \u201cLokales Nutzerverhalten\u201c ein.<\/p>\n<p><img loading=\"lazy\" decoding=\"async\" class=\"wp-image-12995 size-full aligncenter\" title=\"Die Suche nach lokalen Informationen ist sowohl auf dem Smartphone als auch \u00fcber den Desktop beliebt.\" src=\"https:\/\/www.omsag.de\/proxy\/wp-content\/uploads\/2016\/01\/omsag.de_bb_Annika-Wurm_OMSAG-Online-Marketing-Tage_Screenshot-Pr\u00e4si.png\" alt=\"Suche nach lokalen Informationen: Screenshot aus der Pr\u00e4sentation von Google Partner Trainerin Sarah\" width=\"1010\" height=\"568\" \/><\/p>\n<p>Auszug aus Sarahs Pr\u00e4sentation im Live-Hangout &#8211; interessante Facts zum Nutzer-Suchverhalten in Bezug auf lokale Informationen.<\/p>\n<p><img loading=\"lazy\" decoding=\"async\" class=\"aligncenter wp-image-12972 size-full\" title=\"Live-Hangout mit Sarah Braun von Google - eine besondere \u00dcberraschung f\u00fcr unsere G\u00e4ste.\" src=\"https:\/\/www.omsag.de\/proxy\/wp-content\/uploads\/2016\/01\/omsag.de_bb_Annika-Wurm_OMSAG-Online-Marketing-Tage_Sarah-Braun.jpg\" alt=\"Sarah Braun von Google im Live-Hangout im Rahmen der OMSAG Online-Marketing-Tage.\" width=\"1010\" height=\"609\" \/><\/p>\n<p>Eine <strong>tolle Erfahrung<\/strong> f\u00fcr die Teilnehmer und auch f\u00fcr uns: Seit 2014 sind wir einer von wenigen Google AdWords Premium-KMU-Partnern in Deutschland und freuen uns, durch Kooperationen wie diese oder auch das Google Partner Event im Juni 2015 die strategische Zusammenarbeit noch weiter zu verst\u00e4rken.<\/p>\n<p>Weitere Bilder des Events bekommt ihr hier auf Facebook zu sehen.<\/p>\n<h2>2. Online-Marketing-Tag im Februar:<br \/>\ninteraktiver Kundendialog mit Social Media Marketing<\/h2>\n<p><img loading=\"lazy\" decoding=\"async\" class=\"alignleft wp-image-12982 size-medium\" title=\"Via Social Media als Mittelst\u00e4ndler die eigene Zielgruppe erreichen: Wie das geht, erfahren die Teilnehmer am 04. Februar.\" src=\"https:\/\/www.omsag.de\/proxy\/wp-content\/uploads\/2016\/01\/omsag.de_bb_Annika-Wurm_OMSAG-Online-Marketing-Tage_Bild-Blanka-neu-166x300.jpg\" alt=\"Blanka Szczebak, Social Media-Teamleiterin der OMSAG\" width=\"166\" height=\"300\" \/>Ging es bei dem 1. OMSAG Online-Marketing-Tag um das pers\u00f6nliche Potenzial der Unternehmer zur Zielgruppenansprache via Google AdWords, so widmen wir uns bei der kommenden Veranstaltung dem <strong>interaktiven Kundendialog 2.0<\/strong> mittels <a href=\"https:\/\/www.omsag.de\/leistungen\/social-media-marketing\/\" target=\"_blank\" rel=\"noopener\">Social Media Marketing<\/a>. Blanka, unsere Social Media-Teamleiterin, wird am Donnerstag, dem 04. Februar 2016, zu diesem Vortrags-Thema viele spannende Facts und Entwicklungen pr\u00e4sentieren:<\/p>\n<p><strong>\u201eKunden mit Social Media erreichen \u2013 Aktuelle Trends und Potenziale f\u00fcr Mittelst\u00e4ndler\u201c<\/strong><\/p>\n<p>Was beinhaltet eine gute Social Media-Strategie und wie hilft sie KMU \u2013 egal ob B2B oder B2C \u2013 dort erfolgreich aktiv zu sein, wo die Zielgruppe tagt\u00e4glich unterwegs ist? Die Antwort zu dieser und vielen weiteren Fragen erhalten die Teilnehmer am 04. Februar ab 14 Uhr bei uns in Eschborn. Mehr Details zur Agenda des 2. Online-Marketing-Tags bzw. zur Event-Reihe findet ihr auf dieser Seite: www.omsag.de\/online-marketing-veranstaltungen.<\/p>\n","protected":false},"excerpt":{"rendered":"<p>Die verschiedenen Online-Marketing-Bereiche kennenlernen und das eigene Erfolgspotenzial im Web erkunden \u2013 diese Chancen bieten wir f\u00fcr BVMW-Mitglieder im Rahmen unserer OMSAG Online-Marketing-Eventreihe. Vergangenen Donnerstag ging es los mit der Auftakt-Veranstaltung, und in zwei Wochen steht bereits der n\u00e4chste Online-Marketing-Tag an! Im heutigen Beitrag erfahrt ihr mehr zu den insgesamt sechs Events. Au\u00dferdem bekommt ihr [&hellip;]<\/p>\n","protected":false},"author":4,"featured_media":12992,"comment_status":"open","ping_status":"closed","sticky":false,"template":"","format":"standard","meta":{"content-type":"","footnotes":""},"categories":[39],"tags":[212,204,282,236,279,243],"yoast_head":"<!-- This site is optimized with the Yoast SEO plugin v22.8 - https:\/\/yoast.com\/wordpress\/plugins\/seo\/ -->\n<title>Auftakt der OMSAG Online Marketing Events ein voller Erfolg<\/title>\n<meta name=\"description\" content=\"Erfahrt hier alles zu den sechs Online-Marketing Events bei der OMSAG, welche \u00dcberraschung es beim Auftakt-Event gab.\" \/>\n<meta name=\"robots\" content=\"index, follow, max-snippet:-1, max-image-preview:large, max-video-preview:-1\" \/>\n<link rel=\"canonical\" href=\"https:\/\/www.omsag.de\/proxy\/online-marketing-blog\/unternehmensnachrichten\/auftakt-event-der-omsag-online-marketing-tage-ein-voller-erfolg\/\" \/>\n<meta property=\"og:locale\" content=\"de_DE\" \/>\n<meta property=\"og:type\" content=\"article\" \/>\n<meta property=\"og:title\" content=\"Auftakt der OMSAG Online Marketing Events ein voller Erfolg\" \/>\n<meta property=\"og:description\" content=\"Erfahrt hier alles zu den sechs Online-Marketing Events bei der OMSAG, welche \u00dcberraschung es beim Auftakt-Event gab.\" \/>\n<meta property=\"og:url\" content=\"https:\/\/www.omsag.de\/proxy\/online-marketing-blog\/unternehmensnachrichten\/auftakt-event-der-omsag-online-marketing-tage-ein-voller-erfolg\/\" \/>\n<meta property=\"og:site_name\" content=\"Online Marketing &amp; Suchmaschinenmarketing Agentur OMSAG\" \/>\n<meta property=\"article:publisher\" content=\"https:\/\/www.facebook.com\/Online.Marketing.Solutions.AG\" \/>\n<meta property=\"article:published_time\" content=\"2016-01-22T13:29:02+00:00\" \/>\n<meta property=\"article:modified_time\" content=\"2019-05-29T12:40:14+00:00\" \/>\n<meta property=\"og:image\" content=\"https:\/\/www.omsag.de\/proxy\/wp-content\/uploads\/2016\/01\/Beitragsbild_Annika-Wurm_omsag.de_bb_Online-Marketing-Tage.png\" \/>\n\t<meta property=\"og:image:width\" content=\"1012\" \/>\n\t<meta property=\"og:image:height\" content=\"502\" \/>\n\t<meta property=\"og:image:type\" content=\"image\/png\" \/>\n<meta name=\"author\" content=\"Blogredaktion\" \/>\n<meta name=\"twitter:card\" content=\"summary_large_image\" \/>\n<meta name=\"twitter:label1\" content=\"Verfasst von\" \/>\n\t<meta name=\"twitter:data1\" content=\"Blogredaktion\" \/>\n\t<meta name=\"twitter:label2\" content=\"Gesch\u00e4tzte Lesezeit\" \/>\n\t<meta name=\"twitter:data2\" content=\"4\u00a0Minuten\" \/>\n<script type=\"application\/ld+json\" class=\"yoast-schema-graph\">{\"@context\":\"https:\/\/schema.org\",\"@graph\":[{\"@type\":\"Article\",\"@id\":\"https:\/\/www.omsag.de\/proxy\/online-marketing-blog\/unternehmensnachrichten\/auftakt-event-der-omsag-online-marketing-tage-ein-voller-erfolg\/#article\",\"isPartOf\":{\"@id\":\"https:\/\/www.omsag.de\/proxy\/online-marketing-blog\/unternehmensnachrichten\/auftakt-event-der-omsag-online-marketing-tage-ein-voller-erfolg\/\"},\"author\":{\"name\":\"Blogredaktion\",\"@id\":\"https:\/\/www.omsag.de\/proxy\/#\/schema\/person\/8dcdf1052bc5e4a5e82b494f96fba999\"},\"headline\":\"OMSAG Online-Marketing-Tage: Auftakt-Event mit \u00dcberraschungsgast war ein voller Erfolg\",\"datePublished\":\"2016-01-22T13:29:02+00:00\",\"dateModified\":\"2019-05-29T12:40:14+00:00\",\"mainEntityOfPage\":{\"@id\":\"https:\/\/www.omsag.de\/proxy\/online-marketing-blog\/unternehmensnachrichten\/auftakt-event-der-omsag-online-marketing-tage-ein-voller-erfolg\/\"},\"wordCount\":883,\"commentCount\":0,\"publisher\":{\"@id\":\"https:\/\/www.omsag.de\/proxy\/#organization\"},\"image\":{\"@id\":\"https:\/\/www.omsag.de\/proxy\/online-marketing-blog\/unternehmensnachrichten\/auftakt-event-der-omsag-online-marketing-tage-ein-voller-erfolg\/#primaryimage\"},\"thumbnailUrl\":\"https:\/\/www.omsag.de\/proxy\/wp-content\/uploads\/2016\/01\/Beitragsbild_Annika-Wurm_omsag.de_bb_Online-Marketing-Tage.png\",\"keywords\":[\"bvmw\",\"google adwords\",\"kmu\",\"social media marketing\",\"suchmaschinenwerbung\",\"veranstaltung\"],\"articleSection\":[\"Unternehmensnachrichten\"],\"inLanguage\":\"de\",\"potentialAction\":[{\"@type\":\"CommentAction\",\"name\":\"Comment\",\"target\":[\"https:\/\/www.omsag.de\/proxy\/online-marketing-blog\/unternehmensnachrichten\/auftakt-event-der-omsag-online-marketing-tage-ein-voller-erfolg\/#respond\"]}]},{\"@type\":\"WebPage\",\"@id\":\"https:\/\/www.omsag.de\/proxy\/online-marketing-blog\/unternehmensnachrichten\/auftakt-event-der-omsag-online-marketing-tage-ein-voller-erfolg\/\",\"url\":\"https:\/\/www.omsag.de\/proxy\/online-marketing-blog\/unternehmensnachrichten\/auftakt-event-der-omsag-online-marketing-tage-ein-voller-erfolg\/\",\"name\":\"Auftakt der OMSAG Online Marketing Events ein voller Erfolg\",\"isPartOf\":{\"@id\":\"https:\/\/www.omsag.de\/proxy\/#website\"},\"primaryImageOfPage\":{\"@id\":\"https:\/\/www.omsag.de\/proxy\/online-marketing-blog\/unternehmensnachrichten\/auftakt-event-der-omsag-online-marketing-tage-ein-voller-erfolg\/#primaryimage\"},\"image\":{\"@id\":\"https:\/\/www.omsag.de\/proxy\/online-marketing-blog\/unternehmensnachrichten\/auftakt-event-der-omsag-online-marketing-tage-ein-voller-erfolg\/#primaryimage\"},\"thumbnailUrl\":\"https:\/\/www.omsag.de\/proxy\/wp-content\/uploads\/2016\/01\/Beitragsbild_Annika-Wurm_omsag.de_bb_Online-Marketing-Tage.png\",\"datePublished\":\"2016-01-22T13:29:02+00:00\",\"dateModified\":\"2019-05-29T12:40:14+00:00\",\"description\":\"Erfahrt hier alles zu den sechs Online-Marketing Events bei der OMSAG, welche \u00dcberraschung es beim Auftakt-Event gab.\",\"breadcrumb\":{\"@id\":\"https:\/\/www.omsag.de\/proxy\/online-marketing-blog\/unternehmensnachrichten\/auftakt-event-der-omsag-online-marketing-tage-ein-voller-erfolg\/#breadcrumb\"},\"inLanguage\":\"de\",\"potentialAction\":[{\"@type\":\"ReadAction\",\"target\":[\"https:\/\/www.omsag.de\/proxy\/online-marketing-blog\/unternehmensnachrichten\/auftakt-event-der-omsag-online-marketing-tage-ein-voller-erfolg\/\"]}]},{\"@type\":\"ImageObject\",\"inLanguage\":\"de\",\"@id\":\"https:\/\/www.omsag.de\/proxy\/online-marketing-blog\/unternehmensnachrichten\/auftakt-event-der-omsag-online-marketing-tage-ein-voller-erfolg\/#primaryimage\",\"url\":\"https:\/\/www.omsag.de\/proxy\/wp-content\/uploads\/2016\/01\/Beitragsbild_Annika-Wurm_omsag.de_bb_Online-Marketing-Tage.png\",\"contentUrl\":\"https:\/\/www.omsag.de\/proxy\/wp-content\/uploads\/2016\/01\/Beitragsbild_Annika-Wurm_omsag.de_bb_Online-Marketing-Tage.png\",\"width\":1012,\"height\":502},{\"@type\":\"BreadcrumbList\",\"@id\":\"https:\/\/www.omsag.de\/proxy\/online-marketing-blog\/unternehmensnachrichten\/auftakt-event-der-omsag-online-marketing-tage-ein-voller-erfolg\/#breadcrumb\",\"itemListElement\":[{\"@type\":\"ListItem\",\"position\":1,\"name\":\"Startseite\",\"item\":\"https:\/\/www.omsag.de\/proxy\/\"},{\"@type\":\"ListItem\",\"position\":2,\"name\":\"Unternehmensnachrichten\",\"item\":\"https:\/\/www.omsag.de\/proxy\/online-marketing-blog\/unternehmensnachrichten\/\"},{\"@type\":\"ListItem\",\"position\":3,\"name\":\"OMSAG Online-Marketing-Tage: Auftakt-Event mit \u00dcberraschungsgast war ein voller Erfolg\"}]},{\"@type\":\"WebSite\",\"@id\":\"https:\/\/www.omsag.de\/proxy\/#website\",\"url\":\"https:\/\/www.omsag.de\/proxy\/\",\"name\":\"Online Marketing & Suchmaschinenmarketing Agentur OMSAG\",\"description\":\"\",\"publisher\":{\"@id\":\"https:\/\/www.omsag.de\/proxy\/#organization\"},\"potentialAction\":[{\"@type\":\"SearchAction\",\"target\":{\"@type\":\"EntryPoint\",\"urlTemplate\":\"https:\/\/www.omsag.de\/proxy\/?s={search_term_string}\"},\"query-input\":\"required name=search_term_string\"}],\"inLanguage\":\"de\"},{\"@type\":\"Organization\",\"@id\":\"https:\/\/www.omsag.de\/proxy\/#organization\",\"name\":\"OMSAG\",\"url\":\"https:\/\/www.omsag.de\/proxy\/\",\"logo\":{\"@type\":\"ImageObject\",\"inLanguage\":\"de\",\"@id\":\"https:\/\/www.omsag.de\/proxy\/#\/schema\/logo\/image\/\",\"url\":\"https:\/\/www.omsag.de\/proxy\/wp-content\/uploads\/2020\/08\/oms-logo-1.jpg\",\"contentUrl\":\"https:\/\/www.omsag.de\/proxy\/wp-content\/uploads\/2020\/08\/oms-logo-1.jpg\",\"width\":500,\"height\":148,\"caption\":\"OMSAG\"},\"image\":{\"@id\":\"https:\/\/www.omsag.de\/proxy\/#\/schema\/logo\/image\/\"},\"sameAs\":[\"https:\/\/www.facebook.com\/Online.Marketing.Solutions.AG\",\"https:\/\/www.instagram.com\/omsag\/\",\"https:\/\/de.linkedin.com\/company\/online-marketing-solutions-ag\"]},{\"@type\":\"Person\",\"@id\":\"https:\/\/www.omsag.de\/proxy\/#\/schema\/person\/8dcdf1052bc5e4a5e82b494f96fba999\",\"name\":\"Blogredaktion\",\"description\":\"Unter \u201eBlogredaktion\u201c werden Fachbeitr\u00e4ge verschiedener Experten aus dem Unternehmen ohne Autorenkennzeichnung publiziert. Ihr habt Fragen oder Anregungen zu einem speziellen Beitrag? Kein Problem, die Blogredaktion steht euch daf\u00fcr gerne hier zur Verf\u00fcgung.\",\"sameAs\":[\"https:\/\/www.omsag.de\"],\"url\":\"https:\/\/www.omsag.de\/proxy\/online-marketing-blog\/author\/blogredaktion\/\"}]}<\/script>\n<!-- \/ Yoast SEO plugin. -->","yoast_head_json":{"title":"Auftakt der OMSAG Online Marketing Events ein voller Erfolg","description":"Erfahrt hier alles zu den sechs Online-Marketing Events bei der OMSAG, welche \u00dcberraschung es beim Auftakt-Event gab.","robots":{"index":"index","follow":"follow","max-snippet":"max-snippet:-1","max-image-preview":"max-image-preview:large","max-video-preview":"max-video-preview:-1"},"canonical":"https:\/\/www.omsag.de\/proxy\/online-marketing-blog\/unternehmensnachrichten\/auftakt-event-der-omsag-online-marketing-tage-ein-voller-erfolg\/","og_locale":"de_DE","og_type":"article","og_title":"Auftakt der OMSAG Online Marketing Events ein voller Erfolg","og_description":"Erfahrt hier alles zu den sechs Online-Marketing Events bei der OMSAG, welche \u00dcberraschung es beim Auftakt-Event gab.","og_url":"https:\/\/www.omsag.de\/proxy\/online-marketing-blog\/unternehmensnachrichten\/auftakt-event-der-omsag-online-marketing-tage-ein-voller-erfolg\/","og_site_name":"Online Marketing &amp; Suchmaschinenmarketing Agentur OMSAG","article_publisher":"https:\/\/www.facebook.com\/Online.Marketing.Solutions.AG","article_published_time":"2016-01-22T13:29:02+00:00","article_modified_time":"2019-05-29T12:40:14+00:00","og_image":[{"width":1012,"height":502,"url":"https:\/\/www.omsag.de\/proxy\/wp-content\/uploads\/2016\/01\/Beitragsbild_Annika-Wurm_omsag.de_bb_Online-Marketing-Tage.png","type":"image\/png"}],"author":"Blogredaktion","twitter_card":"summary_large_image","twitter_misc":{"Verfasst von":"Blogredaktion","Gesch\u00e4tzte Lesezeit":"4\u00a0Minuten"},"schema":{"@context":"https:\/\/schema.org","@graph":[{"@type":"Article","@id":"https:\/\/www.omsag.de\/proxy\/online-marketing-blog\/unternehmensnachrichten\/auftakt-event-der-omsag-online-marketing-tage-ein-voller-erfolg\/#article","isPartOf":{"@id":"https:\/\/www.omsag.de\/proxy\/online-marketing-blog\/unternehmensnachrichten\/auftakt-event-der-omsag-online-marketing-tage-ein-voller-erfolg\/"},"author":{"name":"Blogredaktion","@id":"https:\/\/www.omsag.de\/proxy\/#\/schema\/person\/8dcdf1052bc5e4a5e82b494f96fba999"},"headline":"OMSAG Online-Marketing-Tage: Auftakt-Event mit \u00dcberraschungsgast war ein voller Erfolg","datePublished":"2016-01-22T13:29:02+00:00","dateModified":"2019-05-29T12:40:14+00:00","mainEntityOfPage":{"@id":"https:\/\/www.omsag.de\/proxy\/online-marketing-blog\/unternehmensnachrichten\/auftakt-event-der-omsag-online-marketing-tage-ein-voller-erfolg\/"},"wordCount":883,"commentCount":0,"publisher":{"@id":"https:\/\/www.omsag.de\/proxy\/#organization"},"image":{"@id":"https:\/\/www.omsag.de\/proxy\/online-marketing-blog\/unternehmensnachrichten\/auftakt-event-der-omsag-online-marketing-tage-ein-voller-erfolg\/#primaryimage"},"thumbnailUrl":"https:\/\/www.omsag.de\/proxy\/wp-content\/uploads\/2016\/01\/Beitragsbild_Annika-Wurm_omsag.de_bb_Online-Marketing-Tage.png","keywords":["bvmw","google adwords","kmu","social media marketing","suchmaschinenwerbung","veranstaltung"],"articleSection":["Unternehmensnachrichten"],"inLanguage":"de","potentialAction":[{"@type":"CommentAction","name":"Comment","target":["https:\/\/www.omsag.de\/proxy\/online-marketing-blog\/unternehmensnachrichten\/auftakt-event-der-omsag-online-marketing-tage-ein-voller-erfolg\/#respond"]}]},{"@type":"WebPage","@id":"https:\/\/www.omsag.de\/proxy\/online-marketing-blog\/unternehmensnachrichten\/auftakt-event-der-omsag-online-marketing-tage-ein-voller-erfolg\/","url":"https:\/\/www.omsag.de\/proxy\/online-marketing-blog\/unternehmensnachrichten\/auftakt-event-der-omsag-online-marketing-tage-ein-voller-erfolg\/","name":"Auftakt der OMSAG Online Marketing Events ein voller Erfolg","isPartOf":{"@id":"https:\/\/www.omsag.de\/proxy\/#website"},"primaryImageOfPage":{"@id":"https:\/\/www.omsag.de\/proxy\/online-marketing-blog\/unternehmensnachrichten\/auftakt-event-der-omsag-online-marketing-tage-ein-voller-erfolg\/#primaryimage"},"image":{"@id":"https:\/\/www.omsag.de\/proxy\/online-marketing-blog\/unternehmensnachrichten\/auftakt-event-der-omsag-online-marketing-tage-ein-voller-erfolg\/#primaryimage"},"thumbnailUrl":"https:\/\/www.omsag.de\/proxy\/wp-content\/uploads\/2016\/01\/Beitragsbild_Annika-Wurm_omsag.de_bb_Online-Marketing-Tage.png","datePublished":"2016-01-22T13:29:02+00:00","dateModified":"2019-05-29T12:40:14+00:00","description":"Erfahrt hier alles zu den sechs Online-Marketing Events bei der OMSAG, welche \u00dcberraschung es beim Auftakt-Event gab.","breadcrumb":{"@id":"https:\/\/www.omsag.de\/proxy\/online-marketing-blog\/unternehmensnachrichten\/auftakt-event-der-omsag-online-marketing-tage-ein-voller-erfolg\/#breadcrumb"},"inLanguage":"de","potentialAction":[{"@type":"ReadAction","target":["https:\/\/www.omsag.de\/proxy\/online-marketing-blog\/unternehmensnachrichten\/auftakt-event-der-omsag-online-marketing-tage-ein-voller-erfolg\/"]}]},{"@type":"ImageObject","inLanguage":"de","@id":"https:\/\/www.omsag.de\/proxy\/online-marketing-blog\/unternehmensnachrichten\/auftakt-event-der-omsag-online-marketing-tage-ein-voller-erfolg\/#primaryimage","url":"https:\/\/www.omsag.de\/proxy\/wp-content\/uploads\/2016\/01\/Beitragsbild_Annika-Wurm_omsag.de_bb_Online-Marketing-Tage.png","contentUrl":"https:\/\/www.omsag.de\/proxy\/wp-content\/uploads\/2016\/01\/Beitragsbild_Annika-Wurm_omsag.de_bb_Online-Marketing-Tage.png","width":1012,"height":502},{"@type":"BreadcrumbList","@id":"https:\/\/www.omsag.de\/proxy\/online-marketing-blog\/unternehmensnachrichten\/auftakt-event-der-omsag-online-marketing-tage-ein-voller-erfolg\/#breadcrumb","itemListElement":[{"@type":"ListItem","position":1,"name":"Startseite","item":"https:\/\/www.omsag.de\/proxy\/"},{"@type":"ListItem","position":2,"name":"Unternehmensnachrichten","item":"https:\/\/www.omsag.de\/proxy\/online-marketing-blog\/unternehmensnachrichten\/"},{"@type":"ListItem","position":3,"name":"OMSAG Online-Marketing-Tage: Auftakt-Event mit \u00dcberraschungsgast war ein voller Erfolg"}]},{"@type":"WebSite","@id":"https:\/\/www.omsag.de\/proxy\/#website","url":"https:\/\/www.omsag.de\/proxy\/","name":"Online Marketing & Suchmaschinenmarketing Agentur OMSAG","description":"","publisher":{"@id":"https:\/\/www.omsag.de\/proxy\/#organization"},"potentialAction":[{"@type":"SearchAction","target":{"@type":"EntryPoint","urlTemplate":"https:\/\/www.omsag.de\/proxy\/?s={search_term_string}"},"query-input":"required name=search_term_string"}],"inLanguage":"de"},{"@type":"Organization","@id":"https:\/\/www.omsag.de\/proxy\/#organization","name":"OMSAG","url":"https:\/\/www.omsag.de\/proxy\/","logo":{"@type":"ImageObject","inLanguage":"de","@id":"https:\/\/www.omsag.de\/proxy\/#\/schema\/logo\/image\/","url":"https:\/\/www.omsag.de\/proxy\/wp-content\/uploads\/2020\/08\/oms-logo-1.jpg","contentUrl":"https:\/\/www.omsag.de\/proxy\/wp-content\/uploads\/2020\/08\/oms-logo-1.jpg","width":500,"height":148,"caption":"OMSAG"},"image":{"@id":"https:\/\/www.omsag.de\/proxy\/#\/schema\/logo\/image\/"},"sameAs":["https:\/\/www.facebook.com\/Online.Marketing.Solutions.AG","https:\/\/www.instagram.com\/omsag\/","https:\/\/de.linkedin.com\/company\/online-marketing-solutions-ag"]},{"@type":"Person","@id":"https:\/\/www.omsag.de\/proxy\/#\/schema\/person\/8dcdf1052bc5e4a5e82b494f96fba999","name":"Blogredaktion","description":"Unter \u201eBlogredaktion\u201c werden Fachbeitr\u00e4ge verschiedener Experten aus dem Unternehmen ohne Autorenkennzeichnung publiziert. Ihr habt Fragen oder Anregungen zu einem speziellen Beitrag? Kein Problem, die Blogredaktion steht euch daf\u00fcr gerne hier zur Verf\u00fcgung.","sameAs":["https:\/\/www.omsag.de"],"url":"https:\/\/www.omsag.de\/proxy\/online-marketing-blog\/author\/blogredaktion\/"}]}},"_links":{"self":[{"href":"https:\/\/www.omsag.de\/proxy\/wp-json\/wp\/v2\/posts\/12958"}],"collection":[{"href":"https:\/\/www.omsag.de\/proxy\/wp-json\/wp\/v2\/posts"}],"about":[{"href":"https:\/\/www.omsag.de\/proxy\/wp-json\/wp\/v2\/types\/post"}],"author":[{"embeddable":true,"href":"https:\/\/www.omsag.de\/proxy\/wp-json\/wp\/v2\/users\/4"}],"replies":[{"embeddable":true,"href":"https:\/\/www.omsag.de\/proxy\/wp-json\/wp\/v2\/comments?post=12958"}],"version-history":[{"count":0,"href":"https:\/\/www.omsag.de\/proxy\/wp-json\/wp\/v2\/posts\/12958\/revisions"}],"wp:featuredmedia":[{"embeddable":true,"href":"https:\/\/www.omsag.de\/proxy\/wp-json\/wp\/v2\/media\/12992"}],"wp:attachment":[{"href":"https:\/\/www.omsag.de\/proxy\/wp-json\/wp\/v2\/media?parent=12958"}],"wp:term":[{"taxonomy":"category","embeddable":true,"href":"https:\/\/www.omsag.de\/proxy\/wp-json\/wp\/v2\/categories?post=12958"},{"taxonomy":"post_tag","embeddable":true,"href":"https:\/\/www.omsag.de\/proxy\/wp-json\/wp\/v2\/tags?post=12958"}],"curies":[{"name":"wp","href":"https:\/\/api.w.org\/{rel}","templated":true}]}}