{"id":12920,"date":"2016-01-12T13:30:08","date_gmt":"2016-01-12T12:30:08","guid":{"rendered":"https:\/\/www.omsag.de\/?p=12920"},"modified":"2018-11-20T12:13:29","modified_gmt":"2018-11-20T11:13:29","slug":"pure-besinnlichkeit-statt-platte-produktplatzierung-bei-deutschen-handelsketten","status":"publish","type":"post","link":"https:\/\/www.omsag.de\/proxy\/online-marketing-blog\/social-media\/pure-besinnlichkeit-statt-platte-produktplatzierung-bei-deutschen-handelsketten\/","title":{"rendered":"Pure Besinnlichkeit statt platte Produktplatzierung bei deutschen Handelsketten"},"content":{"rendered":"<p>Die Lebensmittelbranche \u00a0hat sich zur Weihnachtszeit ordentlich ins Zeug gelegt. Wer sich die TV-Weihnachtsspots einiger gro\u00dfer deutscher Handelsketten Ende des vergangenen Jahres angeschaut hat, konnte schnell bemerken, dass <strong>klassische Produktplatzierung sicher nicht das erkl\u00e4rte Ziel<\/strong> war. Vielmehr zielte der Ansatz von EDEKA und REWE auf \u201eQuerdenker\u201c ab &#8211; und ist vielleicht eine neue Erfolgsstrategie, die wir 2016 \u00f6fter zu sehen bekommen werden.<\/p>\n<h2>EDEKA zeigte sich 2015 melancholisch und wagemutig<\/h2>\n<p>Denn geht es nach Klicks, Likes und Shares, darf sich EDEKA offiziell die <strong>erfolgreichste Marke 2015 im Social Web<\/strong> nennen. Das allein ist nat\u00fcrlich noch kein Garant f\u00fcr den Erfolg eines Unternehmens. Jedoch ist es schon mal ein hilfreicher Pluspunkt, m\u00f6chte man meinen.<\/p>\n<p>Der Weihnachtsspot von Edeka zum Thema \u201c#Heimkommen\u201c (Kreation: Jung von Matt) d\u00fcrfte zuletzt das <strong>Sahneh\u00e4ubchen auf der viralen Erfolgs-Torte<\/strong> gewesen sein: Ihr erinnert euch sicher noch an die vorherigen Spots \u201cSupergeil\u201c mit Friedrich Liechtenstein oder \u201cHow much is the fish\u201c mit H.P. Baxxter. Doch w\u00e4hrend Friedrich Liechtenstein im Video gelegentlich vor einem Edeka-Supermarkt performte und H.P. Baxxter im selbigen den Einkaufswagen schob, verzichtete das Unternehmen im Weihnachtsspot 2015 g\u00e4nzlich auf auff\u00e4llige Marken- bzw. Produkteinblendungen:<\/p>\n<div class=\"brlbs-cmpnt-container brlbs-cmpnt-content-blocker\" data-borlabs-cookie-content-blocker-id=\"default\" data-borlabs-cookie-content=\"PGlmcmFtZSB3aWR0aD0iMTE0MCIgaGVpZ2h0PSI2NDEiIHNyYz0iaHR0cHM6Ly93d3cueW91dHViZS5jb20vZW1iZWQvVjYtMGtZaHFvUm8\/ZmVhdHVyZT1vZW1iZWQiIGZyYW1lYm9yZGVyPSIwIiBhbGxvdz0iYWNjZWxlcm9tZXRlcjsgYXV0b3BsYXk7IGVuY3J5cHRlZC1tZWRpYTsgZ3lyb3Njb3BlOyBwaWN0dXJlLWluLXBpY3R1cmUiIGFsbG93ZnVsbHNjcmVlbj48L2lmcmFtZT4=\" >\n<div class=\"brlbs-cmpnt-cb-preset-a\">\n<p class=\"brlbs-cmpnt-cb-description\">Sie sehen gerade einen Platzhalterinhalt von <strong>Standard<\/strong>. Um auf den eigentlichen Inhalt zuzugreifen, klicken Sie auf den Button unten. Bitte beachten Sie, dass dabei Daten an Drittanbieter weitergegeben werden.<\/p>\n<div class=\"brlbs-cmpnt-cb-buttons\"> <a class=\"brlbs-cmpnt-cb-btn\" href=\"#\" data-borlabs-cookie-unblock role=\"button\">Inhalt entsperren<\/a> <a class=\"brlbs-cmpnt-cb-btn\" href=\"#\" data-borlabs-cookie-accept-service role=\"button\" style=\"display: none\">Erforderlichen Service akzeptieren und Inhalte entsperren<\/a> <\/div>\n<p> <a class=\"brlbs-cmpnt-cb-provider-toggle\" href=\"#\" data-borlabs-cookie-show-provider-information role=\"button\">Weitere Informationen<\/a> <\/div>\n<\/div>\n<p>Warum? <strong>Die Entscheidung <em>f\u00fcr<\/em> oder <em>gegen <\/em>einen Kauf f\u00e4llt ma\u00dfgeblich im Unterbewusstsein<\/strong> \u2013 und bei eben jenen Assoziationen setzt EDEKA an: Hierbei geht es nicht darum, ein beliebiges Produkt aus dem breiten Spektrum in den Fokus zu r\u00fccken, sondern ein positives Gef\u00fchl zu erzeugen, das mit der ganzen Marke verbunden ist. Hinzu kommt, dass EDEKA in Deutschland bereits sehr bekannt ist und es sich somit leisten kann, Marken- bzw. Produkthinweise auf ein Minimum zu reduzieren.<\/p>\n<p>Mit mittlerweile \u00fcber 45 Millionen Klicks auf YouTube hat der EDEKA-Spot eine <strong>beachtenswerte Reichweite<\/strong>. Nat\u00fcrlich stellt sich bei alledem aber die entscheidende Frage, wie sich die K\u00e4uferschaft bzw. die anvisierte Zielgruppe infolge des Spots verh\u00e4lt. Und genau das k\u00f6nnte die Krux sein.<\/p>\n<p>Wenden wir den Blick also von der viralen Reichweite zur <strong>Verkaufswirkung<\/strong>: Laut einer Studie von <em>Ratingagentur Advertising<\/em>, Institut zur Analyse und Optimierung von Werbung, weckt der Spot im Unterbewusstsein negative Assoziationen wie Trauer, Tod und Einsamkeit. Genau diese Assoziationen br\u00e4chten die Betrachter schlie\u00dflich mit Edeka in Verbindung. Die Folge:<\/p>\n<p><span style=\"color: #50aa00;\"><strong>Abschreckung statt Kaufimpuls!<\/strong><\/span><\/p>\n<p>Der Spot habe daher eine \u2018verkaufshemmende Wirkung auf den Betrachter\u2018, meint James Miller, Co-Gesch\u00e4ftsf\u00fchrer von <em>Ratingagentur Advertising<\/em>, in der Studie von Dezember 2015 und das Unternehmen k\u00f6nne von Gl\u00fcck reden, dass es keine Logos eingeblendet habe.<\/p>\n<p>Doch k\u00f6nnte der Spot je nach Perspektive nicht genauso gut <strong>positive Assoziationen<\/strong> hervorrufen wie Zusammenkunft, Freude und Gemeinschaft, Hoffnung, neue Chance, Wiedergutmachung und Vergebung? Ob sich Edeka mit seinem Weihnachtsspot tats\u00e4chlich ins eigene Fleisch geschnitten hat? Diese Betrachtungsweise k\u00f6nnte m\u00f6glicherweise etwas zu kurz gegriffen sein. <strong>Fakt ist<\/strong>: Der EDEKA-Spot verbucht auf YouTube nach wie vor hohe Klickzahlen und hat es geschafft, sich zum Weihnachtsgesch\u00e4ft vergangenes Jahr popul\u00e4r ins Gespr\u00e4ch zu bringen.<\/p>\n<p>(Das Komikerduo Joko und Klaas rechnet in seiner bekannten TV-Show <em>Circus HalliGalli<\/em> \u00fcbrigens auf seine ganz eigene Weise mit dem Spot ab: https:\/\/youtu.be\/ifg6SHfpMxE. Aber das sei nur am Rande erw\u00e4hnt.)<\/p>\n<h2>REWE setzte zu Weihnachten auf Bilder statt Worte<\/h2>\n<p>Auch REWE pr\u00e4sentierte sich in seinem TV-Spot \u201eWeihnachten von Herzen\u201c (Kreation: Thjnk) \u00a02015 mit melancholischer Musikbegleitung. Allerdings finden im REWE-Video keine Dialoge statt, der Fokus liegt auf Bild und Musik. Prima! Sogar Konsumenten, die (wie ich) gerne mal in Werbepausen den Ton lautlos schalten, k\u00f6nnte der Spot dank der Bilder noch irgendwie erreichen. W\u00e4re nicht die <strong>Verbindung zum anzupreisenden Produkt auf den ersten Blick schwammig<\/strong>:<\/p>\n<div class=\"brlbs-cmpnt-container brlbs-cmpnt-content-blocker\" data-borlabs-cookie-content-blocker-id=\"default\" data-borlabs-cookie-content=\"PGlmcmFtZSB3aWR0aD0iMTE0MCIgaGVpZ2h0PSI2NDEiIHNyYz0iaHR0cHM6Ly93d3cueW91dHViZS5jb20vZW1iZWQvOTZ3WENTdUhtV2s\/ZmVhdHVyZT1vZW1iZWQiIGZyYW1lYm9yZGVyPSIwIiBhbGxvdz0iYWNjZWxlcm9tZXRlcjsgYXV0b3BsYXk7IGVuY3J5cHRlZC1tZWRpYTsgZ3lyb3Njb3BlOyBwaWN0dXJlLWluLXBpY3R1cmUiIGFsbG93ZnVsbHNjcmVlbj48L2lmcmFtZT4=\" >\n<div class=\"brlbs-cmpnt-cb-preset-a\">\n<p class=\"brlbs-cmpnt-cb-description\">Sie sehen gerade einen Platzhalterinhalt von <strong>Standard<\/strong>. Um auf den eigentlichen Inhalt zuzugreifen, klicken Sie auf den Button unten. Bitte beachten Sie, dass dabei Daten an Drittanbieter weitergegeben werden.<\/p>\n<div class=\"brlbs-cmpnt-cb-buttons\"> <a class=\"brlbs-cmpnt-cb-btn\" href=\"#\" data-borlabs-cookie-unblock role=\"button\">Inhalt entsperren<\/a> <a class=\"brlbs-cmpnt-cb-btn\" href=\"#\" data-borlabs-cookie-accept-service role=\"button\" style=\"display: none\">Erforderlichen Service akzeptieren und Inhalte entsperren<\/a> <\/div>\n<p> <a class=\"brlbs-cmpnt-cb-provider-toggle\" href=\"#\" data-borlabs-cookie-show-provider-information role=\"button\">Weitere Informationen<\/a> <\/div>\n<\/div>\n<p>Hier liegt die <strong>Gemeinsamkeit<\/strong> zu EDEKAs Werbespot: der Verzicht auf Marken- bzw. Produkteinblendungen. Nur am Ende ist jeweils das Logo zu sehen \u2013 quasi als kurze Erinnerung, wer f\u00fcr den Beitrag verantwortlich zeichnet. Das ist vielleicht auch gut so, wenn man bedenkt, dass Marke und Produkt im Spot h\u00f6chstens als Nebendarsteller zur Geltung kommen: Sowohl REWE als auch EDEKA scheinen den <strong>Fokus des Betrachters<\/strong> g\u00e4nzlich auf die pers\u00f6nliche, emotionale Botschaft zu legen und zu diesem Zweck \u201eablenkende\u201c oder plakative Faktoren wie Markeneinblendungen dezent in den Hintergrund zu r\u00fccken. Der Vorsto\u00df beider Marken, genau so und eben nicht anders vorzugehen, ist ein spannender und m\u00f6glicherweise auch zukunftsweisender.<\/p>\n<h2>Haupt- und Nebenrollen werden neu vergeben<\/h2>\n<p>Statt Produkten werden Gef\u00fchle, Emotionen und Assoziationen zu Hauptdarstellern des Storytellings. Dieser Ansatz ist nicht wirklich neu. <span style=\"color: #50aa00;\"><strong>Neu aber ist die Strategie der Superm\u00e4rkte, diese Emotionen nicht aufs Produkt, sondern auf die Marke im Ganzen und insbesondere die Beziehung zum Kunden zu \u00fcbertragen:<\/strong><\/span> Die Marken beantworten nicht prim\u00e4r die Frage \u201eWer sind wir und was bieten wir?\u201c, sondern \u201eWelche Lebenssituationen und Gef\u00fchle verbindet unsere Marke mit unseren Kunden?\u201c.<\/p>\n<p>So setzen EDEKA und REWE in ihrer Weihnachtskampagne nicht auf Testimonials oder darauf, ihre Waren und Mitarbeiter zu inszenieren. <strong>Die Kernbotschaft zielt auf etwas H\u00f6heres ab<\/strong>: auf den Bundespr\u00e4sidenten und gleichzeitig auch den Au\u00dfenminister in der Unternehmens-Republik: die Marke. In den Spots wird sie mit bestimmten Assoziationen besetzt, die sie bestenfalls auf s\u00e4mtliche Markenelemente und somit auch auf dazugeh\u00f6rige Produkte \u00fcbertr\u00e4gt.<\/p>\n<h3>Die Marke \u2013 unser guter Freund und Helfer<\/h3>\n<p>Der Weg von der Assoziation bis zum Produkt scheint nur ein l\u00e4ngerer zu sein als bei klassischer Produktwerbung. Schlie\u00dflich muss ich mir als Zuschauer selbst meinen Teil denken, und bekomme die Marken- bzw. Produktbotschaft <strong>nicht platt auf dem Teller serviert<\/strong>. M\u00f6glicherweise ist das im Fall von Lebensmitteln aber eine geschickte Strategie \u2013 wenn sie denn gut durchdacht ist! Immerhin geht es um nichts Geringeres als unser Unterbewusstsein, das angesprochen wird. Und beim Thema Essen d\u00fcrfte dort Aufmerksamkeit herrschen, schlie\u00dflich geh\u00f6rt die Nahrungsaufnahme zu unseren unabdingbaren Grundbed\u00fcrfnissen.<\/p>\n<p>Wir kaufen am liebsten Produkte von Unternehmen, die wir bereits kennen, die wir m\u00f6gen und denen wir vertrauen: Marken, mit denen wir positive Erlebnisse oder Gedanken verbinden, die uns sympathisch sind und mit denen wir in unserer Freizeit vielleicht auch mal einen Kaffee trinken oder sie um Rat bitten w\u00fcrden, w\u00e4ren sie Menschen.<\/p>\n<p>EDEKA und REWE feiern das Fest der Liebe, die Familie und die Freundschaft. Seit wann? Sp\u00e4testens seit wir Konsumenten eine unglaublich gro\u00dfe Auswahl an Anbietern zu allen m\u00f6glichen Produkten und Dienstleistungen haben. Seit wir uns nicht mit Erstbestem zufriedengeben (m\u00fcssen) und uns auch bei der Auswahl unseres Lieblings-Supermarkts von langweiliger, unkreativer Werbung durchaus abschrecken oder unterbewusst beeinflussen lassen. Zu diesem Anspruch geh\u00f6rt aber auch, dass Konsumenten nicht gleich in Begeisterung ausbrechen, nur weil ein Werbespot kreativ ist und Unerwartetes bringt. Das zeigen auch die <strong>vielf\u00e4ltigen Reaktionen in sozialen Medien<\/strong>.<\/p>\n<h3>Nutzer-Meinungen in sozialen Netzwerken<\/h3>\n<p>Werfen wir einen Blick ins Web: Die Netz-Gemeinde schien zwiegespalten angesichts der Weihnachtsspots von REWE und EDEKA. Hier einige Beitr\u00e4ge, gefunden auf facebook.com und twitter.com:<\/p>\n<div id=\"attachment_12926\" style=\"width: 1037px\" class=\"wp-caption aligncenter\"><img loading=\"lazy\" decoding=\"async\" aria-describedby=\"caption-attachment-12926\" class=\"wp-image-12926 size-full\" src=\"https:\/\/www.omsag.de\/proxy\/wp-content\/uploads\/2016\/01\/omsag.de_Blog_Marketing-Kampagnen-Handelsmarken_Ss-1.png\" alt=\"OMSAG-Blog: Marketing-Kampagnen Handelsmarken_Zitat 1\" width=\"1027\" height=\"187\" \/><p id=\"caption-attachment-12926\" class=\"wp-caption-text\">@berlincore auf Twitter<\/p><\/div>\n<div id=\"attachment_12928\" style=\"width: 663px\" class=\"wp-caption aligncenter\"><img loading=\"lazy\" decoding=\"async\" aria-describedby=\"caption-attachment-12928\" class=\"wp-image-12928 size-full\" src=\"https:\/\/www.omsag.de\/proxy\/wp-content\/uploads\/2016\/01\/omsag.de_Blog_Marketing-Kampagnen-Handelsmarken_Ss-2.png\" alt=\"OMSAG-Blog: Marketing-Kampagnen Handelsmarken_Zitat 2\" width=\"653\" height=\"423\" \/><p id=\"caption-attachment-12928\" class=\"wp-caption-text\">Marco Ripanti auf Facebook<\/p><\/div>\n<div id=\"attachment_12930\" style=\"width: 653px\" class=\"wp-caption aligncenter\"><img loading=\"lazy\" decoding=\"async\" aria-describedby=\"caption-attachment-12930\" class=\"wp-image-12930 size-full\" src=\"https:\/\/www.omsag.de\/proxy\/wp-content\/uploads\/2016\/01\/omsag.de_Blog_Marketing-Kampagnen-Handelsmarken_Ss-3.png\" alt=\"OMSAG-Blog: Marketing-Kampagnen Handelsmarken_Zitat 3\" width=\"643\" height=\"624\" \/><p id=\"caption-attachment-12930\" class=\"wp-caption-text\">Micky Beisenherz auf Facebook<\/p><\/div>\n<div id=\"attachment_12932\" style=\"width: 877px\" class=\"wp-caption aligncenter\"><img loading=\"lazy\" decoding=\"async\" aria-describedby=\"caption-attachment-12932\" class=\"wp-image-12932 size-full\" src=\"https:\/\/www.omsag.de\/proxy\/wp-content\/uploads\/2016\/01\/omsag.de_Blog_Marketing-Kampagnen-Handelsmarken_Zitat-4.png\" alt=\"OMSAG-Blog_Marketing-Kampagnen Handelsmarken_Zitat 4\" width=\"867\" height=\"155\" \/><p id=\"caption-attachment-12932\" class=\"wp-caption-text\">@bmkraus auf Twitter<\/p><\/div>\n<div id=\"attachment_12933\" style=\"width: 905px\" class=\"wp-caption aligncenter\"><img loading=\"lazy\" decoding=\"async\" aria-describedby=\"caption-attachment-12933\" class=\"wp-image-12933 size-full\" src=\"https:\/\/www.omsag.de\/proxy\/wp-content\/uploads\/2016\/01\/omsag.de_Blog_Marketing-Kampagnen-Handelsmarken_Zitat-5.png\" alt=\"OMSAG-Blog_Marketing-Kampagnen Handelsmarken_Zitat 5\" width=\"895\" height=\"224\" \/><p id=\"caption-attachment-12933\" class=\"wp-caption-text\">@ralphruthe auf Twitter<\/p><\/div>\n<h2>Vermarktungsnachteile der Lebensmittelbranche umgehen?<\/h2>\n<p>Lebensmittel sind sicher schwieriger zu vermarkten als Trend-Produkte wie Smartphones oder Tablets: Die wenigsten werden mit Nahrung \u00a0Eigenschaften wie hip, cool, modern, innovativ usw. in Verbindung bringen (zumindest nicht, wenn man es ihnen vorher nicht \u00fcber Werbung vermittelt hat). Produkte in den Hintergrund zu stellen, k\u00f6nnte darum f\u00fcr Handelsketten wie EDEKA und REWE ein Weg sein, bestimmte Eigenschaften in Bezug auf die gesamte Marke in den K\u00f6pfen der Konsumenten zu verankern. <strong>Voraussetzung<\/strong>: Der Konsument bleibt gedanklich in der Lage, zwischen Werbung sowie Marke und Produkt selbst die Br\u00fccke zu schlagen (\u201eQuerdenker\u201c). Gelingt das nicht bzw. schaffen Unternehmen zu komplizierte, v\u00f6llig abstruse oder zu negativ besetzte Verbindungen, kann das Ganze nach hinten losgehen. Das Risiko k\u00f6nnte bestehen, das Produkt zu sehr in den Hintergrund zu verdr\u00e4ngen und nicht mehr die Zielgruppe zur G\u00e4nze zu erreichen.<\/p>\n<p>Wenn ein Produkt unter Qualit\u00e4ts- oder Imageproblemen leidet (nur theoretisch angenommen), reicht es dann aus, den Markennamen positiv zu besetzen? An dieser Stelle sollte erw\u00e4hnt werden, dass zur Weihnachtssaison vergangenen Jahres parallel weitere TV-Werbespots liefen, in denen sehr wohl noch Produkte, Logos u. \u00e4. der Marken mehrfach zu sehen waren. Wenn Handelsketten bzw. Superm\u00e4rkte wie EDEKA und REWE aber k\u00fcnftig intensiver diese Vermarktungsstrategie verfolgen, so w\u00e4re das <strong>Risiko mangelnden Produktbezugs<\/strong> zumindest im Hinterkopf zu behalten.<\/p>\n<h3>Verzicht auf plakative Produktplatzierungen und Markenstempel<\/h3>\n<p>Kennt ihr Familie Heins? Die Deutsche Telekom hat mit der sympathischen, fiktiven Familie einen direkt mit der Marke verbundenen Personenkreis eingef\u00fchrt, der \u00e4hnlich der \u201eNutella-Familie\u201c<strong> hohen Wiedererkennungswert und Pers\u00f6nlichkeit<\/strong> schafft. (Noch) wird dort nicht aufs Produkt verzichtet. So auch nicht im Telekom- Weihnachtsspot \u201eWeihnachten bei Familie Heins\u201c (Kreation: DDB). Zumindest wandern im Video aber s\u00e4mtliche technische Ger\u00e4tschaften in die Schublade, um sich zum Fest ganz besinnlich aufs Wesentliche zu konzentrieren. Ein Vorsto\u00df, der mit dem Telekom-Slogan \u201eErleben, was verbindet\u201c selbstironisch kokettiert.<\/p>\n<p>Das ist \u00fcbrigens bereits die 11. Episode mit Familie Heins, die sogar ihren eigenen YouTube-Kanal hat und nicht nur auf dem Telekom-Channel zu sehen ist. Wie die zwei gro\u00dfen Handelsketten in ihren Weihnachtsspots 2015, verzichtete auch die Telekom auf den <strong>plakativen \u201eMarkenstempel\u201c<\/strong>. Es w\u00fcrde mich auch nicht wundern, wenn das Ganze bald in Serie geht und Familie Heins GZSZ im Vorabend-Programm Konkurrenz macht. Oder wenn Friedrich Liechtenstein 2016 in seiner eigenen Daily Soap \u00fcber die deutschen Bildschirme flimmert \u2013 so \u00e4hnlich wie in der deutschen Comedyserie &#8222;Ritas Welt&#8220;, nur statt im Trispa-Supermarkt eben im EDEKA.<\/p>\n<p>In jedem Fall bin ich sehr gespannt, was die deutschen Handelsketten bzw. gro\u00dfen, bekannten Marken sich als n\u00e4chstes einfallen lassen. Ob die Richtung, die sie eingeschlagen haben, in diesem Jahr auch unabh\u00e4ngig vom Weihnachtsgesch\u00e4ft wegweisend bleiben wird? Mich pers\u00f6nlich spricht die Herangehensweise von EDEKA und REWE an. Denn die Marken (und ihre Kreativagenturen) stellen damit unter Beweis, dass sie sich trauen, \u00fcber g\u00e4ngige Marketing-Methoden hinauszublicken und vom Grundsatz her verstanden haben, dass platte Werbebotschaften uns nicht so tief von einer Marke \u00fcberzeugen k\u00f6nnen wie die <strong>\u201eEmpfehlung unseres eigenes Unterbewusstseins\u201c<\/strong>. (Man bedenke auch, dass das gesprochene Wort bei zwischenmenschlicher Kommunikation im Allgemeinen gegen\u00fcber der nonverbalen Kommunikation einen geringen Anteil ausmacht. Eine Hauruck- bzw. Schreihals-Marketing-Methode \u00e0 la \u201eWir sind die besten \u2013 kauft uns!\u201c tr\u00e4gt daher auch in der \u201eMarke-Konsument-Kommunikation\u201c vermutlich nicht langfristig Fr\u00fcchte.)<\/p>\n<p>Nun seid ihr an der Reihe: Was haltet ihr von den EDEKA- und REWE-Spots?<\/p>\n","protected":false},"excerpt":{"rendered":"<p>Die Lebensmittelbranche \u00a0hat sich zur Weihnachtszeit ordentlich ins Zeug gelegt. Wer sich die TV-Weihnachtsspots einiger gro\u00dfer deutscher Handelsketten Ende des vergangenen Jahres angeschaut hat, konnte schnell bemerken, dass klassische Produktplatzierung sicher nicht das erkl\u00e4rte Ziel war. Vielmehr zielte der Ansatz von EDEKA und REWE auf \u201eQuerdenker\u201c ab &#8211; und ist vielleicht eine neue Erfolgsstrategie, die [&hellip;]<\/p>\n","protected":false},"author":4,"featured_media":12924,"comment_status":"open","ping_status":"closed","sticky":false,"template":"","format":"standard","meta":{"content-type":"","footnotes":""},"categories":[155,35],"tags":[],"yoast_head":"<!-- This site is optimized with the Yoast SEO plugin v22.8 - https:\/\/yoast.com\/wordpress\/plugins\/seo\/ -->\n<title>Weihnachten 2016: Umdenken im Marketing deutscher Einzelh\u00e4ndler<\/title>\n<meta name=\"description\" content=\"Pure Besinnlichkeit statt platte Produktplatzierung: Ein Trend f\u00fcr die Marketing Strategie deutscher Einzelh\u00e4ndler 2016?\" \/>\n<meta name=\"robots\" content=\"index, follow, max-snippet:-1, max-image-preview:large, max-video-preview:-1\" \/>\n<link rel=\"canonical\" href=\"https:\/\/www.omsag.de\/proxy\/online-marketing-blog\/social-media\/pure-besinnlichkeit-statt-platte-produktplatzierung-bei-deutschen-handelsketten\/\" \/>\n<meta property=\"og:locale\" content=\"de_DE\" \/>\n<meta property=\"og:type\" content=\"article\" \/>\n<meta property=\"og:title\" content=\"Weihnachten 2016: Umdenken im Marketing deutscher Einzelh\u00e4ndler\" \/>\n<meta property=\"og:description\" content=\"Pure Besinnlichkeit statt platte Produktplatzierung: Ein Trend f\u00fcr die Marketing Strategie deutscher Einzelh\u00e4ndler 2016?\" \/>\n<meta property=\"og:url\" content=\"https:\/\/www.omsag.de\/proxy\/online-marketing-blog\/social-media\/pure-besinnlichkeit-statt-platte-produktplatzierung-bei-deutschen-handelsketten\/\" \/>\n<meta property=\"og:site_name\" content=\"Online Marketing &amp; Suchmaschinenmarketing Agentur OMSAG\" \/>\n<meta property=\"article:publisher\" content=\"https:\/\/www.facebook.com\/Online.Marketing.Solutions.AG\" \/>\n<meta property=\"article:published_time\" content=\"2016-01-12T12:30:08+00:00\" \/>\n<meta property=\"article:modified_time\" content=\"2018-11-20T11:13:29+00:00\" \/>\n<meta property=\"og:image\" content=\"https:\/\/www.omsag.de\/proxy\/wp-content\/uploads\/2016\/01\/Beitragsbild_Annika-Wurm_omsag.de_bb_Marketing-Kampagnen-deutscher-Handelsketten.png\" \/>\n\t<meta property=\"og:image:width\" content=\"1010\" \/>\n\t<meta property=\"og:image:height\" content=\"500\" \/>\n\t<meta property=\"og:image:type\" content=\"image\/png\" \/>\n<meta name=\"author\" content=\"Blogredaktion\" \/>\n<meta name=\"twitter:card\" content=\"summary_large_image\" \/>\n<meta name=\"twitter:label1\" content=\"Verfasst von\" \/>\n\t<meta name=\"twitter:data1\" content=\"Blogredaktion\" \/>\n\t<meta name=\"twitter:label2\" content=\"Gesch\u00e4tzte Lesezeit\" \/>\n\t<meta name=\"twitter:data2\" content=\"9\u00a0Minuten\" \/>\n<script type=\"application\/ld+json\" class=\"yoast-schema-graph\">{\"@context\":\"https:\/\/schema.org\",\"@graph\":[{\"@type\":\"Article\",\"@id\":\"https:\/\/www.omsag.de\/proxy\/online-marketing-blog\/social-media\/pure-besinnlichkeit-statt-platte-produktplatzierung-bei-deutschen-handelsketten\/#article\",\"isPartOf\":{\"@id\":\"https:\/\/www.omsag.de\/proxy\/online-marketing-blog\/social-media\/pure-besinnlichkeit-statt-platte-produktplatzierung-bei-deutschen-handelsketten\/\"},\"author\":{\"name\":\"Blogredaktion\",\"@id\":\"https:\/\/www.omsag.de\/proxy\/#\/schema\/person\/8dcdf1052bc5e4a5e82b494f96fba999\"},\"headline\":\"Pure Besinnlichkeit statt platte Produktplatzierung bei deutschen Handelsketten\",\"datePublished\":\"2016-01-12T12:30:08+00:00\",\"dateModified\":\"2018-11-20T11:13:29+00:00\",\"mainEntityOfPage\":{\"@id\":\"https:\/\/www.omsag.de\/proxy\/online-marketing-blog\/social-media\/pure-besinnlichkeit-statt-platte-produktplatzierung-bei-deutschen-handelsketten\/\"},\"wordCount\":1770,\"commentCount\":1,\"publisher\":{\"@id\":\"https:\/\/www.omsag.de\/proxy\/#organization\"},\"image\":{\"@id\":\"https:\/\/www.omsag.de\/proxy\/online-marketing-blog\/social-media\/pure-besinnlichkeit-statt-platte-produktplatzierung-bei-deutschen-handelsketten\/#primaryimage\"},\"thumbnailUrl\":\"https:\/\/www.omsag.de\/proxy\/wp-content\/uploads\/2016\/01\/Beitragsbild_Annika-Wurm_omsag.de_bb_Marketing-Kampagnen-deutscher-Handelsketten.png\",\"articleSection\":[\"Digi-Trends\",\"Social Media\"],\"inLanguage\":\"de\",\"potentialAction\":[{\"@type\":\"CommentAction\",\"name\":\"Comment\",\"target\":[\"https:\/\/www.omsag.de\/proxy\/online-marketing-blog\/social-media\/pure-besinnlichkeit-statt-platte-produktplatzierung-bei-deutschen-handelsketten\/#respond\"]}]},{\"@type\":\"WebPage\",\"@id\":\"https:\/\/www.omsag.de\/proxy\/online-marketing-blog\/social-media\/pure-besinnlichkeit-statt-platte-produktplatzierung-bei-deutschen-handelsketten\/\",\"url\":\"https:\/\/www.omsag.de\/proxy\/online-marketing-blog\/social-media\/pure-besinnlichkeit-statt-platte-produktplatzierung-bei-deutschen-handelsketten\/\",\"name\":\"Weihnachten 2016: Umdenken im Marketing deutscher Einzelh\u00e4ndler\",\"isPartOf\":{\"@id\":\"https:\/\/www.omsag.de\/proxy\/#website\"},\"primaryImageOfPage\":{\"@id\":\"https:\/\/www.omsag.de\/proxy\/online-marketing-blog\/social-media\/pure-besinnlichkeit-statt-platte-produktplatzierung-bei-deutschen-handelsketten\/#primaryimage\"},\"image\":{\"@id\":\"https:\/\/www.omsag.de\/proxy\/online-marketing-blog\/social-media\/pure-besinnlichkeit-statt-platte-produktplatzierung-bei-deutschen-handelsketten\/#primaryimage\"},\"thumbnailUrl\":\"https:\/\/www.omsag.de\/proxy\/wp-content\/uploads\/2016\/01\/Beitragsbild_Annika-Wurm_omsag.de_bb_Marketing-Kampagnen-deutscher-Handelsketten.png\",\"datePublished\":\"2016-01-12T12:30:08+00:00\",\"dateModified\":\"2018-11-20T11:13:29+00:00\",\"description\":\"Pure Besinnlichkeit statt platte Produktplatzierung: Ein Trend f\u00fcr die Marketing Strategie deutscher Einzelh\u00e4ndler 2016?\",\"breadcrumb\":{\"@id\":\"https:\/\/www.omsag.de\/proxy\/online-marketing-blog\/social-media\/pure-besinnlichkeit-statt-platte-produktplatzierung-bei-deutschen-handelsketten\/#breadcrumb\"},\"inLanguage\":\"de\",\"potentialAction\":[{\"@type\":\"ReadAction\",\"target\":[\"https:\/\/www.omsag.de\/proxy\/online-marketing-blog\/social-media\/pure-besinnlichkeit-statt-platte-produktplatzierung-bei-deutschen-handelsketten\/\"]}]},{\"@type\":\"ImageObject\",\"inLanguage\":\"de\",\"@id\":\"https:\/\/www.omsag.de\/proxy\/online-marketing-blog\/social-media\/pure-besinnlichkeit-statt-platte-produktplatzierung-bei-deutschen-handelsketten\/#primaryimage\",\"url\":\"https:\/\/www.omsag.de\/proxy\/wp-content\/uploads\/2016\/01\/Beitragsbild_Annika-Wurm_omsag.de_bb_Marketing-Kampagnen-deutscher-Handelsketten.png\",\"contentUrl\":\"https:\/\/www.omsag.de\/proxy\/wp-content\/uploads\/2016\/01\/Beitragsbild_Annika-Wurm_omsag.de_bb_Marketing-Kampagnen-deutscher-Handelsketten.png\",\"width\":1010,\"height\":500},{\"@type\":\"BreadcrumbList\",\"@id\":\"https:\/\/www.omsag.de\/proxy\/online-marketing-blog\/social-media\/pure-besinnlichkeit-statt-platte-produktplatzierung-bei-deutschen-handelsketten\/#breadcrumb\",\"itemListElement\":[{\"@type\":\"ListItem\",\"position\":1,\"name\":\"Startseite\",\"item\":\"https:\/\/www.omsag.de\/proxy\/\"},{\"@type\":\"ListItem\",\"position\":2,\"name\":\"Digi-Trends\",\"item\":\"https:\/\/www.omsag.de\/proxy\/online-marketing-blog\/digi-trends\/\"},{\"@type\":\"ListItem\",\"position\":3,\"name\":\"Pure Besinnlichkeit statt platte Produktplatzierung bei deutschen Handelsketten\"}]},{\"@type\":\"WebSite\",\"@id\":\"https:\/\/www.omsag.de\/proxy\/#website\",\"url\":\"https:\/\/www.omsag.de\/proxy\/\",\"name\":\"Online Marketing & Suchmaschinenmarketing Agentur OMSAG\",\"description\":\"\",\"publisher\":{\"@id\":\"https:\/\/www.omsag.de\/proxy\/#organization\"},\"potentialAction\":[{\"@type\":\"SearchAction\",\"target\":{\"@type\":\"EntryPoint\",\"urlTemplate\":\"https:\/\/www.omsag.de\/proxy\/?s={search_term_string}\"},\"query-input\":\"required name=search_term_string\"}],\"inLanguage\":\"de\"},{\"@type\":\"Organization\",\"@id\":\"https:\/\/www.omsag.de\/proxy\/#organization\",\"name\":\"OMSAG\",\"url\":\"https:\/\/www.omsag.de\/proxy\/\",\"logo\":{\"@type\":\"ImageObject\",\"inLanguage\":\"de\",\"@id\":\"https:\/\/www.omsag.de\/proxy\/#\/schema\/logo\/image\/\",\"url\":\"https:\/\/www.omsag.de\/proxy\/wp-content\/uploads\/2020\/08\/oms-logo-1.jpg\",\"contentUrl\":\"https:\/\/www.omsag.de\/proxy\/wp-content\/uploads\/2020\/08\/oms-logo-1.jpg\",\"width\":500,\"height\":148,\"caption\":\"OMSAG\"},\"image\":{\"@id\":\"https:\/\/www.omsag.de\/proxy\/#\/schema\/logo\/image\/\"},\"sameAs\":[\"https:\/\/www.facebook.com\/Online.Marketing.Solutions.AG\",\"https:\/\/www.instagram.com\/omsag\/\",\"https:\/\/de.linkedin.com\/company\/online-marketing-solutions-ag\"]},{\"@type\":\"Person\",\"@id\":\"https:\/\/www.omsag.de\/proxy\/#\/schema\/person\/8dcdf1052bc5e4a5e82b494f96fba999\",\"name\":\"Blogredaktion\",\"description\":\"Unter \u201eBlogredaktion\u201c werden Fachbeitr\u00e4ge verschiedener Experten aus dem Unternehmen ohne Autorenkennzeichnung publiziert. Ihr habt Fragen oder Anregungen zu einem speziellen Beitrag? Kein Problem, die Blogredaktion steht euch daf\u00fcr gerne hier zur Verf\u00fcgung.\",\"sameAs\":[\"https:\/\/www.omsag.de\"],\"url\":\"https:\/\/www.omsag.de\/proxy\/online-marketing-blog\/author\/blogredaktion\/\"}]}<\/script>\n<!-- \/ Yoast SEO plugin. -->","yoast_head_json":{"title":"Weihnachten 2016: Umdenken im Marketing deutscher Einzelh\u00e4ndler","description":"Pure Besinnlichkeit statt platte Produktplatzierung: Ein Trend f\u00fcr die Marketing Strategie deutscher Einzelh\u00e4ndler 2016?","robots":{"index":"index","follow":"follow","max-snippet":"max-snippet:-1","max-image-preview":"max-image-preview:large","max-video-preview":"max-video-preview:-1"},"canonical":"https:\/\/www.omsag.de\/proxy\/online-marketing-blog\/social-media\/pure-besinnlichkeit-statt-platte-produktplatzierung-bei-deutschen-handelsketten\/","og_locale":"de_DE","og_type":"article","og_title":"Weihnachten 2016: Umdenken im Marketing deutscher Einzelh\u00e4ndler","og_description":"Pure Besinnlichkeit statt platte Produktplatzierung: Ein Trend f\u00fcr die Marketing Strategie deutscher Einzelh\u00e4ndler 2016?","og_url":"https:\/\/www.omsag.de\/proxy\/online-marketing-blog\/social-media\/pure-besinnlichkeit-statt-platte-produktplatzierung-bei-deutschen-handelsketten\/","og_site_name":"Online Marketing &amp; Suchmaschinenmarketing Agentur OMSAG","article_publisher":"https:\/\/www.facebook.com\/Online.Marketing.Solutions.AG","article_published_time":"2016-01-12T12:30:08+00:00","article_modified_time":"2018-11-20T11:13:29+00:00","og_image":[{"width":1010,"height":500,"url":"https:\/\/www.omsag.de\/proxy\/wp-content\/uploads\/2016\/01\/Beitragsbild_Annika-Wurm_omsag.de_bb_Marketing-Kampagnen-deutscher-Handelsketten.png","type":"image\/png"}],"author":"Blogredaktion","twitter_card":"summary_large_image","twitter_misc":{"Verfasst von":"Blogredaktion","Gesch\u00e4tzte Lesezeit":"9\u00a0Minuten"},"schema":{"@context":"https:\/\/schema.org","@graph":[{"@type":"Article","@id":"https:\/\/www.omsag.de\/proxy\/online-marketing-blog\/social-media\/pure-besinnlichkeit-statt-platte-produktplatzierung-bei-deutschen-handelsketten\/#article","isPartOf":{"@id":"https:\/\/www.omsag.de\/proxy\/online-marketing-blog\/social-media\/pure-besinnlichkeit-statt-platte-produktplatzierung-bei-deutschen-handelsketten\/"},"author":{"name":"Blogredaktion","@id":"https:\/\/www.omsag.de\/proxy\/#\/schema\/person\/8dcdf1052bc5e4a5e82b494f96fba999"},"headline":"Pure Besinnlichkeit statt platte Produktplatzierung bei deutschen Handelsketten","datePublished":"2016-01-12T12:30:08+00:00","dateModified":"2018-11-20T11:13:29+00:00","mainEntityOfPage":{"@id":"https:\/\/www.omsag.de\/proxy\/online-marketing-blog\/social-media\/pure-besinnlichkeit-statt-platte-produktplatzierung-bei-deutschen-handelsketten\/"},"wordCount":1770,"commentCount":1,"publisher":{"@id":"https:\/\/www.omsag.de\/proxy\/#organization"},"image":{"@id":"https:\/\/www.omsag.de\/proxy\/online-marketing-blog\/social-media\/pure-besinnlichkeit-statt-platte-produktplatzierung-bei-deutschen-handelsketten\/#primaryimage"},"thumbnailUrl":"https:\/\/www.omsag.de\/proxy\/wp-content\/uploads\/2016\/01\/Beitragsbild_Annika-Wurm_omsag.de_bb_Marketing-Kampagnen-deutscher-Handelsketten.png","articleSection":["Digi-Trends","Social Media"],"inLanguage":"de","potentialAction":[{"@type":"CommentAction","name":"Comment","target":["https:\/\/www.omsag.de\/proxy\/online-marketing-blog\/social-media\/pure-besinnlichkeit-statt-platte-produktplatzierung-bei-deutschen-handelsketten\/#respond"]}]},{"@type":"WebPage","@id":"https:\/\/www.omsag.de\/proxy\/online-marketing-blog\/social-media\/pure-besinnlichkeit-statt-platte-produktplatzierung-bei-deutschen-handelsketten\/","url":"https:\/\/www.omsag.de\/proxy\/online-marketing-blog\/social-media\/pure-besinnlichkeit-statt-platte-produktplatzierung-bei-deutschen-handelsketten\/","name":"Weihnachten 2016: Umdenken im Marketing deutscher Einzelh\u00e4ndler","isPartOf":{"@id":"https:\/\/www.omsag.de\/proxy\/#website"},"primaryImageOfPage":{"@id":"https:\/\/www.omsag.de\/proxy\/online-marketing-blog\/social-media\/pure-besinnlichkeit-statt-platte-produktplatzierung-bei-deutschen-handelsketten\/#primaryimage"},"image":{"@id":"https:\/\/www.omsag.de\/proxy\/online-marketing-blog\/social-media\/pure-besinnlichkeit-statt-platte-produktplatzierung-bei-deutschen-handelsketten\/#primaryimage"},"thumbnailUrl":"https:\/\/www.omsag.de\/proxy\/wp-content\/uploads\/2016\/01\/Beitragsbild_Annika-Wurm_omsag.de_bb_Marketing-Kampagnen-deutscher-Handelsketten.png","datePublished":"2016-01-12T12:30:08+00:00","dateModified":"2018-11-20T11:13:29+00:00","description":"Pure Besinnlichkeit statt platte Produktplatzierung: Ein Trend f\u00fcr die Marketing Strategie deutscher Einzelh\u00e4ndler 2016?","breadcrumb":{"@id":"https:\/\/www.omsag.de\/proxy\/online-marketing-blog\/social-media\/pure-besinnlichkeit-statt-platte-produktplatzierung-bei-deutschen-handelsketten\/#breadcrumb"},"inLanguage":"de","potentialAction":[{"@type":"ReadAction","target":["https:\/\/www.omsag.de\/proxy\/online-marketing-blog\/social-media\/pure-besinnlichkeit-statt-platte-produktplatzierung-bei-deutschen-handelsketten\/"]}]},{"@type":"ImageObject","inLanguage":"de","@id":"https:\/\/www.omsag.de\/proxy\/online-marketing-blog\/social-media\/pure-besinnlichkeit-statt-platte-produktplatzierung-bei-deutschen-handelsketten\/#primaryimage","url":"https:\/\/www.omsag.de\/proxy\/wp-content\/uploads\/2016\/01\/Beitragsbild_Annika-Wurm_omsag.de_bb_Marketing-Kampagnen-deutscher-Handelsketten.png","contentUrl":"https:\/\/www.omsag.de\/proxy\/wp-content\/uploads\/2016\/01\/Beitragsbild_Annika-Wurm_omsag.de_bb_Marketing-Kampagnen-deutscher-Handelsketten.png","width":1010,"height":500},{"@type":"BreadcrumbList","@id":"https:\/\/www.omsag.de\/proxy\/online-marketing-blog\/social-media\/pure-besinnlichkeit-statt-platte-produktplatzierung-bei-deutschen-handelsketten\/#breadcrumb","itemListElement":[{"@type":"ListItem","position":1,"name":"Startseite","item":"https:\/\/www.omsag.de\/proxy\/"},{"@type":"ListItem","position":2,"name":"Digi-Trends","item":"https:\/\/www.omsag.de\/proxy\/online-marketing-blog\/digi-trends\/"},{"@type":"ListItem","position":3,"name":"Pure Besinnlichkeit statt platte Produktplatzierung bei deutschen Handelsketten"}]},{"@type":"WebSite","@id":"https:\/\/www.omsag.de\/proxy\/#website","url":"https:\/\/www.omsag.de\/proxy\/","name":"Online Marketing & Suchmaschinenmarketing Agentur OMSAG","description":"","publisher":{"@id":"https:\/\/www.omsag.de\/proxy\/#organization"},"potentialAction":[{"@type":"SearchAction","target":{"@type":"EntryPoint","urlTemplate":"https:\/\/www.omsag.de\/proxy\/?s={search_term_string}"},"query-input":"required name=search_term_string"}],"inLanguage":"de"},{"@type":"Organization","@id":"https:\/\/www.omsag.de\/proxy\/#organization","name":"OMSAG","url":"https:\/\/www.omsag.de\/proxy\/","logo":{"@type":"ImageObject","inLanguage":"de","@id":"https:\/\/www.omsag.de\/proxy\/#\/schema\/logo\/image\/","url":"https:\/\/www.omsag.de\/proxy\/wp-content\/uploads\/2020\/08\/oms-logo-1.jpg","contentUrl":"https:\/\/www.omsag.de\/proxy\/wp-content\/uploads\/2020\/08\/oms-logo-1.jpg","width":500,"height":148,"caption":"OMSAG"},"image":{"@id":"https:\/\/www.omsag.de\/proxy\/#\/schema\/logo\/image\/"},"sameAs":["https:\/\/www.facebook.com\/Online.Marketing.Solutions.AG","https:\/\/www.instagram.com\/omsag\/","https:\/\/de.linkedin.com\/company\/online-marketing-solutions-ag"]},{"@type":"Person","@id":"https:\/\/www.omsag.de\/proxy\/#\/schema\/person\/8dcdf1052bc5e4a5e82b494f96fba999","name":"Blogredaktion","description":"Unter \u201eBlogredaktion\u201c werden Fachbeitr\u00e4ge verschiedener Experten aus dem Unternehmen ohne Autorenkennzeichnung publiziert. Ihr habt Fragen oder Anregungen zu einem speziellen Beitrag? Kein Problem, die Blogredaktion steht euch daf\u00fcr gerne hier zur Verf\u00fcgung.","sameAs":["https:\/\/www.omsag.de"],"url":"https:\/\/www.omsag.de\/proxy\/online-marketing-blog\/author\/blogredaktion\/"}]}},"_links":{"self":[{"href":"https:\/\/www.omsag.de\/proxy\/wp-json\/wp\/v2\/posts\/12920"}],"collection":[{"href":"https:\/\/www.omsag.de\/proxy\/wp-json\/wp\/v2\/posts"}],"about":[{"href":"https:\/\/www.omsag.de\/proxy\/wp-json\/wp\/v2\/types\/post"}],"author":[{"embeddable":true,"href":"https:\/\/www.omsag.de\/proxy\/wp-json\/wp\/v2\/users\/4"}],"replies":[{"embeddable":true,"href":"https:\/\/www.omsag.de\/proxy\/wp-json\/wp\/v2\/comments?post=12920"}],"version-history":[{"count":0,"href":"https:\/\/www.omsag.de\/proxy\/wp-json\/wp\/v2\/posts\/12920\/revisions"}],"wp:featuredmedia":[{"embeddable":true,"href":"https:\/\/www.omsag.de\/proxy\/wp-json\/wp\/v2\/media\/12924"}],"wp:attachment":[{"href":"https:\/\/www.omsag.de\/proxy\/wp-json\/wp\/v2\/media?parent=12920"}],"wp:term":[{"taxonomy":"category","embeddable":true,"href":"https:\/\/www.omsag.de\/proxy\/wp-json\/wp\/v2\/categories?post=12920"},{"taxonomy":"post_tag","embeddable":true,"href":"https:\/\/www.omsag.de\/proxy\/wp-json\/wp\/v2\/tags?post=12920"}],"curies":[{"name":"wp","href":"https:\/\/api.w.org\/{rel}","templated":true}]}}