{"id":12174,"date":"2015-08-25T15:16:18","date_gmt":"2015-08-25T13:16:18","guid":{"rendered":"https:\/\/www.omsag.de\/?p=12174"},"modified":"2019-01-09T07:51:51","modified_gmt":"2019-01-09T06:51:51","slug":"die-omsag-azubis-auf-klassenfahrt","status":"publish","type":"post","link":"https:\/\/www.omsag.de\/proxy\/online-marketing-blog\/unternehmensnachrichten\/die-omsag-azubis-auf-klassenfahrt\/","title":{"rendered":"Die OMSAG-Azubis auf Klassenfahrt \u2013 Spa\u00df oder Arbeitsreise?"},"content":{"rendered":"<p>Zur Mediengestalter-Ausbildung geh\u00f6rt nicht nur die Arbeit im Betrieb und das B\u00fcffeln f\u00fcr die Schule, sondern auch eine <strong>Klassenfahrt mit Bildungsziel<\/strong>. Bevor ich zum Thema komme, muss ich aber ein kleines bisschen ausholen: <!--more-->Kurz nachdem wir Mediengestalter-Azubis aus dem 2. Lehrjahr,\u00a0 also Saskia, Alex, Felix und ich, 2013\u00a0 im Unternehmen angefangen hatten, kam direkt ein SEO-Contest mit dem Titel bzw. f\u00fcr den gleichnamigen Suchbegriff \u201eSEOKanzler\u201c auf uns zu. Der Wettbewerb war im Rahmen der Online-Marketing-Konferenz SEO-Day ausgerufen worden. Nachdem wir f\u00fcr Google Deutschland bereits den 2. Platz erzielen konnten, \u00fcbergaben unsere SEO-Profis die Verantwortung der Website f\u00fcr die \u00f6sterreichische Version des Wettbewerbs unter google.at uns Azubis. Dank wochenlangen Onpage-Optimierungen, intensiven Backlink-Aufbaus und vielen kreativen Texten gelang uns Azubis dann <strong>der gro\u00dfe Coup<\/strong>: Wir gewannen den SEO-Wettbewerb in \u00d6sterreich!<\/p>\n<p>Einige Tage darauf bekamen wir dann die positive Nachricht von unserer Firma, dass uns als <strong>Dankesch\u00f6n<\/strong> die bevorstehenden Klassenfahrten komplett bezahlt werden. Dies betraf unter anderem 2014 die Mediengestalter-Azubis Manuel, Fabio und Carsten, die jetzt k\u00fcrzlich ihre Ausbildung erfolgreich abgeschlossen haben. Und nun konnten auch wir aus dem 2. Lehrjahr im Juni dieses Jahres mit einem volleren Geldbeutel unsere Klassenfahrt nach Italien starten.<\/p>\n<p>Unserer Klassenfahrt nach Italien war <strong>mit verschiedenen Aufgaben bzw. Zielen verbunden<\/strong>. Der wichtigste Aspekt war das Sammeln von Bildern und Informationen zu den Bauten der italienischen Architektur im Stile des Barocks. Au\u00dferdem sollten wir die umbrische Landschaft Mittelitaliens fotografieren und dokumentieren. Zudem hatten wir bei dieser Klassenfahrt die M\u00f6glichkeit, die Sch\u00fcler aus den anderen Klassen n\u00e4her kennen zu lernen, mit denen wir im n\u00e4chsten Schuljahr, je nach Fachrichtung, den Unterricht verbringen d\u00fcrfen.<\/p>\n<p>Insgesamt dauerte die Busfahrt von Frankfurt am Main, genauer genommen von der Gutenbergschule, bis nach Torricella Di Magione rund 15 Stunden. Sowohl die Entfernung mit rund 1.100 km als auch die Geschwindigkeitsbegrenzung von maximal 80 km\/h des Busses machten die Fahrt zur <strong>wahren \u201eTour d&#8217;Italia\u201c<\/strong>. So kamen wir schlie\u00dflich am 14. Juni \u00a0gegen 21:00 Uhr Ortszeit ersch\u00f6pft und\u00a0 hungrig am Zielort an.<\/p>\n<h2>Perugia \u2013 Umbriens mittelalterliche Perle<\/h2>\n<p>Am n\u00e4chsten Tag fuhren wir gegen 08:00 Uhr morgens in die historische Altstadt nach Perugia. Die Altstadt ist gepr\u00e4gt von Bauten im Barockstil, von etruskischen Bauten und der europabekannten Schokoladenfabrik, welche mittlerweile Nestl\u00e9 geh\u00f6rt. Morgens hatten wir eine F\u00fchrung durch die Kirche San Pietro, die eine Mischung aus einem gotischen Stil und einem Barockstil erbaut ist. Anschlie\u00dfend f\u00fchrte uns ein deutscher Stadtf\u00fchrer durch die Altstadt und zeigte uns unter anderem den Brunnen Fontana Maggiore, welcher zu den sch\u00f6nsten und ber\u00fchmtesten Brunnen Italiens z\u00e4hlt. Nachher hatten wir noch Freizeit \u00fcbrig, um uns in der Stadt umzusehen. Unsere <strong>selbstgeschossenen Werke<\/strong> k\u00f6nnt ihr hier begutachten:<\/p>\n<h2>Chaos ist die Ordnung der Umbrier<\/h2>\n<p>Als wir dann wieder zur\u00fcck ins Hotel fahren wollten, kam die <strong>b\u00f6se \u00dcberraschung<\/strong>: Die Minimetro hatte einen Defekt, laut den ans\u00e4ssigen Italienern nichts Neues. Nach einer kurzen \u00dcberlegungszeit entschlossen die Lehrer, den Weg zum Bus bei sengender Hitze zu Fu\u00df hinabzugehen.<\/p>\n<p>Nachdem unser Lehrer dann merkte, dass wir zu Fu\u00df noch lange bis zum Hotel br\u00e4uchten, rief er den Busfahrer an und bestellte ihn direkt zu uns. Schon wenige Minuten sp\u00e4ter rief der Busfahrer zur\u00fcck und schilderte dem Lehrer <strong>ein Problem<\/strong>: Der Weg nach oben war eine Einbahnstra\u00dfe, die eigentlich nur von oben nach unten f\u00fchrt. Doch unser Busfahrer wollte uns bei diesen Temperaturen nicht noch l\u00e4nger laufen lassen. Da der Platz jedoch nicht zum Drehen reichte, tastete er sich langsam die Einbahnstra\u00dfe entlang, auf der uns genervte Autofahrer entgegenkamen. Unsere Lehrer \u00fcbernahmen daraufhin die Koordination: W\u00e4hrend einer unten mit vollem K\u00f6rpereinsatz die Fahrer anhielt, leitete ein anderer die restlichen Autofahrer an unserem Bus vorbei. Nachdem der Busfahrer uns durch die kaum mehr als drei Meter breite Stra\u00dfe nach unten gebracht hatte, gab es erstmals einen mehr als wohlverdienten Applaus der Klassen f\u00fcr den Busfahrer ohne Angst.<\/p>\n<p>Nach einem ordentlichen Abendessen feierten wir abends gem\u00fctlich &#8211; anfangs noch mit den Lehrern &#8211; unsere Italienfahrt mit ein, zwei k\u00fchlen Bier.<\/p>\n<h2>Orvieto \u2013 Der Fels in der Brandung<\/h2>\n<p>Am Dienstag fuhren wir dann rund 100 Kilometer nach S\u00fcden, um die alte <strong>etruskische Festungsstadt Orvieto<\/strong> zu erreichen. Die Stadt wurde im wahrsten Sinne des Wortes auf und aus Stein gebaut und liegt rund 60 Meter \u00fcber dem umliegenden Gel\u00e4nde. Bekannt ist die Stadt vor allem f\u00fcr ihren komplett aus Tuffstein bestehenden Dom sowie dem unter der Stadt liegenden und in Stein gegrabenen, Jahrhunderte alten Labyrinth aus Kellern, G\u00e4ngen und riesigen Zisternen der Etrusker und sp\u00e4ter den R\u00f6mern.<\/p>\n<p>Unsere Stadtf\u00fchrung \u00fcbernahm diesmal eine Frau. Von ihr erfuhren wir, dass es in der Stadt \u00fcber 1.200 Zisternen gibt, die \u00e4ltesten sind \u00fcber 2.000 Jahre alt und nicht \u00f6ffentlich betretbar. Die oben erw\u00e4hnten Zisternen waren dunkel, kalt und vor allem gr\u00f6\u00dfer als erwartet. Als wir die Zisternen wieder verlassen hatten und auf dem Weg zum Dom waren, entdeckten wir dann folgendes <strong>Kuriosum<\/strong>, dass zu unserem Unternehmen mit Kernkompetenz SEO besser nicht h\u00e4tte passen k\u00f6nnen: Ein altes Geb\u00e4ude mit einem unbekannten <strong>Wappen und der Inschrift \u201eMVSEO\u201c<\/strong>: Zuf\u00e4lle gibt\u2019s, die gibt es nicht.<\/p>\n<p>Im Anschluss konnten wir den Dom leider nur von au\u00dfen betrachten und fotografieren und machten uns auf dem Weg zum Franziskanerkloster von La Scarzuola. <strong>Das Besondere<\/strong> am Kloster ist nicht das Kloster an sich, sondern die Theater sowie die \u201eIdealstadt\u201c im \u00a0Garten. Die sieben Theater im Inneren waren reich geschm\u00fcckt und stellen unter anderem historische Bauten im Miniatur-Format nach. \u00a0Nach einer rund zweist\u00fcndigen F\u00fchrung fuhren wir allesamt ersch\u00f6pft zur\u00fcck und lie\u00dfen den Abend entspannt ausklingen.<\/p>\n<h2>Die Insel des Grauens? Schwarze Bienen? Alles halb so schlimm!<\/h2>\n<p>Am n\u00e4chsten Morgen fuhren wir mit einem etwas altersschwachen Boot zur Zwillingsinsel \u201eIsola Maggiore\u201c. Die Insel Maggiore wurde schon vor dem 12. Jahrhundert besiedelt und bot uns einen sch\u00f6nen Ausblick auf den See sowie die\u00a0 einzige autofreie Wohnstra\u00dfe Norditaliens, beherbergte aber leider auch viele, vieeeeele Holzbienen. Dort konnten wir unsere Seele baumeln lassen, spazieren und Eis essen gehen und die Aussicht genie\u00dfen. Die oben angesprochenen Holzbienen sind ihrem Namen nach keine typisch gelben Bienen, wie wir sie aus Deutschland kennen, sondern schwarze Bienen, die eher im Unterholz wohnen und gew\u00f6hnlich st\u00e4rker und kr\u00e4ftiger als die uns bekannten Bienen sind. Das <strong>Bizarre<\/strong> an diesen Bienen, oder eher an der Insel, war die hohe Anzahl der Holzbienen, die diese Insel bewohnen. Das Wort \u201eSchwarm\u201c zu benutzen, ist fast schon untertrieben, denn es gab quasi keinen \u201eHolzbienenfreien\u201c Baum auf der Insel.<\/p>\n<p>Nach unserem kleinen Ausflug fuhren anschlie\u00dfend nochmal nach Perugia, um die <strong>Schokoladenfabrik Baci Perugina<\/strong> zu besuchen. Diese landesweit- und europabekannte Schokoladenfabrik ist sehr gro\u00df, und roch schon 50 Meter vor der Fabrik roch nach Schokolade. Der erste Teil der Besichtigung bestand aus einem Film zur Historie der Fabrik. Danach bekamen wir eine moderierte F\u00fchrung durch das Museum, bei dem uns die alten und neuen Produkte in einer Zeitlinie gezeigt und beschrieben wurden. Anschlie\u00dfend durften wir die dort hergestellte Schokolade probieren, bevor es in die Produktionshallen ging. Danach machten wir einen Abstecher in den Supermarkt und verbrachten den Abend wie gewohnt mit k\u00fchlen Getr\u00e4nken am hauseigenen Pool.<\/p>\n<h2>Adriatische K\u00fcste \u2013 Entspannung muss auch mal sein<\/h2>\n<p>Am Donnerstag, dem 18. Juni 2015, also dem vorletzten Tag der Klassenfahrt, entschieden unsere Lehrer, den Tag gem\u00fctlich bei sch\u00f6nem sonnigen Wetter am Strand an der adriatischen K\u00fcste zu verbringen. Als wir ankamen waren es <strong>gef\u00fchlte 35 Grad<\/strong>. So vergn\u00fcgten wir uns ganze f\u00fcnf Stunden am Stand, spielten im Wasser Ballsport, tauchten und schwammen, gingen zur Mittagszeit essen und lagen faul in der Sonne, bis wir Abends gegen 17:00 Uhr ersch\u00f6pft wieder ins Hotel zur\u00fcck fuhren. F\u00fcr den Rest des Abends wurde ein Grillfest am Pool des Hotels angek\u00fcndigt. Es wurde frisches Fleisch zubereitet, in Form von Spie\u00dfen und W\u00fcrstchen, Steaks und anderen Grillspezialt\u00e4ten. Obendrauf gab es noch Salat und selbstgemachte Pizza. So verging der Tag schnell und die darauffolgende Nacht ebenso.<\/p>\n<h2><strong>Auf dem Weg nach Hause \u2013 Das Fazit der Klassenfahrt<\/strong><\/h2>\n<p>Am letzten Morgen in Italien waren die meisten m\u00fcde und ausgelaugt von den anstrengenden Tagen, sodass \u00fcber die H\u00e4lfte nicht zum Fr\u00fchst\u00fcck erschien. Kurz nach 08.00 Uhr fuhren wir morgens wieder Richtung Frankfurt los. Die meisten schliefen \u00fcber die H\u00e4lfte der Busfahrt, inklusive mir. So kamen wir kurz nach 23:00 Uhr an der Gutenbergschule an und nach einer kurzen <strong>Verabschiedung <\/strong>untereinander ging jeder nach Hause.<\/p>\n<p>Die Fahrt nach Italien war f\u00fcr mich und ich denke mal auch die meisten anderen eine <strong>tolle und entspannende Woche<\/strong>. Wir fuhren viel mit dem Bus und sahen aufgrunddessen die sch\u00f6ne Landschaft Mittelitaliens. Die St\u00e4dte und die alten Bauten hatten einen sch\u00f6nes mediterranes Flair, waren dementsprechend alt und geschichtstr\u00e4chtig sowie im Barock-Stil gebaut, was ja f\u00fcr unser abschlie\u00dfendes Klassenprojekt im kommenden Schuljahr essentiell wichtig ist. Wir haben daf\u00fcr genug Fotos gemacht, einiges an Wissen mitgenommen und der Spa\u00df kam durch die fair gehaltenen Freizeiten ebenfalls nicht zu kurz.<\/p>\n<p>Hier zum Abschluss noch einige <strong>weitere sch\u00f6ne Bilder bzw. Impressionen<\/strong> unserer Fahrt nach Italien:<\/p>\n","protected":false},"excerpt":{"rendered":"<p>Zur Mediengestalter-Ausbildung geh\u00f6rt nicht nur die Arbeit im Betrieb und das B\u00fcffeln f\u00fcr die Schule, sondern auch eine Klassenfahrt mit Bildungsziel. Bevor ich zum Thema komme, muss ich aber ein kleines bisschen ausholen:<\/p>\n","protected":false},"author":4,"featured_media":12270,"comment_status":"open","ping_status":"closed","sticky":false,"template":"","format":"standard","meta":{"content-type":"","footnotes":""},"categories":[39],"tags":[],"yoast_head":"<!-- This site is optimized with the Yoast SEO plugin v22.8 - https:\/\/yoast.com\/wordpress\/plugins\/seo\/ -->\n<title>Die OMSAG-Azubis auf Klassenfahrt in Italien<\/title>\n<meta name=\"description\" content=\"Was unsere Mediengestalter-Azubis aus dem 2. Lehrjahr auf ihrer KIassenfahrt erlebt haben? Azubi Sergej berichtet hier auf unserem Blog.\" \/>\n<meta name=\"robots\" content=\"index, follow, max-snippet:-1, max-image-preview:large, max-video-preview:-1\" \/>\n<link rel=\"canonical\" href=\"https:\/\/www.omsag.de\/proxy\/online-marketing-blog\/unternehmensnachrichten\/die-omsag-azubis-auf-klassenfahrt\/\" \/>\n<meta property=\"og:locale\" content=\"de_DE\" \/>\n<meta property=\"og:type\" content=\"article\" \/>\n<meta property=\"og:title\" content=\"Die OMSAG-Azubis auf Klassenfahrt in Italien\" \/>\n<meta property=\"og:description\" content=\"Was unsere Mediengestalter-Azubis aus dem 2. Lehrjahr auf ihrer KIassenfahrt erlebt haben? Azubi Sergej berichtet hier auf unserem Blog.\" \/>\n<meta property=\"og:url\" content=\"https:\/\/www.omsag.de\/proxy\/online-marketing-blog\/unternehmensnachrichten\/die-omsag-azubis-auf-klassenfahrt\/\" \/>\n<meta property=\"og:site_name\" content=\"Online Marketing &amp; Suchmaschinenmarketing Agentur OMSAG\" \/>\n<meta property=\"article:publisher\" content=\"https:\/\/www.facebook.com\/Online.Marketing.Solutions.AG\" \/>\n<meta property=\"article:published_time\" content=\"2015-08-25T13:16:18+00:00\" \/>\n<meta property=\"article:modified_time\" content=\"2019-01-09T06:51:51+00:00\" \/>\n<meta property=\"og:image\" content=\"https:\/\/www.omsag.de\/proxy\/wp-content\/uploads\/2015\/08\/omsag.de_header-blogbeitrag_italien.jpg\" \/>\n\t<meta property=\"og:image:width\" content=\"1006\" \/>\n\t<meta property=\"og:image:height\" content=\"560\" \/>\n\t<meta property=\"og:image:type\" content=\"image\/jpeg\" \/>\n<meta name=\"author\" content=\"Blogredaktion\" \/>\n<meta name=\"twitter:card\" content=\"summary_large_image\" \/>\n<meta name=\"twitter:label1\" content=\"Verfasst von\" \/>\n\t<meta name=\"twitter:data1\" content=\"Blogredaktion\" \/>\n\t<meta name=\"twitter:label2\" content=\"Gesch\u00e4tzte Lesezeit\" \/>\n\t<meta name=\"twitter:data2\" content=\"8\u00a0Minuten\" \/>\n<script type=\"application\/ld+json\" class=\"yoast-schema-graph\">{\"@context\":\"https:\/\/schema.org\",\"@graph\":[{\"@type\":\"Article\",\"@id\":\"https:\/\/www.omsag.de\/proxy\/online-marketing-blog\/unternehmensnachrichten\/die-omsag-azubis-auf-klassenfahrt\/#article\",\"isPartOf\":{\"@id\":\"https:\/\/www.omsag.de\/proxy\/online-marketing-blog\/unternehmensnachrichten\/die-omsag-azubis-auf-klassenfahrt\/\"},\"author\":{\"name\":\"Blogredaktion\",\"@id\":\"https:\/\/www.omsag.de\/proxy\/#\/schema\/person\/8dcdf1052bc5e4a5e82b494f96fba999\"},\"headline\":\"Die OMSAG-Azubis auf Klassenfahrt \u2013 Spa\u00df oder Arbeitsreise?\",\"datePublished\":\"2015-08-25T13:16:18+00:00\",\"dateModified\":\"2019-01-09T06:51:51+00:00\",\"mainEntityOfPage\":{\"@id\":\"https:\/\/www.omsag.de\/proxy\/online-marketing-blog\/unternehmensnachrichten\/die-omsag-azubis-auf-klassenfahrt\/\"},\"wordCount\":1547,\"commentCount\":0,\"publisher\":{\"@id\":\"https:\/\/www.omsag.de\/proxy\/#organization\"},\"image\":{\"@id\":\"https:\/\/www.omsag.de\/proxy\/online-marketing-blog\/unternehmensnachrichten\/die-omsag-azubis-auf-klassenfahrt\/#primaryimage\"},\"thumbnailUrl\":\"https:\/\/www.omsag.de\/proxy\/wp-content\/uploads\/2015\/08\/omsag.de_header-blogbeitrag_italien.jpg\",\"articleSection\":[\"Unternehmensnachrichten\"],\"inLanguage\":\"de\",\"potentialAction\":[{\"@type\":\"CommentAction\",\"name\":\"Comment\",\"target\":[\"https:\/\/www.omsag.de\/proxy\/online-marketing-blog\/unternehmensnachrichten\/die-omsag-azubis-auf-klassenfahrt\/#respond\"]}]},{\"@type\":\"WebPage\",\"@id\":\"https:\/\/www.omsag.de\/proxy\/online-marketing-blog\/unternehmensnachrichten\/die-omsag-azubis-auf-klassenfahrt\/\",\"url\":\"https:\/\/www.omsag.de\/proxy\/online-marketing-blog\/unternehmensnachrichten\/die-omsag-azubis-auf-klassenfahrt\/\",\"name\":\"Die OMSAG-Azubis auf Klassenfahrt in Italien\",\"isPartOf\":{\"@id\":\"https:\/\/www.omsag.de\/proxy\/#website\"},\"primaryImageOfPage\":{\"@id\":\"https:\/\/www.omsag.de\/proxy\/online-marketing-blog\/unternehmensnachrichten\/die-omsag-azubis-auf-klassenfahrt\/#primaryimage\"},\"image\":{\"@id\":\"https:\/\/www.omsag.de\/proxy\/online-marketing-blog\/unternehmensnachrichten\/die-omsag-azubis-auf-klassenfahrt\/#primaryimage\"},\"thumbnailUrl\":\"https:\/\/www.omsag.de\/proxy\/wp-content\/uploads\/2015\/08\/omsag.de_header-blogbeitrag_italien.jpg\",\"datePublished\":\"2015-08-25T13:16:18+00:00\",\"dateModified\":\"2019-01-09T06:51:51+00:00\",\"description\":\"Was unsere Mediengestalter-Azubis aus dem 2. Lehrjahr auf ihrer KIassenfahrt erlebt haben? Azubi Sergej berichtet hier auf unserem Blog.\",\"breadcrumb\":{\"@id\":\"https:\/\/www.omsag.de\/proxy\/online-marketing-blog\/unternehmensnachrichten\/die-omsag-azubis-auf-klassenfahrt\/#breadcrumb\"},\"inLanguage\":\"de\",\"potentialAction\":[{\"@type\":\"ReadAction\",\"target\":[\"https:\/\/www.omsag.de\/proxy\/online-marketing-blog\/unternehmensnachrichten\/die-omsag-azubis-auf-klassenfahrt\/\"]}]},{\"@type\":\"ImageObject\",\"inLanguage\":\"de\",\"@id\":\"https:\/\/www.omsag.de\/proxy\/online-marketing-blog\/unternehmensnachrichten\/die-omsag-azubis-auf-klassenfahrt\/#primaryimage\",\"url\":\"https:\/\/www.omsag.de\/proxy\/wp-content\/uploads\/2015\/08\/omsag.de_header-blogbeitrag_italien.jpg\",\"contentUrl\":\"https:\/\/www.omsag.de\/proxy\/wp-content\/uploads\/2015\/08\/omsag.de_header-blogbeitrag_italien.jpg\",\"width\":1006,\"height\":560,\"caption\":\"Klassenfahrt nach Italien: Azubi Sergej berichtet\"},{\"@type\":\"BreadcrumbList\",\"@id\":\"https:\/\/www.omsag.de\/proxy\/online-marketing-blog\/unternehmensnachrichten\/die-omsag-azubis-auf-klassenfahrt\/#breadcrumb\",\"itemListElement\":[{\"@type\":\"ListItem\",\"position\":1,\"name\":\"Startseite\",\"item\":\"https:\/\/www.omsag.de\/proxy\/\"},{\"@type\":\"ListItem\",\"position\":2,\"name\":\"Unternehmensnachrichten\",\"item\":\"https:\/\/www.omsag.de\/proxy\/online-marketing-blog\/unternehmensnachrichten\/\"},{\"@type\":\"ListItem\",\"position\":3,\"name\":\"Die OMSAG-Azubis auf Klassenfahrt \u2013 Spa\u00df oder Arbeitsreise?\"}]},{\"@type\":\"WebSite\",\"@id\":\"https:\/\/www.omsag.de\/proxy\/#website\",\"url\":\"https:\/\/www.omsag.de\/proxy\/\",\"name\":\"Online Marketing & Suchmaschinenmarketing Agentur OMSAG\",\"description\":\"\",\"publisher\":{\"@id\":\"https:\/\/www.omsag.de\/proxy\/#organization\"},\"potentialAction\":[{\"@type\":\"SearchAction\",\"target\":{\"@type\":\"EntryPoint\",\"urlTemplate\":\"https:\/\/www.omsag.de\/proxy\/?s={search_term_string}\"},\"query-input\":\"required name=search_term_string\"}],\"inLanguage\":\"de\"},{\"@type\":\"Organization\",\"@id\":\"https:\/\/www.omsag.de\/proxy\/#organization\",\"name\":\"OMSAG\",\"url\":\"https:\/\/www.omsag.de\/proxy\/\",\"logo\":{\"@type\":\"ImageObject\",\"inLanguage\":\"de\",\"@id\":\"https:\/\/www.omsag.de\/proxy\/#\/schema\/logo\/image\/\",\"url\":\"https:\/\/www.omsag.de\/proxy\/wp-content\/uploads\/2020\/08\/oms-logo-1.jpg\",\"contentUrl\":\"https:\/\/www.omsag.de\/proxy\/wp-content\/uploads\/2020\/08\/oms-logo-1.jpg\",\"width\":500,\"height\":148,\"caption\":\"OMSAG\"},\"image\":{\"@id\":\"https:\/\/www.omsag.de\/proxy\/#\/schema\/logo\/image\/\"},\"sameAs\":[\"https:\/\/www.facebook.com\/Online.Marketing.Solutions.AG\",\"https:\/\/www.instagram.com\/omsag\/\",\"https:\/\/de.linkedin.com\/company\/online-marketing-solutions-ag\"]},{\"@type\":\"Person\",\"@id\":\"https:\/\/www.omsag.de\/proxy\/#\/schema\/person\/8dcdf1052bc5e4a5e82b494f96fba999\",\"name\":\"Blogredaktion\",\"description\":\"Unter \u201eBlogredaktion\u201c werden Fachbeitr\u00e4ge verschiedener Experten aus dem Unternehmen ohne Autorenkennzeichnung publiziert. Ihr habt Fragen oder Anregungen zu einem speziellen Beitrag? Kein Problem, die Blogredaktion steht euch daf\u00fcr gerne hier zur Verf\u00fcgung.\",\"sameAs\":[\"https:\/\/www.omsag.de\"],\"url\":\"https:\/\/www.omsag.de\/proxy\/online-marketing-blog\/author\/blogredaktion\/\"}]}<\/script>\n<!-- \/ Yoast SEO plugin. -->","yoast_head_json":{"title":"Die OMSAG-Azubis auf Klassenfahrt in Italien","description":"Was unsere Mediengestalter-Azubis aus dem 2. Lehrjahr auf ihrer KIassenfahrt erlebt haben? Azubi Sergej berichtet hier auf unserem Blog.","robots":{"index":"index","follow":"follow","max-snippet":"max-snippet:-1","max-image-preview":"max-image-preview:large","max-video-preview":"max-video-preview:-1"},"canonical":"https:\/\/www.omsag.de\/proxy\/online-marketing-blog\/unternehmensnachrichten\/die-omsag-azubis-auf-klassenfahrt\/","og_locale":"de_DE","og_type":"article","og_title":"Die OMSAG-Azubis auf Klassenfahrt in Italien","og_description":"Was unsere Mediengestalter-Azubis aus dem 2. Lehrjahr auf ihrer KIassenfahrt erlebt haben? Azubi Sergej berichtet hier auf unserem Blog.","og_url":"https:\/\/www.omsag.de\/proxy\/online-marketing-blog\/unternehmensnachrichten\/die-omsag-azubis-auf-klassenfahrt\/","og_site_name":"Online Marketing &amp; Suchmaschinenmarketing Agentur OMSAG","article_publisher":"https:\/\/www.facebook.com\/Online.Marketing.Solutions.AG","article_published_time":"2015-08-25T13:16:18+00:00","article_modified_time":"2019-01-09T06:51:51+00:00","og_image":[{"width":1006,"height":560,"url":"https:\/\/www.omsag.de\/proxy\/wp-content\/uploads\/2015\/08\/omsag.de_header-blogbeitrag_italien.jpg","type":"image\/jpeg"}],"author":"Blogredaktion","twitter_card":"summary_large_image","twitter_misc":{"Verfasst von":"Blogredaktion","Gesch\u00e4tzte Lesezeit":"8\u00a0Minuten"},"schema":{"@context":"https:\/\/schema.org","@graph":[{"@type":"Article","@id":"https:\/\/www.omsag.de\/proxy\/online-marketing-blog\/unternehmensnachrichten\/die-omsag-azubis-auf-klassenfahrt\/#article","isPartOf":{"@id":"https:\/\/www.omsag.de\/proxy\/online-marketing-blog\/unternehmensnachrichten\/die-omsag-azubis-auf-klassenfahrt\/"},"author":{"name":"Blogredaktion","@id":"https:\/\/www.omsag.de\/proxy\/#\/schema\/person\/8dcdf1052bc5e4a5e82b494f96fba999"},"headline":"Die OMSAG-Azubis auf Klassenfahrt \u2013 Spa\u00df oder Arbeitsreise?","datePublished":"2015-08-25T13:16:18+00:00","dateModified":"2019-01-09T06:51:51+00:00","mainEntityOfPage":{"@id":"https:\/\/www.omsag.de\/proxy\/online-marketing-blog\/unternehmensnachrichten\/die-omsag-azubis-auf-klassenfahrt\/"},"wordCount":1547,"commentCount":0,"publisher":{"@id":"https:\/\/www.omsag.de\/proxy\/#organization"},"image":{"@id":"https:\/\/www.omsag.de\/proxy\/online-marketing-blog\/unternehmensnachrichten\/die-omsag-azubis-auf-klassenfahrt\/#primaryimage"},"thumbnailUrl":"https:\/\/www.omsag.de\/proxy\/wp-content\/uploads\/2015\/08\/omsag.de_header-blogbeitrag_italien.jpg","articleSection":["Unternehmensnachrichten"],"inLanguage":"de","potentialAction":[{"@type":"CommentAction","name":"Comment","target":["https:\/\/www.omsag.de\/proxy\/online-marketing-blog\/unternehmensnachrichten\/die-omsag-azubis-auf-klassenfahrt\/#respond"]}]},{"@type":"WebPage","@id":"https:\/\/www.omsag.de\/proxy\/online-marketing-blog\/unternehmensnachrichten\/die-omsag-azubis-auf-klassenfahrt\/","url":"https:\/\/www.omsag.de\/proxy\/online-marketing-blog\/unternehmensnachrichten\/die-omsag-azubis-auf-klassenfahrt\/","name":"Die OMSAG-Azubis auf Klassenfahrt in Italien","isPartOf":{"@id":"https:\/\/www.omsag.de\/proxy\/#website"},"primaryImageOfPage":{"@id":"https:\/\/www.omsag.de\/proxy\/online-marketing-blog\/unternehmensnachrichten\/die-omsag-azubis-auf-klassenfahrt\/#primaryimage"},"image":{"@id":"https:\/\/www.omsag.de\/proxy\/online-marketing-blog\/unternehmensnachrichten\/die-omsag-azubis-auf-klassenfahrt\/#primaryimage"},"thumbnailUrl":"https:\/\/www.omsag.de\/proxy\/wp-content\/uploads\/2015\/08\/omsag.de_header-blogbeitrag_italien.jpg","datePublished":"2015-08-25T13:16:18+00:00","dateModified":"2019-01-09T06:51:51+00:00","description":"Was unsere Mediengestalter-Azubis aus dem 2. Lehrjahr auf ihrer KIassenfahrt erlebt haben? Azubi Sergej berichtet hier auf unserem Blog.","breadcrumb":{"@id":"https:\/\/www.omsag.de\/proxy\/online-marketing-blog\/unternehmensnachrichten\/die-omsag-azubis-auf-klassenfahrt\/#breadcrumb"},"inLanguage":"de","potentialAction":[{"@type":"ReadAction","target":["https:\/\/www.omsag.de\/proxy\/online-marketing-blog\/unternehmensnachrichten\/die-omsag-azubis-auf-klassenfahrt\/"]}]},{"@type":"ImageObject","inLanguage":"de","@id":"https:\/\/www.omsag.de\/proxy\/online-marketing-blog\/unternehmensnachrichten\/die-omsag-azubis-auf-klassenfahrt\/#primaryimage","url":"https:\/\/www.omsag.de\/proxy\/wp-content\/uploads\/2015\/08\/omsag.de_header-blogbeitrag_italien.jpg","contentUrl":"https:\/\/www.omsag.de\/proxy\/wp-content\/uploads\/2015\/08\/omsag.de_header-blogbeitrag_italien.jpg","width":1006,"height":560,"caption":"Klassenfahrt nach Italien: Azubi Sergej berichtet"},{"@type":"BreadcrumbList","@id":"https:\/\/www.omsag.de\/proxy\/online-marketing-blog\/unternehmensnachrichten\/die-omsag-azubis-auf-klassenfahrt\/#breadcrumb","itemListElement":[{"@type":"ListItem","position":1,"name":"Startseite","item":"https:\/\/www.omsag.de\/proxy\/"},{"@type":"ListItem","position":2,"name":"Unternehmensnachrichten","item":"https:\/\/www.omsag.de\/proxy\/online-marketing-blog\/unternehmensnachrichten\/"},{"@type":"ListItem","position":3,"name":"Die OMSAG-Azubis auf Klassenfahrt \u2013 Spa\u00df oder Arbeitsreise?"}]},{"@type":"WebSite","@id":"https:\/\/www.omsag.de\/proxy\/#website","url":"https:\/\/www.omsag.de\/proxy\/","name":"Online Marketing & Suchmaschinenmarketing Agentur OMSAG","description":"","publisher":{"@id":"https:\/\/www.omsag.de\/proxy\/#organization"},"potentialAction":[{"@type":"SearchAction","target":{"@type":"EntryPoint","urlTemplate":"https:\/\/www.omsag.de\/proxy\/?s={search_term_string}"},"query-input":"required name=search_term_string"}],"inLanguage":"de"},{"@type":"Organization","@id":"https:\/\/www.omsag.de\/proxy\/#organization","name":"OMSAG","url":"https:\/\/www.omsag.de\/proxy\/","logo":{"@type":"ImageObject","inLanguage":"de","@id":"https:\/\/www.omsag.de\/proxy\/#\/schema\/logo\/image\/","url":"https:\/\/www.omsag.de\/proxy\/wp-content\/uploads\/2020\/08\/oms-logo-1.jpg","contentUrl":"https:\/\/www.omsag.de\/proxy\/wp-content\/uploads\/2020\/08\/oms-logo-1.jpg","width":500,"height":148,"caption":"OMSAG"},"image":{"@id":"https:\/\/www.omsag.de\/proxy\/#\/schema\/logo\/image\/"},"sameAs":["https:\/\/www.facebook.com\/Online.Marketing.Solutions.AG","https:\/\/www.instagram.com\/omsag\/","https:\/\/de.linkedin.com\/company\/online-marketing-solutions-ag"]},{"@type":"Person","@id":"https:\/\/www.omsag.de\/proxy\/#\/schema\/person\/8dcdf1052bc5e4a5e82b494f96fba999","name":"Blogredaktion","description":"Unter \u201eBlogredaktion\u201c werden Fachbeitr\u00e4ge verschiedener Experten aus dem Unternehmen ohne Autorenkennzeichnung publiziert. Ihr habt Fragen oder Anregungen zu einem speziellen Beitrag? Kein Problem, die Blogredaktion steht euch daf\u00fcr gerne hier zur Verf\u00fcgung.","sameAs":["https:\/\/www.omsag.de"],"url":"https:\/\/www.omsag.de\/proxy\/online-marketing-blog\/author\/blogredaktion\/"}]}},"_links":{"self":[{"href":"https:\/\/www.omsag.de\/proxy\/wp-json\/wp\/v2\/posts\/12174"}],"collection":[{"href":"https:\/\/www.omsag.de\/proxy\/wp-json\/wp\/v2\/posts"}],"about":[{"href":"https:\/\/www.omsag.de\/proxy\/wp-json\/wp\/v2\/types\/post"}],"author":[{"embeddable":true,"href":"https:\/\/www.omsag.de\/proxy\/wp-json\/wp\/v2\/users\/4"}],"replies":[{"embeddable":true,"href":"https:\/\/www.omsag.de\/proxy\/wp-json\/wp\/v2\/comments?post=12174"}],"version-history":[{"count":0,"href":"https:\/\/www.omsag.de\/proxy\/wp-json\/wp\/v2\/posts\/12174\/revisions"}],"wp:featuredmedia":[{"embeddable":true,"href":"https:\/\/www.omsag.de\/proxy\/wp-json\/wp\/v2\/media\/12270"}],"wp:attachment":[{"href":"https:\/\/www.omsag.de\/proxy\/wp-json\/wp\/v2\/media?parent=12174"}],"wp:term":[{"taxonomy":"category","embeddable":true,"href":"https:\/\/www.omsag.de\/proxy\/wp-json\/wp\/v2\/categories?post=12174"},{"taxonomy":"post_tag","embeddable":true,"href":"https:\/\/www.omsag.de\/proxy\/wp-json\/wp\/v2\/tags?post=12174"}],"curies":[{"name":"wp","href":"https:\/\/api.w.org\/{rel}","templated":true}]}}