{"id":11905,"date":"2015-08-03T14:21:06","date_gmt":"2015-08-03T12:21:06","guid":{"rendered":"https:\/\/www.omsag.de\/?p=11905"},"modified":"2019-01-16T11:36:31","modified_gmt":"2019-01-16T10:36:31","slug":"stavros-aberiadis-uebernimmt-die-innendienstleitung-in-eschborn-personalie","status":"publish","type":"post","link":"https:\/\/www.omsag.de\/proxy\/online-marketing-blog\/pressespiegel\/stavros-aberiadis-uebernimmt-die-innendienstleitung-in-eschborn-personalie\/","title":{"rendered":"Stavros Aberiadis \u00fcbernimmt die Innendienstleitung in Eschborn (Personalie)"},"content":{"rendered":"<p style=\"text-align: left;\">Der Innendienst der Online Marketing Solutions AG in Eschborn steht unter neuer Leitung. Zum 01. August hat Stavros Aberiadis die Position des Chief Operating Officer (COO) \u00fcbernommen und verantwortet daher ab sofort die Steuerung des Kundengesch\u00e4fts bzw. aller operativen Unternehmensbereiche.<\/p>\n<p>Stavros Aberiadis bringt bereits langj\u00e4hrige Berufserfahrung im Business Development sowie umfassende Kenntnisse aus verschiedenen leitenden Vertriebspositionen mit. Dar\u00fcber hinaus lagen seine Schwerpunkte in den vergangenen 15 Jahren auf den Gebieten Human Resources und im Aufbau von Vertriebsstrukturen bzw. \u2013strategien.<\/p>\n<div id=\"attachment_11910\" style=\"width: 160px\" class=\"wp-caption alignnone\"><img loading=\"lazy\" decoding=\"async\" aria-describedby=\"caption-attachment-11910\" class=\"wp-image-11910 size-full\" src=\"https:\/\/www.omsag.de\/proxy\/wp-content\/uploads\/2015\/08\/20150803_omsag.de_Stavros-Aberiadis-Innendienstleitung.jpg\" alt=\"20150803_omsag.de_Stavros Aberiadis Innendienstleitung\" width=\"150\" height=\"200\" \/><p id=\"caption-attachment-11910\" class=\"wp-caption-text\">Stavros Aberiadis, neuer Innendienstleiter bei der OMSAG<\/p><\/div>\n<p>Im Januar 2015 \u00fcbernahm er die Leitung des Bereichs Business Development bei der Online Marketing Solutions AG. Seitdem stellte er ein hohes Ma\u00df an Weitblick f\u00fcr die gesamtunternehmerische Weiterentwicklung der OMSAG sowie ein gutes Gesp\u00fcr f\u00fcr zukunftstr\u00e4chtige Zusammenarbeiten im Branchenumfeld unter Beweis.<\/p>\n","protected":false},"excerpt":{"rendered":"<p>Der Innendienst der Online Marketing Solutions AG in Eschborn steht unter neuer Leitung. Zum 01. August hat Stavros Aberiadis die Position des Chief Operating Officer (COO) \u00fcbernommen und verantwortet daher ab sofort die Steuerung des Kundengesch\u00e4fts bzw. aller operativen Unternehmensbereiche. Stavros Aberiadis bringt bereits langj\u00e4hrige Berufserfahrung im Business Development sowie umfassende Kenntnisse aus verschiedenen leitenden [&hellip;]<\/p>\n","protected":false},"author":46,"featured_media":88223,"comment_status":"open","ping_status":"closed","sticky":false,"template":"","format":"standard","meta":{"content-type":"","footnotes":""},"categories":[132,38,39],"tags":[133],"yoast_head":"<!-- This site is optimized with the Yoast SEO plugin v22.8 - https:\/\/yoast.com\/wordpress\/plugins\/seo\/ -->\n<title>Der Innendienst der OMSAG in Eschborn steht unter neuer Leitung<\/title>\n<meta name=\"description\" content=\"Der Innendienst der Online Marketing Solutions AG in Eschborn steht seit dem 01. August 2015 unter neuer Leitung.\" \/>\n<meta name=\"robots\" content=\"index, follow, max-snippet:-1, max-image-preview:large, max-video-preview:-1\" \/>\n<link rel=\"canonical\" href=\"https:\/\/www.omsag.de\/proxy\/online-marketing-blog\/pressespiegel\/stavros-aberiadis-uebernimmt-die-innendienstleitung-in-eschborn-personalie\/\" \/>\n<meta property=\"og:locale\" content=\"de_DE\" \/>\n<meta property=\"og:type\" content=\"article\" \/>\n<meta property=\"og:title\" content=\"Der Innendienst der OMSAG in Eschborn steht unter neuer Leitung\" \/>\n<meta property=\"og:description\" content=\"Der Innendienst der Online Marketing Solutions AG in Eschborn steht seit dem 01. August 2015 unter neuer Leitung.\" \/>\n<meta property=\"og:url\" content=\"https:\/\/www.omsag.de\/proxy\/online-marketing-blog\/pressespiegel\/stavros-aberiadis-uebernimmt-die-innendienstleitung-in-eschborn-personalie\/\" \/>\n<meta property=\"og:site_name\" content=\"Online Marketing &amp; Suchmaschinenmarketing Agentur OMSAG\" \/>\n<meta property=\"article:publisher\" content=\"https:\/\/www.facebook.com\/Online.Marketing.Solutions.AG\" \/>\n<meta property=\"article:published_time\" content=\"2015-08-03T12:21:06+00:00\" \/>\n<meta property=\"article:modified_time\" content=\"2019-01-16T10:36:31+00:00\" \/>\n<meta property=\"og:image\" content=\"https:\/\/www.omsag.de\/proxy\/wp-content\/uploads\/2015\/06\/Hashtag.png\" \/>\n\t<meta property=\"og:image:width\" content=\"1038\" \/>\n\t<meta property=\"og:image:height\" content=\"598\" \/>\n\t<meta property=\"og:image:type\" content=\"image\/png\" \/>\n<meta name=\"author\" content=\"Presse\" \/>\n<meta name=\"twitter:card\" content=\"summary_large_image\" \/>\n<meta name=\"twitter:label1\" content=\"Verfasst von\" \/>\n\t<meta name=\"twitter:data1\" content=\"Presse\" \/>\n\t<meta name=\"twitter:label2\" content=\"Gesch\u00e4tzte Lesezeit\" \/>\n\t<meta name=\"twitter:data2\" content=\"1\u00a0Minute\" \/>\n<script type=\"application\/ld+json\" class=\"yoast-schema-graph\">{\"@context\":\"https:\/\/schema.org\",\"@graph\":[{\"@type\":\"Article\",\"@id\":\"https:\/\/www.omsag.de\/proxy\/online-marketing-blog\/pressespiegel\/stavros-aberiadis-uebernimmt-die-innendienstleitung-in-eschborn-personalie\/#article\",\"isPartOf\":{\"@id\":\"https:\/\/www.omsag.de\/proxy\/online-marketing-blog\/pressespiegel\/stavros-aberiadis-uebernimmt-die-innendienstleitung-in-eschborn-personalie\/\"},\"author\":{\"name\":\"Presse\",\"@id\":\"https:\/\/www.omsag.de\/proxy\/#\/schema\/person\/beb882437f9d1d6729304201da4c6b8f\"},\"headline\":\"Stavros Aberiadis \u00fcbernimmt die Innendienstleitung in Eschborn (Personalie)\",\"datePublished\":\"2015-08-03T12:21:06+00:00\",\"dateModified\":\"2019-01-16T10:36:31+00:00\",\"mainEntityOfPage\":{\"@id\":\"https:\/\/www.omsag.de\/proxy\/online-marketing-blog\/pressespiegel\/stavros-aberiadis-uebernimmt-die-innendienstleitung-in-eschborn-personalie\/\"},\"wordCount\":147,\"commentCount\":0,\"publisher\":{\"@id\":\"https:\/\/www.omsag.de\/proxy\/#organization\"},\"image\":{\"@id\":\"https:\/\/www.omsag.de\/proxy\/online-marketing-blog\/pressespiegel\/stavros-aberiadis-uebernimmt-die-innendienstleitung-in-eschborn-personalie\/#primaryimage\"},\"thumbnailUrl\":\"https:\/\/www.omsag.de\/proxy\/wp-content\/uploads\/2015\/06\/Hashtag.png\",\"keywords\":[\"investor relations\"],\"articleSection\":[\"Investor Relations\",\"Pressespiegel\",\"Unternehmensnachrichten\"],\"inLanguage\":\"de\",\"potentialAction\":[{\"@type\":\"CommentAction\",\"name\":\"Comment\",\"target\":[\"https:\/\/www.omsag.de\/proxy\/online-marketing-blog\/pressespiegel\/stavros-aberiadis-uebernimmt-die-innendienstleitung-in-eschborn-personalie\/#respond\"]}]},{\"@type\":\"WebPage\",\"@id\":\"https:\/\/www.omsag.de\/proxy\/online-marketing-blog\/pressespiegel\/stavros-aberiadis-uebernimmt-die-innendienstleitung-in-eschborn-personalie\/\",\"url\":\"https:\/\/www.omsag.de\/proxy\/online-marketing-blog\/pressespiegel\/stavros-aberiadis-uebernimmt-die-innendienstleitung-in-eschborn-personalie\/\",\"name\":\"Der Innendienst der OMSAG in Eschborn steht unter neuer Leitung\",\"isPartOf\":{\"@id\":\"https:\/\/www.omsag.de\/proxy\/#website\"},\"primaryImageOfPage\":{\"@id\":\"https:\/\/www.omsag.de\/proxy\/online-marketing-blog\/pressespiegel\/stavros-aberiadis-uebernimmt-die-innendienstleitung-in-eschborn-personalie\/#primaryimage\"},\"image\":{\"@id\":\"https:\/\/www.omsag.de\/proxy\/online-marketing-blog\/pressespiegel\/stavros-aberiadis-uebernimmt-die-innendienstleitung-in-eschborn-personalie\/#primaryimage\"},\"thumbnailUrl\":\"https:\/\/www.omsag.de\/proxy\/wp-content\/uploads\/2015\/06\/Hashtag.png\",\"datePublished\":\"2015-08-03T12:21:06+00:00\",\"dateModified\":\"2019-01-16T10:36:31+00:00\",\"description\":\"Der Innendienst der Online Marketing Solutions AG in Eschborn steht seit dem 01. August 2015 unter neuer Leitung.\",\"breadcrumb\":{\"@id\":\"https:\/\/www.omsag.de\/proxy\/online-marketing-blog\/pressespiegel\/stavros-aberiadis-uebernimmt-die-innendienstleitung-in-eschborn-personalie\/#breadcrumb\"},\"inLanguage\":\"de\",\"potentialAction\":[{\"@type\":\"ReadAction\",\"target\":[\"https:\/\/www.omsag.de\/proxy\/online-marketing-blog\/pressespiegel\/stavros-aberiadis-uebernimmt-die-innendienstleitung-in-eschborn-personalie\/\"]}]},{\"@type\":\"ImageObject\",\"inLanguage\":\"de\",\"@id\":\"https:\/\/www.omsag.de\/proxy\/online-marketing-blog\/pressespiegel\/stavros-aberiadis-uebernimmt-die-innendienstleitung-in-eschborn-personalie\/#primaryimage\",\"url\":\"https:\/\/www.omsag.de\/proxy\/wp-content\/uploads\/2015\/06\/Hashtag.png\",\"contentUrl\":\"https:\/\/www.omsag.de\/proxy\/wp-content\/uploads\/2015\/06\/Hashtag.png\",\"width\":1038,\"height\":598,\"caption\":\"Pressemeldung\"},{\"@type\":\"BreadcrumbList\",\"@id\":\"https:\/\/www.omsag.de\/proxy\/online-marketing-blog\/pressespiegel\/stavros-aberiadis-uebernimmt-die-innendienstleitung-in-eschborn-personalie\/#breadcrumb\",\"itemListElement\":[{\"@type\":\"ListItem\",\"position\":1,\"name\":\"Startseite\",\"item\":\"https:\/\/www.omsag.de\/proxy\/\"},{\"@type\":\"ListItem\",\"position\":2,\"name\":\"Investor Relations\",\"item\":\"https:\/\/www.omsag.de\/proxy\/online-marketing-blog\/investor-relations\/\"},{\"@type\":\"ListItem\",\"position\":3,\"name\":\"Stavros Aberiadis \u00fcbernimmt die Innendienstleitung in Eschborn (Personalie)\"}]},{\"@type\":\"WebSite\",\"@id\":\"https:\/\/www.omsag.de\/proxy\/#website\",\"url\":\"https:\/\/www.omsag.de\/proxy\/\",\"name\":\"Online Marketing & Suchmaschinenmarketing Agentur OMSAG\",\"description\":\"\",\"publisher\":{\"@id\":\"https:\/\/www.omsag.de\/proxy\/#organization\"},\"potentialAction\":[{\"@type\":\"SearchAction\",\"target\":{\"@type\":\"EntryPoint\",\"urlTemplate\":\"https:\/\/www.omsag.de\/proxy\/?s={search_term_string}\"},\"query-input\":\"required name=search_term_string\"}],\"inLanguage\":\"de\"},{\"@type\":\"Organization\",\"@id\":\"https:\/\/www.omsag.de\/proxy\/#organization\",\"name\":\"OMSAG\",\"url\":\"https:\/\/www.omsag.de\/proxy\/\",\"logo\":{\"@type\":\"ImageObject\",\"inLanguage\":\"de\",\"@id\":\"https:\/\/www.omsag.de\/proxy\/#\/schema\/logo\/image\/\",\"url\":\"https:\/\/www.omsag.de\/proxy\/wp-content\/uploads\/2020\/08\/oms-logo-1.jpg\",\"contentUrl\":\"https:\/\/www.omsag.de\/proxy\/wp-content\/uploads\/2020\/08\/oms-logo-1.jpg\",\"width\":500,\"height\":148,\"caption\":\"OMSAG\"},\"image\":{\"@id\":\"https:\/\/www.omsag.de\/proxy\/#\/schema\/logo\/image\/\"},\"sameAs\":[\"https:\/\/www.facebook.com\/Online.Marketing.Solutions.AG\",\"https:\/\/www.instagram.com\/omsag\/\",\"https:\/\/de.linkedin.com\/company\/online-marketing-solutions-ag\"]},{\"@type\":\"Person\",\"@id\":\"https:\/\/www.omsag.de\/proxy\/#\/schema\/person\/beb882437f9d1d6729304201da4c6b8f\",\"name\":\"Presse\",\"description\":\"Die Presseredaktion ver\u00f6ffentlicht alle wichtigen Neuigkeiten rund um das Unternehmen, z. B. zu Produktneuheiten oder -erweiterungen, Personalien, Messeauftritten sowie interessanten OMSAG-Events und neuen Partnerschaften. Dar\u00fcber hinaus erhalten Sie im Pressespiegel eine \u00dcbersicht aller Beitr\u00e4ge aus der \u00f6ffentlichen Berichterstattung \u00fcber die Online Marketing Solutions AG.\",\"sameAs\":[\"https:\/\/www.omsag.de\"],\"url\":\"https:\/\/www.omsag.de\/proxy\/online-marketing-blog\/author\/presseredaktion\/\"}]}<\/script>\n<!-- \/ Yoast SEO plugin. -->","yoast_head_json":{"title":"Der Innendienst der OMSAG in Eschborn steht unter neuer Leitung","description":"Der Innendienst der Online Marketing Solutions AG in Eschborn steht seit dem 01. August 2015 unter neuer Leitung.","robots":{"index":"index","follow":"follow","max-snippet":"max-snippet:-1","max-image-preview":"max-image-preview:large","max-video-preview":"max-video-preview:-1"},"canonical":"https:\/\/www.omsag.de\/proxy\/online-marketing-blog\/pressespiegel\/stavros-aberiadis-uebernimmt-die-innendienstleitung-in-eschborn-personalie\/","og_locale":"de_DE","og_type":"article","og_title":"Der Innendienst der OMSAG in Eschborn steht unter neuer Leitung","og_description":"Der Innendienst der Online Marketing Solutions AG in Eschborn steht seit dem 01. August 2015 unter neuer Leitung.","og_url":"https:\/\/www.omsag.de\/proxy\/online-marketing-blog\/pressespiegel\/stavros-aberiadis-uebernimmt-die-innendienstleitung-in-eschborn-personalie\/","og_site_name":"Online Marketing &amp; Suchmaschinenmarketing Agentur OMSAG","article_publisher":"https:\/\/www.facebook.com\/Online.Marketing.Solutions.AG","article_published_time":"2015-08-03T12:21:06+00:00","article_modified_time":"2019-01-16T10:36:31+00:00","og_image":[{"width":1038,"height":598,"url":"https:\/\/www.omsag.de\/proxy\/wp-content\/uploads\/2015\/06\/Hashtag.png","type":"image\/png"}],"author":"Presse","twitter_card":"summary_large_image","twitter_misc":{"Verfasst von":"Presse","Gesch\u00e4tzte Lesezeit":"1\u00a0Minute"},"schema":{"@context":"https:\/\/schema.org","@graph":[{"@type":"Article","@id":"https:\/\/www.omsag.de\/proxy\/online-marketing-blog\/pressespiegel\/stavros-aberiadis-uebernimmt-die-innendienstleitung-in-eschborn-personalie\/#article","isPartOf":{"@id":"https:\/\/www.omsag.de\/proxy\/online-marketing-blog\/pressespiegel\/stavros-aberiadis-uebernimmt-die-innendienstleitung-in-eschborn-personalie\/"},"author":{"name":"Presse","@id":"https:\/\/www.omsag.de\/proxy\/#\/schema\/person\/beb882437f9d1d6729304201da4c6b8f"},"headline":"Stavros Aberiadis \u00fcbernimmt die Innendienstleitung in Eschborn (Personalie)","datePublished":"2015-08-03T12:21:06+00:00","dateModified":"2019-01-16T10:36:31+00:00","mainEntityOfPage":{"@id":"https:\/\/www.omsag.de\/proxy\/online-marketing-blog\/pressespiegel\/stavros-aberiadis-uebernimmt-die-innendienstleitung-in-eschborn-personalie\/"},"wordCount":147,"commentCount":0,"publisher":{"@id":"https:\/\/www.omsag.de\/proxy\/#organization"},"image":{"@id":"https:\/\/www.omsag.de\/proxy\/online-marketing-blog\/pressespiegel\/stavros-aberiadis-uebernimmt-die-innendienstleitung-in-eschborn-personalie\/#primaryimage"},"thumbnailUrl":"https:\/\/www.omsag.de\/proxy\/wp-content\/uploads\/2015\/06\/Hashtag.png","keywords":["investor relations"],"articleSection":["Investor Relations","Pressespiegel","Unternehmensnachrichten"],"inLanguage":"de","potentialAction":[{"@type":"CommentAction","name":"Comment","target":["https:\/\/www.omsag.de\/proxy\/online-marketing-blog\/pressespiegel\/stavros-aberiadis-uebernimmt-die-innendienstleitung-in-eschborn-personalie\/#respond"]}]},{"@type":"WebPage","@id":"https:\/\/www.omsag.de\/proxy\/online-marketing-blog\/pressespiegel\/stavros-aberiadis-uebernimmt-die-innendienstleitung-in-eschborn-personalie\/","url":"https:\/\/www.omsag.de\/proxy\/online-marketing-blog\/pressespiegel\/stavros-aberiadis-uebernimmt-die-innendienstleitung-in-eschborn-personalie\/","name":"Der Innendienst der OMSAG in Eschborn steht unter neuer Leitung","isPartOf":{"@id":"https:\/\/www.omsag.de\/proxy\/#website"},"primaryImageOfPage":{"@id":"https:\/\/www.omsag.de\/proxy\/online-marketing-blog\/pressespiegel\/stavros-aberiadis-uebernimmt-die-innendienstleitung-in-eschborn-personalie\/#primaryimage"},"image":{"@id":"https:\/\/www.omsag.de\/proxy\/online-marketing-blog\/pressespiegel\/stavros-aberiadis-uebernimmt-die-innendienstleitung-in-eschborn-personalie\/#primaryimage"},"thumbnailUrl":"https:\/\/www.omsag.de\/proxy\/wp-content\/uploads\/2015\/06\/Hashtag.png","datePublished":"2015-08-03T12:21:06+00:00","dateModified":"2019-01-16T10:36:31+00:00","description":"Der Innendienst der Online Marketing Solutions AG in Eschborn steht seit dem 01. August 2015 unter neuer Leitung.","breadcrumb":{"@id":"https:\/\/www.omsag.de\/proxy\/online-marketing-blog\/pressespiegel\/stavros-aberiadis-uebernimmt-die-innendienstleitung-in-eschborn-personalie\/#breadcrumb"},"inLanguage":"de","potentialAction":[{"@type":"ReadAction","target":["https:\/\/www.omsag.de\/proxy\/online-marketing-blog\/pressespiegel\/stavros-aberiadis-uebernimmt-die-innendienstleitung-in-eschborn-personalie\/"]}]},{"@type":"ImageObject","inLanguage":"de","@id":"https:\/\/www.omsag.de\/proxy\/online-marketing-blog\/pressespiegel\/stavros-aberiadis-uebernimmt-die-innendienstleitung-in-eschborn-personalie\/#primaryimage","url":"https:\/\/www.omsag.de\/proxy\/wp-content\/uploads\/2015\/06\/Hashtag.png","contentUrl":"https:\/\/www.omsag.de\/proxy\/wp-content\/uploads\/2015\/06\/Hashtag.png","width":1038,"height":598,"caption":"Pressemeldung"},{"@type":"BreadcrumbList","@id":"https:\/\/www.omsag.de\/proxy\/online-marketing-blog\/pressespiegel\/stavros-aberiadis-uebernimmt-die-innendienstleitung-in-eschborn-personalie\/#breadcrumb","itemListElement":[{"@type":"ListItem","position":1,"name":"Startseite","item":"https:\/\/www.omsag.de\/proxy\/"},{"@type":"ListItem","position":2,"name":"Investor Relations","item":"https:\/\/www.omsag.de\/proxy\/online-marketing-blog\/investor-relations\/"},{"@type":"ListItem","position":3,"name":"Stavros Aberiadis \u00fcbernimmt die Innendienstleitung in Eschborn (Personalie)"}]},{"@type":"WebSite","@id":"https:\/\/www.omsag.de\/proxy\/#website","url":"https:\/\/www.omsag.de\/proxy\/","name":"Online Marketing & Suchmaschinenmarketing Agentur OMSAG","description":"","publisher":{"@id":"https:\/\/www.omsag.de\/proxy\/#organization"},"potentialAction":[{"@type":"SearchAction","target":{"@type":"EntryPoint","urlTemplate":"https:\/\/www.omsag.de\/proxy\/?s={search_term_string}"},"query-input":"required name=search_term_string"}],"inLanguage":"de"},{"@type":"Organization","@id":"https:\/\/www.omsag.de\/proxy\/#organization","name":"OMSAG","url":"https:\/\/www.omsag.de\/proxy\/","logo":{"@type":"ImageObject","inLanguage":"de","@id":"https:\/\/www.omsag.de\/proxy\/#\/schema\/logo\/image\/","url":"https:\/\/www.omsag.de\/proxy\/wp-content\/uploads\/2020\/08\/oms-logo-1.jpg","contentUrl":"https:\/\/www.omsag.de\/proxy\/wp-content\/uploads\/2020\/08\/oms-logo-1.jpg","width":500,"height":148,"caption":"OMSAG"},"image":{"@id":"https:\/\/www.omsag.de\/proxy\/#\/schema\/logo\/image\/"},"sameAs":["https:\/\/www.facebook.com\/Online.Marketing.Solutions.AG","https:\/\/www.instagram.com\/omsag\/","https:\/\/de.linkedin.com\/company\/online-marketing-solutions-ag"]},{"@type":"Person","@id":"https:\/\/www.omsag.de\/proxy\/#\/schema\/person\/beb882437f9d1d6729304201da4c6b8f","name":"Presse","description":"Die Presseredaktion ver\u00f6ffentlicht alle wichtigen Neuigkeiten rund um das Unternehmen, z. B. zu Produktneuheiten oder -erweiterungen, Personalien, Messeauftritten sowie interessanten OMSAG-Events und neuen Partnerschaften. Dar\u00fcber hinaus erhalten Sie im Pressespiegel eine \u00dcbersicht aller Beitr\u00e4ge aus der \u00f6ffentlichen Berichterstattung \u00fcber die Online Marketing Solutions AG.","sameAs":["https:\/\/www.omsag.de"],"url":"https:\/\/www.omsag.de\/proxy\/online-marketing-blog\/author\/presseredaktion\/"}]}},"_links":{"self":[{"href":"https:\/\/www.omsag.de\/proxy\/wp-json\/wp\/v2\/posts\/11905"}],"collection":[{"href":"https:\/\/www.omsag.de\/proxy\/wp-json\/wp\/v2\/posts"}],"about":[{"href":"https:\/\/www.omsag.de\/proxy\/wp-json\/wp\/v2\/types\/post"}],"author":[{"embeddable":true,"href":"https:\/\/www.omsag.de\/proxy\/wp-json\/wp\/v2\/users\/46"}],"replies":[{"embeddable":true,"href":"https:\/\/www.omsag.de\/proxy\/wp-json\/wp\/v2\/comments?post=11905"}],"version-history":[{"count":0,"href":"https:\/\/www.omsag.de\/proxy\/wp-json\/wp\/v2\/posts\/11905\/revisions"}],"wp:featuredmedia":[{"embeddable":true,"href":"https:\/\/www.omsag.de\/proxy\/wp-json\/wp\/v2\/media\/88223"}],"wp:attachment":[{"href":"https:\/\/www.omsag.de\/proxy\/wp-json\/wp\/v2\/media?parent=11905"}],"wp:term":[{"taxonomy":"category","embeddable":true,"href":"https:\/\/www.omsag.de\/proxy\/wp-json\/wp\/v2\/categories?post=11905"},{"taxonomy":"post_tag","embeddable":true,"href":"https:\/\/www.omsag.de\/proxy\/wp-json\/wp\/v2\/tags?post=11905"}],"curies":[{"name":"wp","href":"https:\/\/api.w.org\/{rel}","templated":true}]}}